{"id":9790,"count":2,"description":"","link":"https:\/\/www.infokuryr.cz\/n\/tag\/jaderny-destnik\/","name":"Jadern\u00fd de\u0161tn\u00edk","slug":"jaderny-destnik","taxonomy":"post_tag","meta":[],"_links":{"self":[{"href":"https:\/\/www.infokuryr.cz\/n\/wp-json\/wp\/v2\/tags\/9790"}],"collection":[{"href":"https:\/\/www.infokuryr.cz\/n\/wp-json\/wp\/v2\/tags"}],"about":[{"href":"https:\/\/www.infokuryr.cz\/n\/wp-json\/wp\/v2\/taxonomies\/post_tag"}],"wp:post_type":[{"href":"https:\/\/www.infokuryr.cz\/n\/wp-json\/wp\/v2\/posts?tags=9790"}],"curies":[{"name":"wp","href":"https:\/\/api.w.org\/{rel}","templated":true}]}}