{"id":9640,"count":1,"description":"","link":"https:\/\/www.infokuryr.cz\/n\/tag\/civilni-zarizeni\/","name":"Civiln\u00ed za\u0159\u00edzen\u00ed","slug":"civilni-zarizeni","taxonomy":"post_tag","meta":[],"_links":{"self":[{"href":"https:\/\/www.infokuryr.cz\/n\/wp-json\/wp\/v2\/tags\/9640"}],"collection":[{"href":"https:\/\/www.infokuryr.cz\/n\/wp-json\/wp\/v2\/tags"}],"about":[{"href":"https:\/\/www.infokuryr.cz\/n\/wp-json\/wp\/v2\/taxonomies\/post_tag"}],"wp:post_type":[{"href":"https:\/\/www.infokuryr.cz\/n\/wp-json\/wp\/v2\/posts?tags=9640"}],"curies":[{"name":"wp","href":"https:\/\/api.w.org\/{rel}","templated":true}]}}