{"id":784,"count":3,"description":"","link":"https:\/\/www.infokuryr.cz\/n\/tag\/stinova-vlada\/","name":"St\u00ednov\u00e1 vl\u00e1da","slug":"stinova-vlada","taxonomy":"post_tag","meta":[],"_links":{"self":[{"href":"https:\/\/www.infokuryr.cz\/n\/wp-json\/wp\/v2\/tags\/784"}],"collection":[{"href":"https:\/\/www.infokuryr.cz\/n\/wp-json\/wp\/v2\/tags"}],"about":[{"href":"https:\/\/www.infokuryr.cz\/n\/wp-json\/wp\/v2\/taxonomies\/post_tag"}],"wp:post_type":[{"href":"https:\/\/www.infokuryr.cz\/n\/wp-json\/wp\/v2\/posts?tags=784"}],"curies":[{"name":"wp","href":"https:\/\/api.w.org\/{rel}","templated":true}]}}