{"id":3220,"count":2,"description":"","link":"https:\/\/www.infokuryr.cz\/n\/tag\/vyhlaseni\/","name":"Vyhl\u00e1\u0161en\u00ed","slug":"vyhlaseni","taxonomy":"post_tag","meta":[],"_links":{"self":[{"href":"https:\/\/www.infokuryr.cz\/n\/wp-json\/wp\/v2\/tags\/3220"}],"collection":[{"href":"https:\/\/www.infokuryr.cz\/n\/wp-json\/wp\/v2\/tags"}],"about":[{"href":"https:\/\/www.infokuryr.cz\/n\/wp-json\/wp\/v2\/taxonomies\/post_tag"}],"wp:post_type":[{"href":"https:\/\/www.infokuryr.cz\/n\/wp-json\/wp\/v2\/posts?tags=3220"}],"curies":[{"name":"wp","href":"https:\/\/api.w.org\/{rel}","templated":true}]}}