{"id":2464,"count":11,"description":"","link":"https:\/\/www.infokuryr.cz\/n\/tag\/cerveny-kriz\/","name":"\u010cerven\u00fd k\u0159\u00ed\u017e","slug":"cerveny-kriz","taxonomy":"post_tag","meta":[],"_links":{"self":[{"href":"https:\/\/www.infokuryr.cz\/n\/wp-json\/wp\/v2\/tags\/2464"}],"collection":[{"href":"https:\/\/www.infokuryr.cz\/n\/wp-json\/wp\/v2\/tags"}],"about":[{"href":"https:\/\/www.infokuryr.cz\/n\/wp-json\/wp\/v2\/taxonomies\/post_tag"}],"wp:post_type":[{"href":"https:\/\/www.infokuryr.cz\/n\/wp-json\/wp\/v2\/posts?tags=2464"}],"curies":[{"name":"wp","href":"https:\/\/api.w.org\/{rel}","templated":true}]}}