{"id":99969,"date":"2026-02-20T00:30:50","date_gmt":"2026-02-19T23:30:50","guid":{"rendered":"https:\/\/www.infokuryr.cz\/n\/?p=99969"},"modified":"2026-02-19T16:22:32","modified_gmt":"2026-02-19T15:22:32","slug":"spor-o-dress-code-v-salcburske-restauraci-muslimske-zeny-se-citi-diskriminovany","status":"publish","type":"post","link":"https:\/\/www.infokuryr.cz\/n\/2026\/02\/20\/spor-o-dress-code-v-salcburske-restauraci-muslimske-zeny-se-citi-diskriminovany\/","title":{"rendered":"Spor o dress code v salcbursk\u00e9 restauraci: Muslimsk\u00e9 \u017eeny se c\u00edt\u00ed diskriminov\u00e1ny"},"content":{"rendered":"<div id=\"fb-root\"><\/div>\n<p><strong><span dir=\"auto\">P\u0159\u00edsn\u00fd\u00a0<\/span><a href=\"https:\/\/kurier.at\/chronik\/salzburg\/cool-mama-kopftuchverbot-sky-restaurant-dresscode\/403132611\"><span dir=\"auto\">dress code v restauraci Sky<\/span><\/a><span dir=\"auto\">\u00a0hotelu Cool Mama v sou\u010dasn\u00e9 dob\u011b vyvol\u00e1v\u00e1 bou\u0159liv\u00e9 debaty v Salcburku i mimo n\u011bj. N\u011bkolik muslimsk\u00fdch \u017een je pobou\u0159eno, \u017ee jim byl vstup odep\u0159en kv\u016fli jejich \u0161\u00e1tk\u016fm. Pokr\u00fdvky hlavy jsou v restauraci obecn\u011b zak\u00e1z\u00e1ny. \u017deny se c\u00edt\u00ed diskriminov\u00e1ny, zat\u00edmco hotel poukazuje na jednotn\u00e1 pravidla pro v\u0161echny hosty.<\/span><\/strong><\/p>\n<p><span dir=\"auto\">Podle zpr\u00e1vy v \u201e\u00a0<\/span><a href=\"https:\/\/www.sn.at\/salzburg\/chronik\/kritik-an-salzburger-restaurant-wegen-indirektem-kopftuchverbot-ich-fuehle-mich-diskriminiert-art-635790\"><span dir=\"auto\">Salzburger Nachrichten<\/span><\/a><span dir=\"auto\">\u00a0\u201c cht\u011bla \u017eena oslavit sv\u00e9 narozeniny s rodinou a p\u0159\u00e1teli v restauraci. B\u011bhem telefonick\u00e9 rezervace se jej\u00ed man\u017eel zm\u00ednil, \u017ee nos\u00ed hid\u017e\u00e1b, na\u010de\u017e byla rezervace odm\u00edtnuta. Restaurace se odvolala na sv\u016fj dress code:\u00a0<\/span><strong><span dir=\"auto\">\u201eJak\u00e1koli pokr\u00fdvka hlavy\u201c je zak\u00e1z\u00e1na.<\/span><\/strong><\/p>\n<p><span dir=\"auto\">Muslimsk\u00e1 \u017eena se okam\u017eit\u011b pobou\u0159ila. \u201eTohle nem\u016f\u017ee b\u00fdt pravda,\u201c \u0159ekla m\u00e9di\u00edm. \u201eC\u00edt\u00edm se diskriminovan\u00e1.\u201c Podle sv\u00e9 vlastn\u00ed v\u00fdpov\u011bdi n\u00e1sledn\u011b zanechala na Googlu negativn\u00ed recenzi restaurace, na\u010de\u017e j\u00ed byla vyhro\u017eov\u00e1na \u017ealobou. Nyn\u00ed kontaktovala Komisi pro rovn\u00e9 zach\u00e1zen\u00ed.<\/span><\/p>\n<p><span dir=\"auto\">V posledn\u00edch m\u011bs\u00edc\u00edch \u00fadajn\u011b do\u0161lo k n\u011bkolika podobn\u00fdm incident\u016fm, kdy byl \u017een\u00e1m v \u0161\u00e1tc\u00edch odep\u0159en vstup do restaurace.<\/span><\/p>\n<p><strong><span dir=\"auto\">Na\u00a0<\/span><a href=\"https:\/\/www.coolmama.com\/de\/restaurants\/dresscode-im-restaurant\"><span dir=\"auto\">webov\u00fdch str\u00e1nk\u00e1ch<\/span><\/a><span dir=\"auto\">\u00a0restaurace majitel\u00e9 uv\u00e1d\u011bj\u00ed, \u017ee dress code \u201ev\u00fdznamn\u011b p\u0159isp\u00edv\u00e1 k po\u017eadovan\u00e9 atmosf\u00e9\u0159e a kolektivn\u00ed atmosf\u00e9\u0159e\u201c.<\/span><\/strong><span dir=\"auto\">\u00a0Dal\u0161\u00ed po\u017eadavky na dress code jsou tam uvedeny. Podle webov\u00fdch str\u00e1nek je zak\u00e1z\u00e1no nejen no\u0161en\u00ed pokr\u00fdvek hlavy, ale tak\u00e9:<\/span><\/p>\n<ul>\n<li><span dir=\"auto\">Sportovn\u00ed oble\u010den\u00ed, zejm\u00e9na tepl\u00e1kov\u00e9 soupravy, kalhoty na b\u011bh\u00e1n\u00ed a tri\u010dka s kapuc\u00ed<\/span><\/li>\n<li><span dir=\"auto\">Volno\u010dasov\u00e9 kra\u0165asy, plavky, pracovn\u00ed od\u011bvy (nap\u0159. stavebn\u00ed oble\u010den\u00ed, mont\u00e9rky\u2026)<\/span><\/li>\n<li><span dir=\"auto\">Hotelov\u00e9 pantofle, \u017eabky a podobn\u00e9 v\u00fdrobky<\/span><\/li>\n<li><span dir=\"auto\">Zanedban\u00e9, neudr\u017eovan\u00e9 nebo vybledl\u00e9 oble\u010den\u00ed\/boty<\/span><\/li>\n<li><span dir=\"auto\">Tradi\u010dn\u00ed rozlu\u010dky se svobodou<\/span><\/li>\n<li><span dir=\"auto\">Vn\u00e1\u0161en\u00ed jak\u00e9hokoli j\u00eddla a pit\u00ed, bal\u00f3nk\u016f a prskavek je zak\u00e1z\u00e1no.<\/span><\/li>\n<li><span dir=\"auto\">Fotografov\u00e1n\u00ed a nat\u00e1\u010den\u00ed videa pro komer\u010dn\u00ed \u00fa\u010dely bez p\u0159edchoz\u00edho p\u00edsemn\u00e9ho souhlasu veden\u00ed hotelu (bez v\u00fdjimky)<\/span><\/li>\n<li><span dir=\"auto\">dom\u00e1c\u00ed mazl\u00ed\u010dci<\/span><\/li>\n<\/ul>\n<p><span dir=\"auto\">Z\u00e1kazy jsou ozna\u010deny p\u0159e\u0161krtnut\u00fdmi symboly a odkazuje se tak\u00e9 na z\u00e1kaz zakr\u00fdv\u00e1n\u00ed obli\u010deje, kter\u00fd v Rakousku plat\u00ed od 1. \u0159\u00edjna 2017. Tento z\u00e1kaz stanov\u00ed, \u017ee zakr\u00fdv\u00e1n\u00ed nebo skr\u00fdv\u00e1n\u00ed rys\u016f obli\u010deje na ve\u0159ejn\u00fdch m\u00edstech nebo ve ve\u0159ejn\u00fdch budov\u00e1ch je zak\u00e1z\u00e1no.<\/span><\/p>\n<h3 id=\"h-restaurant-halt-fest-gleiche-regeln-fur-alle\" class=\"wp-block-heading\"><span dir=\"auto\">Restaurace uv\u00e1d\u00ed: Stejn\u00e1 pravidla pro v\u0161echny<\/span><\/h3>\n<p><span dir=\"auto\">V reakci na dotaz veden\u00ed vysv\u011btlilo: \u201eNa \u017e\u00e1dost na\u0161ich host\u016f jsme v pr\u016fb\u011bhu let vypracovali intern\u00ed pravidla, kter\u00e1 zahrnuj\u00ed i \u200b\u200bdress code pro hosty restaurace Sky.\u201c Pokra\u010dovali:\u00a0<\/span><strong><span dir=\"auto\">\u201eTato pravidla plat\u00ed bez v\u00fdjimky pro v\u0161echny hosty bez ohledu na jejich p\u016fvod, n\u00e1bo\u017eenskou p\u0159\u00edslu\u0161nost nebo etnickou p\u0159\u00edslu\u0161nost. Toto striktn\u00ed dodr\u017eov\u00e1n\u00ed pravidel zaji\u0161\u0165uje realizaci na\u0161eho gastronomick\u00e9ho konceptu.\u201c<\/span><\/strong><span dir=\"auto\">\u00a0Diskuse vznikly pouze v ojedin\u011bl\u00fdch p\u0159\u00edpadech. V takov\u00fdch p\u0159\u00edpadech byla pravidla host\u016fm vysv\u011btlena a ti je n\u00e1sledn\u011b p\u0159ijali.\u00a0<\/span><\/p>\n<p><span dir=\"auto\">Sou\u010dasn\u00e1 kontroverze kolem z\u00e1kazu pokr\u00fdvek hlavy v restaurac\u00edch poukazuje na hlub\u0161\u00ed spole\u010densk\u00fd posun. D\u0159\u00edve byly takov\u00e9to dress code v luxusn\u00edch restaurac\u00edch, hotelech nebo na spole\u010densk\u00fdch akc\u00edch pova\u017eov\u00e1ny za naprosto norm\u00e1ln\u00ed, stejn\u011b jako zdvo\u0159ilost a decentnost. Dnes jsou takov\u00e1 pravidla ignorov\u00e1na nebo dokonce vyvol\u00e1vaj\u00ed pobou\u0159en\u00ed a odpor \u2013 zejm\u00e9na kdy\u017e se st\u0159et\u00e1vaj\u00ed s individu\u00e1ln\u00edm nebo n\u00e1bo\u017eensk\u00fdm p\u0159esv\u011bd\u010den\u00edm. A nen\u00ed to v\u017edy tat\u00e1\u017e skupina lid\u00ed, kte\u0159\u00ed po\u017eaduj\u00ed zvl\u00e1\u0161tn\u00ed zach\u00e1zen\u00ed a k\u0159i\u010d\u00ed \u201ediskriminace!\u201c, m\u00edsto aby se prost\u011b \u0159\u00eddili pravidly jako v\u0161ichni ostatn\u00ed?<\/span><\/p>\n<p><img decoding=\"async\" loading=\"lazy\" class=\"alignnone size-full wp-image-1185\" src=\"http:\/\/www.infokuryr.cz\/n\/wp-content\/uploads\/2021\/04\/kuryr-podpis.png\" alt=\"\" width=\"84\" height=\"24\" \/><\/p>\n<p>&nbsp;<\/p>\n","protected":false},"excerpt":{"rendered":"<p>P\u0159\u00edsn\u00fd\u00a0dress code v restauraci Sky\u00a0hotelu Cool Mama v sou\u010dasn\u00e9 dob\u011b vyvol\u00e1v\u00e1 bou\u0159liv\u00e9 debaty v Salcburku&#8230;<\/p>\n","protected":false},"author":2,"featured_media":99970,"comment_status":"closed","ping_status":"closed","sticky":false,"template":"","format":"standard","meta":[],"categories":[7],"tags":[10626,1503,2517,120],"_links":{"self":[{"href":"https:\/\/www.infokuryr.cz\/n\/wp-json\/wp\/v2\/posts\/99969"}],"collection":[{"href":"https:\/\/www.infokuryr.cz\/n\/wp-json\/wp\/v2\/posts"}],"about":[{"href":"https:\/\/www.infokuryr.cz\/n\/wp-json\/wp\/v2\/types\/post"}],"author":[{"embeddable":true,"href":"https:\/\/www.infokuryr.cz\/n\/wp-json\/wp\/v2\/users\/2"}],"replies":[{"embeddable":true,"href":"https:\/\/www.infokuryr.cz\/n\/wp-json\/wp\/v2\/comments?post=99969"}],"version-history":[{"count":0,"href":"https:\/\/www.infokuryr.cz\/n\/wp-json\/wp\/v2\/posts\/99969\/revisions"}],"wp:featuredmedia":[{"embeddable":true,"href":"https:\/\/www.infokuryr.cz\/n\/wp-json\/wp\/v2\/media\/99970"}],"wp:attachment":[{"href":"https:\/\/www.infokuryr.cz\/n\/wp-json\/wp\/v2\/media?parent=99969"}],"wp:term":[{"taxonomy":"category","embeddable":true,"href":"https:\/\/www.infokuryr.cz\/n\/wp-json\/wp\/v2\/categories?post=99969"},{"taxonomy":"post_tag","embeddable":true,"href":"https:\/\/www.infokuryr.cz\/n\/wp-json\/wp\/v2\/tags?post=99969"}],"curies":[{"name":"wp","href":"https:\/\/api.w.org\/{rel}","templated":true}]}}