{"id":99961,"date":"2026-02-20T00:22:44","date_gmt":"2026-02-19T23:22:44","guid":{"rendered":"https:\/\/www.infokuryr.cz\/n\/?p=99961"},"modified":"2026-02-19T13:30:57","modified_gmt":"2026-02-19T12:30:57","slug":"jiri-paroubek-prezident-zbrojaru","status":"publish","type":"post","link":"https:\/\/www.infokuryr.cz\/n\/2026\/02\/20\/jiri-paroubek-prezident-zbrojaru\/","title":{"rendered":"Ji\u0159\u00ed Paroubek: Prezident zbroja\u0159\u016f&#8230;"},"content":{"rendered":"<div id=\"fb-root\"><\/div>\n<p><strong>Jak jsem se do\u010detl v denn\u00edm tisku, prezident Pavel sd\u011blil, \u017ee nepodep\u00ed\u0161e z\u00e1kon o st\u00e1tn\u00edm rozpo\u010dtu na rok 2026. Tedy, pokud v n\u011bm oproti p\u016fvodn\u00edmu n\u00e1vrhu rozpo\u010dtu z pera a hlav \u010dlen\u016f Fialovy vl\u00e1dy budou vojensk\u00e9 v\u00fddaje o 21 miliard korun ni\u017e\u0161\u00ed. Je to jist\u00e1 nesoudnost, kterou pan prezident projevuje. A cht\u011bl bych p\u0159ipomenout, \u017ee je\u0161t\u011b p\u0159ed 10 lety rozpo\u010det ministerstva obrany dosahoval v\u00fd\u0161e necel\u00fdch 50 miliard K\u010d. A pravideln\u011b nebyl do\u010derp\u00e1v\u00e1n. Nyn\u00ed je trojn\u00e1sobn\u011b vy\u0161\u0161\u00ed a n\u011bkter\u00fdm bojechtiv\u00fdm politik\u016fm v Praze, v Bruselu a ve Washingtonu se to zd\u00e1 b\u00fdt st\u00e1le m\u00e1lo.<\/strong><\/p>\n<p style=\"font-weight: 400;\">M\u011bli bychom m\u00edt, p\u0159i zbrojn\u00edch v\u00fddaj\u00edch na \u00farovni 5 % HDP, podle\u00a0 nich, zbrojn\u00ed a souvisej\u00edc\u00ed v\u00fddaje\u00a0 cca 400 miliard korun.\u00a0 Je pravda,\u00a0 \u017ee ur\u010ditou \u010d\u00e1st t\u00e9to sumy maj\u00ed b\u00fdt v\u00fddaje ur\u010den\u00e9 na rozvoj infrastruktury souvisej\u00edc\u00ed s posilov\u00e1n\u00edm bojeschopnosti\u00a0 st\u00e1tu. Ale i tak by tyto souvisej\u00edc\u00ed v\u00fddaje\u00a0 velmi pravd\u011bpodobn\u011b nebyly za norm\u00e1ln\u00edch okolnost\u00ed vynalo\u017eeny. Nebo\u0165 lid\u00e9 poci\u0165uj\u00ed jako mnohem d\u016fle\u017eit\u011bj\u0161\u00ed, ne\u017eli stav\u011bt nap\u0159. mosty, je\u017e budou m\u00edt dostate\u010dnou nosnost pro t\u011b\u017ek\u00e9 n\u011bmeck\u00e9 tanky Leopard, vynalo\u017eit pen\u00edze st\u00e1tu do rozvoje zdravotnictv\u00ed, \u0161kolstv\u00ed, v\u011bdy a v\u00fdzkumu, \u010di kultury. Anebo na rozvoj opravdu pot\u0159ebn\u00e9 infrastruktury, jako jsou d\u00e1lnice \u010di rychlostn\u00ed \u017eeleznice.<\/p>\n<p style=\"font-weight: 400;\">\u00a0Z tohoto hlediska je rozhodnut\u00ed na\u0161eho IQ 107 z Hradu naprosto nep\u0159ijateln\u00e9. A mysl\u00edm, \u017ee bychom m\u011bli sv\u00fdm, st\u00e1le je\u0161t\u011b osobou Petra Pavla poblouzn\u011bn\u00fdm, spoluob\u010dan\u016fm,\u00a0\u00a0kte\u0159\u00ed vn\u00edmaj\u00ed tohoto v r\u00e1mci b\u00fdval\u00e9ho re\u017eimu \u0161kolen\u00e9ho rozv\u011bd\u010d\u00edka, jako reinkarnaci prezidenta Masaryka , \u017ee to tak nen\u00ed. Prezident Pavel sice m\u00e1 kr\u00e1snou bradku a i jinak vypad\u00e1 velmi sexy. Ale \u017e\u00e1dn\u00fd TGM to nen\u00ed&#8230;<\/p>\n<p style=\"font-weight: 400;\">V t\u011bchto dnech jsem si tak\u00e9 vyslechl jeden z dal\u0161\u00edch du\u0161evn\u00edch v\u00fdron\u016f pana prezidenta, kter\u00fdm se postavil proti perspektivn\u011b vzd\u00e1len\u00e9mu kon\u00e1n\u00ed Olympijsk\u00fdch her v na\u0161\u00ed zemi. Tuto sm\u011blou mo\u017enost, tedy po\u0159\u00e1dat v \u010cesku Olympijsk\u00e9 hry, zm\u00ednil v r\u00e1mci sv\u00e9 vysok\u00e9 agility, vypl\u00fdvaj\u00edc\u00ed z nov\u011b z\u00edskan\u00e9ho \u00fa\u0159adu, ministr pro sport Boris \u0160\u0165astn\u00fd. Osobn\u011b si mysl\u00edm, \u017ee tato my\u0161lenka stoj\u00ed za \u00favahu, nebo\u0165 by se hodila k modern\u00ed zemi. Tedy, ke skute\u010dn\u011b modern\u00ed zemi. Ano, vybudov\u00e1n\u00ed sportovi\u0161\u0165 a pot\u0159ebn\u00e9 infrastruktury zejm\u00e9na v oblasti dopravy by st\u00e1lo des\u00edtky miliard korun.<\/p>\n<p style=\"font-weight: 400;\">Ale des\u00edtky miliard korun, vlastn\u011b promi\u0148te, stamiliardy korun n\u00e1s budou st\u00e1t tak\u00e9 \u00fapln\u011b zbyte\u010dn\u00e9 st\u00edha\u010dky F-35 dodan\u00e9 od americk\u00fdch zbroja\u0159sk\u00fdch koncern\u016f. Budeme platit jako mourovat\u00ed z\u00e1lohy\u00a0\u00a0(\u010d\u00e1st jsme u\u017e zaplatili), abychom se mohli t\u011b\u0161it, \u017ee za 10 let dostaneme prvn\u00ed stroje. No, aspo\u0148 nebudou b\u011bhem t\u011bch 10 let po\u0161kozeny, \u017ee&#8230;. Probl\u00e9m je, \u017ee za 10 let F-35 u\u017e budou trochu obstaro\u017en\u00ed a \u017ee \u010c\u00ed\u0148an\u00e9, ale t\u0159eba i Rusov\u00e9, budou m\u00edt novou generaci st\u00edha\u010dek a letadel. Tak\u017ee pan prezident v\u00edt\u00e1 zvy\u0161ov\u00e1n\u00ed vojensk\u00fdch v\u00fddaj\u016f \u0159\u00e1dov\u011b ka\u017edoro\u010dn\u011b o des\u00edtky miliard korun, ale vadilo by mu po\u0159\u00e1dat u n\u00e1s Olympijsk\u00e9 hry. Ty by samoz\u0159ejm\u011b znamenaly povznesen\u00ed na\u0161\u00ed zem\u011b.<\/p>\n<p style=\"font-weight: 400;\">A toto povznesen\u00ed po v\u0161ech str\u00e1nk\u00e1ch koneckonc\u016f by nebylo nezaj\u00edmav\u00e9. S t\u00edm souvis\u00ed i my\u0161lenka budovat urychlen\u011b pot\u0159ebnou dopravn\u00ed infrastrukturu. Zd\u016fraz\u0148uji pot\u0159ebnou. To znamen\u00e1 nov\u00e9 d\u00e1lnice a rychlostn\u00ed \u017eeleznice v prvn\u00ed \u0159ad\u011b. A teprve pak a\u017e fortifikovat mosty a m\u016fstky pro to, aby mohli p\u0159es n\u011b p\u0159ej\u00ed\u017ed\u011bt pon\u011bkud robustn\u00ed a t\u011b\u017ek\u00e9 tanky Leopard. Samoz\u0159ejm\u011b,\u00a0\u00a0\u017ee by Olympijsk\u00e9 hry znamenaly i velk\u00fd z\u00e1sah do \u017eivota \u010desk\u00e9 ml\u00e1de\u017ee a cel\u00e9ho n\u00e1roda.\u00a0\u00a0Pokud jde o ml\u00e1de\u017e, my p\u0159ece pot\u0159ebujeme, abychom mlad\u00e9 lidi p\u0159im\u011bli k pohybu. Aby m\u011bli v\u00edce pohybu, aby m\u011bli v\u00edce cti\u017e\u00e1dosti d\u011blat sport. A b\u00fdt ve sportu \u00fasp\u011b\u0161n\u00ed, abychom m\u011bli nov\u00e9 Z\u00e1topky a nov\u00e9 \u010c\u00e1slavsk\u00e9. A t\u0159eba tak\u00e9 nov\u00e9 Katky Neumannov\u00e9 anebo Ester Ledeck\u00e9. To v\u0161e bychom pot\u0159ebovali ke zlep\u0161en\u00ed b\u00eddn\u00e9ho zdravotn\u00edho stavu \u010desk\u00e9ho obyvatelstva ve v\u0161ech generac\u00edch. Samoz\u0159ejm\u011b, \u017ee p\u0159\u00ednos Olympijsk\u00fdch her v na\u0161\u00ed zemi by byl tak\u00e9 n\u00e1rodospod\u00e1\u0159sk\u00fd.<\/p>\n<p style=\"font-weight: 400;\">Nebyl by to jenom jednor\u00e1zov\u00fd p\u0159\u00edjem st\u00e1tu, firem a jejich zam\u011bstnanc\u016f v dob\u011b kon\u00e1n\u00ed Olympijsk\u00fdch her a v roce jejich kon\u00e1n\u00ed.\u00a0\u00a0Ale sportovi\u0161t\u011b, kter\u00e1 bychom vybudovali, by mohla slou\u017eit pro po\u0159\u00e1d\u00e1n\u00ed akc\u00ed celosv\u011btov\u00e9ho nebo celoevropsk\u00e9ho v\u00fdznamu, tedy mistrovstv\u00ed sv\u011bta a mistrovstv\u00ed Evropy v nejr\u016fzn\u011bj\u0161\u00edch sportech. Centr\u00e1ln\u00ed poloha republiky a Prahy v Evrop\u011b p\u0159edur\u010duje na\u0161\u00ed zemi k tomu, abychom byli \u00fasp\u011b\u0161n\u00ed p\u0159i z\u00edsk\u00e1v\u00e1n\u00ed t\u011bchto sportovn\u00edch akc\u00ed.<\/p>\n<p style=\"font-weight: 400;\">Tohle v\u0161echno samoz\u0159ejm\u011b zelen\u00fd mozek bez vize nem\u016f\u017ee pochopit. Zejm\u00e9na pak takov\u00fd zelen\u00fd mozek, kter\u00fd je zainteresov\u00e1n na tom, aby zahrani\u010dn\u00ed zbroja\u0159i nestr\u00e1dali finan\u010dn\u011b. Ale co je n\u00e1m do zahrani\u010dn\u00edch zbroja\u0159\u016f? My bychom m\u011bli hledat p\u0159edev\u0161\u00edm sv\u016fj n\u00e1rodn\u00ed z\u00e1jem a ten ur\u010dit\u011b nen\u00ed v tom, abychom nakupovali p\u0159edra\u017een\u00e9 zbran\u011b. Ale nen\u00ed ani v tom, aby v \u010dele st\u00e1tu st\u00e1l \u010dlov\u011bk, jen\u017e si nedok\u00e1\u017ee p\u0159edstavit nic jin\u00e9ho ne\u017eli jak utr\u00e1cet velk\u00e9 pen\u00edze poch\u00e1zej\u00edc\u00ed z dan\u00ed lid\u00ed za zbran\u011b a zbra\u0148ov\u00e9 syst\u00e9my. Ty, kdy\u017e jsou dod\u00e1ny, co\u017e pln\u011b plat\u00ed pro st\u00edha\u010dky T-35, tak ji\u017e budou zastaral\u00e9 a m\u016f\u017eeme pak zase vyu\u017e\u00edt nab\u00eddku n\u011bjak\u00e9 ochotn\u00e9 zbroja\u0159sk\u00e9 firmy n\u00e1s vybavit nov\u00fdmi stroji. Pokud jde o m\u011b, d\u00e1val bych p\u0159ednost tomu, abychom zde za n\u011bjak\u00fdch 15 a\u017e 20 let byli schopni uspo\u0159\u00e1dat Olympijsk\u00e9 hry. To m\u00e1 v\u011bt\u0161\u00ed v\u00fdznam pro n\u00e1rod a v\u00edc\u00a0\u00a0to respektuje n\u00e1rodn\u00ed z\u00e1jem ne\u017e n\u00e1kupy zbrojn\u00edho \u0161rotu, kter\u00fd je\u0161t\u011b ke v\u0161emu je p\u0159edra\u017een\u00fd.<\/p>\n<p><a href=\"https:\/\/vasevec.info\/domaci-politika\/prezident-zbrojaru\">Ji\u0159\u00ed Paroubek<\/a><\/p>\n<p><img decoding=\"async\" loading=\"lazy\" class=\"alignnone size-medium wp-image-2342\" src=\"http:\/\/www.infokuryr.cz\/n\/wp-content\/uploads\/2021\/06\/paroubek-300x208.jpg\" alt=\"\" width=\"300\" height=\"208\" srcset=\"https:\/\/www.infokuryr.cz\/n\/wp-content\/uploads\/2021\/06\/paroubek-300x208.jpg 300w, https:\/\/www.infokuryr.cz\/n\/wp-content\/uploads\/2021\/06\/paroubek.jpg 318w\" sizes=\"(max-width: 300px) 100vw, 300px\" \/><\/p>\n<p>&nbsp;<\/p>\n","protected":false},"excerpt":{"rendered":"<p>Jak jsem se do\u010detl v denn\u00edm tisku, prezident Pavel sd\u011blil, \u017ee nepodep\u00ed\u0161e z\u00e1kon o st\u00e1tn\u00edm&#8230;<\/p>\n","protected":false},"author":2,"featured_media":12236,"comment_status":"closed","ping_status":"closed","sticky":false,"template":"","format":"standard","meta":[],"categories":[6],"tags":[1503,1173,7487],"_links":{"self":[{"href":"https:\/\/www.infokuryr.cz\/n\/wp-json\/wp\/v2\/posts\/99961"}],"collection":[{"href":"https:\/\/www.infokuryr.cz\/n\/wp-json\/wp\/v2\/posts"}],"about":[{"href":"https:\/\/www.infokuryr.cz\/n\/wp-json\/wp\/v2\/types\/post"}],"author":[{"embeddable":true,"href":"https:\/\/www.infokuryr.cz\/n\/wp-json\/wp\/v2\/users\/2"}],"replies":[{"embeddable":true,"href":"https:\/\/www.infokuryr.cz\/n\/wp-json\/wp\/v2\/comments?post=99961"}],"version-history":[{"count":0,"href":"https:\/\/www.infokuryr.cz\/n\/wp-json\/wp\/v2\/posts\/99961\/revisions"}],"wp:featuredmedia":[{"embeddable":true,"href":"https:\/\/www.infokuryr.cz\/n\/wp-json\/wp\/v2\/media\/12236"}],"wp:attachment":[{"href":"https:\/\/www.infokuryr.cz\/n\/wp-json\/wp\/v2\/media?parent=99961"}],"wp:term":[{"taxonomy":"category","embeddable":true,"href":"https:\/\/www.infokuryr.cz\/n\/wp-json\/wp\/v2\/categories?post=99961"},{"taxonomy":"post_tag","embeddable":true,"href":"https:\/\/www.infokuryr.cz\/n\/wp-json\/wp\/v2\/tags?post=99961"}],"curies":[{"name":"wp","href":"https:\/\/api.w.org\/{rel}","templated":true}]}}