{"id":99954,"date":"2026-02-20T00:24:20","date_gmt":"2026-02-19T23:24:20","guid":{"rendered":"https:\/\/www.infokuryr.cz\/n\/?p=99954"},"modified":"2026-02-19T12:51:38","modified_gmt":"2026-02-19T11:51:38","slug":"zatimco-se-spanelsko-pripravuje-na-legalizaci-az-13-milionu-migrantu-dva-brutalni-zlociny-zduraznuji-cenu-otevrenych-hranic","status":"publish","type":"post","link":"https:\/\/www.infokuryr.cz\/n\/2026\/02\/20\/zatimco-se-spanelsko-pripravuje-na-legalizaci-az-13-milionu-migrantu-dva-brutalni-zlociny-zduraznuji-cenu-otevrenych-hranic\/","title":{"rendered":"Zat\u00edmco se \u0160pan\u011blsko p\u0159ipravuje na legalizaci a\u017e 1,3 milionu migrant\u016f, dva brut\u00e1ln\u00ed zlo\u010diny zd\u016fraz\u0148uj\u00ed cenu otev\u0159en\u00fdch hranic"},"content":{"rendered":"<div id=\"fb-root\"><\/div>\n<h3 class=\"s-tagline fw-tagline\"><span dir=\"auto\">Al\u017e\u00edrsk\u00fd pachatel \u00fadajn\u011b pod\u0159\u00edzl hrdlo dvan\u00e1ctilet\u00e9 hluchoslep\u00e9 d\u00edvce a tak\u00e9 jej\u00ed matce<\/span><\/h3>\n<p><span dir=\"auto\">Dva tragick\u00e9 p\u0159\u00edpady zd\u016fraz\u0148uj\u00ed znepokojiv\u00fd vzorec genderov\u011b podm\u00edn\u011bn\u00e9ho n\u00e1sil\u00ed, kter\u00e9 ve \u0160pan\u011blsku znovu rozpoutalo bou\u0159livou n\u00e1rodn\u00ed diskusi. Oba incidenty se t\u00fdkaj\u00ed ciz\u00edch st\u00e1tn\u00edch p\u0159\u00edslu\u0161n\u00edk\u016f \u2013 Al\u017e\u00ed\u0159ana v Xilxes ve Valencii a Maro\u010dana v Calelle v Barcelon\u011b \u2013 a odehr\u00e1vaj\u00ed se na pozad\u00ed unikl\u00e9 policejn\u00ed zpr\u00e1vy, kter\u00e1 nazna\u010duje bezprost\u0159edn\u00ed legalizaci zhruba 1,3 milionu neleg\u00e1ln\u00edch migrant\u016f.<\/span><\/p>\n<p><span dir=\"auto\">V Xilxes komunita truchl\u00ed nad \u017eenou a jej\u00edm dvan\u00e1ctilet\u00fdm d\u00edt\u011btem pot\u00e9, co civiln\u00ed garda zatkla jej\u00edho 39let\u00e9ho al\u017e\u00edrsk\u00e9ho man\u017eela za poru\u0161en\u00ed z\u00e1kazu styku. Policie se domn\u00edv\u00e1, \u017ee jim ob\u011btem pod\u0159\u00edzl hrdlo. Podle vy\u0161et\u0159ovac\u00edch zdroj\u016f pat\u0159ily ob\u011bti do rodiny nesly\u0161\u00edc\u00edch, kter\u00e1 je ve m\u011bst\u011b dob\u0159e zn\u00e1m\u00e1, uv\u00e1d\u00ed\u00a0<\/span><a href=\"https:\/\/www.diariodesevilla.es\/sociedad\/detenido-marido-mujer-asesinada-xilxes_0_2005938727.html\"><span dir=\"auto\">Diario de Sevilla<\/span><\/a><span dir=\"auto\">\u00a0.<\/span><\/p>\n<p><span dir=\"auto\">\u017dena byla ji\u017e integrov\u00e1na do syst\u00e9mu Viogen, specializovan\u00e9 s\u00edt\u011b pro sledov\u00e1n\u00ed genderov\u011b podm\u00edn\u011bn\u00e9ho n\u00e1sil\u00ed, kde byla jej\u00ed situace ned\u00e1vno vyhodnocena jako \u201est\u0159edn\u011b rizikov\u00e1\u201c.<\/span><\/p>\n<p><span dir=\"auto\">Podez\u0159el\u00e9mu byl vyd\u00e1n soudn\u00ed z\u00e1kaz styku, kter\u00fd m\u011bl platit do roku 2027, a to po p\u0159edchoz\u00edm zat\u010den\u00ed za sexistick\u00e9 n\u00e1sil\u00ed v lo\u0148sk\u00e9m roce. Justi\u010dn\u00ed policie nyn\u00ed pracuje na objasn\u011bn\u00ed, jak se podez\u0159el\u00e9mu poda\u0159ilo obej\u00edt z\u00e1konnou ochranu a sp\u00e1chat zjevn\u011b dvojn\u00e1sobn\u00fd trestn\u00fd \u010din.<\/span><\/p>\n<h2 id=\"attack-in-barcelona\" class=\"rb-heading-index-0-157976 wp-block-heading\"><span dir=\"auto\">\u00datok v Barcelon\u011b<\/span><\/h2>\n<p><span dir=\"auto\">Podobn\u011b byl v Calelle zat\u010den 24let\u00fd Maro\u010dan po brut\u00e1ln\u00edm \u00fatoku, p\u0159i kter\u00e9m jeho partnerka zem\u0159ela na mozku a jej\u00ed matka byla v kritick\u00e9m stavu. Mu\u017e \u00fadajn\u011b tup\u00fdm p\u0159edm\u011btem rozdrtil dce\u0159i lebku, \u010d\u00edm\u017e ji nechal v mozkov\u00e9 smrti.<\/span><\/p>\n<p><a href=\"https:\/\/gaceta.es\/espana\/detenido-en-alicante-un-marroqui-tras-dejar-en-muerte-cerebral-a-su-pareja-y-en-estado-critico-a-su-suegra-en-calella-barcelona-20260216-1846\/\"><span dir=\"auto\">\u00dadajn\u00fd pachatel byl podle den\u00edku La Gaceta<\/span><\/a><span dir=\"auto\">\u00a0n\u011bkolik t\u00fddn\u016f na \u00fat\u011bku, ne\u017e byl kone\u010dn\u011b nalezen v Onilu pot\u00e9, co na n\u011bj krimin\u00e1ln\u00ed vy\u0161et\u0159ovac\u00ed odd\u011blen\u00ed vydalo zatyka\u010d pro dvojn\u00e1sobn\u00fd pokus o vra\u017edu\u00a0.<\/span><\/p>\n<p><span dir=\"auto\">Ud\u00e1losti vyvolaly v oblasti siln\u00fd spole\u010densk\u00fd poplach, soused\u00e9 hl\u00e1sili extr\u00e9mn\u00ed n\u00e1sil\u00ed \u00fatoku.<\/span><\/p>\n<p><span dir=\"auto\">Policii se ho nakonec poda\u0159ilo identifikovat a zatknout, kdy\u017e si ov\u011b\u0159ila, \u017ee m\u00e1 platn\u00fd soudn\u00ed p\u0159\u00edkaz, co\u017e odhalilo dal\u0161\u00ed p\u0159\u00edpad, kdy se podez\u0159el\u00fd se zn\u00e1mou trestn\u00ed minulost\u00ed dopustil extr\u00e9mn\u00edho n\u00e1sil\u00ed.<\/span><\/p>\n<h2 id=\"13-million-illegal-migrants-could-be-legalized\" class=\"rb-heading-index-1-157976 wp-block-heading\"><span dir=\"auto\">1,3 milionu neleg\u00e1ln\u00edch migrant\u016f by mohlo b\u00fdt legalizov\u00e1no<\/span><\/h2>\n<p><span dir=\"auto\">Tyto typy p\u0159\u00edpad\u016f se staly \u00fast\u0159edn\u00edm bodem v\u00e1\u0161niv\u00e9 n\u00e1rodn\u00ed debaty ve \u0160pan\u011blsku po unikl\u00e9 policejn\u00ed zpr\u00e1v\u011b t\u00fdkaj\u00edc\u00ed se legalizace a\u017e 1,3 milionu migrant\u016f. Zat\u00edmco vl\u00e1da ofici\u00e1ln\u011b\u00a0<\/span><a href=\"https:\/\/rmx.news\/article\/spanish-nationalists-rage-as-socialist-sanchez-agrees-mass-amnesty-for-500000-illegal-immigrants-by-royal-decree-bypassing-parliament\/\"><span dir=\"auto\">odhadovala, \u017ee z nov\u00e9ho regulariza\u010dn\u00edho na\u0159\u00edzen\u00ed by m\u011blo prosp\u011bch 500 000 lid\u00ed<\/span><\/a><span dir=\"auto\">\u00a0, d\u016fv\u011brn\u00e1 anal\u00fdza rizik N\u00e1rodn\u00edho centra pro imigraci a hranice (CNIF) nazna\u010duje, \u017ee toto \u010d\u00edslo by mohlo b\u00fdt v\u00edce ne\u017e dvojn\u00e1sobn\u00e9.<\/span><\/p>\n<p><span dir=\"auto\">Tyto incidenty poskytly politickou munici t\u011bm, kte\u0159\u00ed kritizuj\u00ed pl\u00e1n masov\u00e9 regularizace popsan\u00fd v unikl\u00e9m policejn\u00edm dokumentu. Odp\u016frci tvrd\u00ed, \u017ee \u010d\u00edslo 1,3 milionu, kter\u00e9 zahrnuje zhruba 250 000 a\u017e 350 000 \u017eadatel\u016f o azyl, p\u0159edstavuje riziko pro ve\u0159ejn\u00fd po\u0159\u00e1dek, kter\u00e9 st\u00e1t nen\u00ed p\u0159ipraven \u0159e\u0161it.<\/span><\/p>\n<p><span dir=\"auto\">Unikl\u00e1 zpr\u00e1va varuje p\u0159ed siln\u00fdm p\u0159ita\u017eliv\u00fdm faktorem a vyjad\u0159uje obavy z administrativn\u00edho kolapsu v r\u00e1mci imigra\u010dn\u00edch jednotek. Kritici vyu\u017e\u00edvaj\u00ed p\u0159\u00edpady Xilxes a Calella k ot\u00e1zce, zda je vl\u00e1da schopna adekv\u00e1tn\u011b prov\u011b\u0159it tak velk\u00fd po\u010det \u017eadatel\u016f, zejm\u00e9na kdy\u017e sou\u010dasn\u00e9 syst\u00e9my, jako je Viogen, nedok\u00e1zaly zabr\u00e1nit trag\u00e9dii \u017eeny, o kter\u00e9 se ji\u017e d\u0159\u00edve v\u011bd\u011blo, \u017ee je v ohro\u017een\u00ed.<\/span><\/p>\n<h2 id=\"foreigners-vastly-overrepresented-in-crime\" class=\"rb-heading-index-2-157976 wp-block-heading\"><span dir=\"auto\">Cizinci jsou v trestn\u00e9 \u010dinnosti zastoupeni v\u00fdrazn\u011b nadm\u011brn\u011b<\/span><\/h2>\n<p><span dir=\"auto\">Jak loni informoval server Remix News, zpr\u00e1va Demografick\u00e9 observato\u0159e CEU-CEFAS s n\u00e1zvem \u201eDemografie kriminality ve \u0160pan\u011blsku\u201c\u00a0<\/span><a href=\"https:\/\/rmx.news\/article\/imported-crime-foreigners-commit-500-more-rapes-than-spaniards-400-more-murders-according-to-new-study\/\"><span dir=\"auto\">zkoum\u00e1 v\u00fdvoj kriminality v r\u016fzn\u00fdch demografick\u00fdch skupin\u00e1ch a geografick\u00fdch oblastech zem\u011b<\/span><\/a><span dir=\"auto\">\u00a0a v\u00fdzkumn\u00edci varuj\u00ed p\u0159ed \u201eimportovanou kriminalitou\u201c v d\u016fsledku masov\u00e9 imigrace.<\/span><\/p>\n<p><span dir=\"auto\">N\u011bkter\u00e1 z kl\u00ed\u010dov\u00fdch zji\u0161t\u011bn\u00ed nazna\u010duj\u00ed, \u017ee cizinci, kte\u0159\u00ed tvo\u0159\u00ed 31 procent \u0161pan\u011blsk\u00e9 v\u011bze\u0148sk\u00e9 populace, sp\u00e1chaj\u00ed na obyvatele o 500 procent v\u00edce zn\u00e1siln\u011bn\u00ed a o 414 procent v\u00edce vra\u017ed ne\u017e \u0161pan\u011bl\u0161t\u00ed ob\u010dan\u00e9. Nejvy\u0161\u0161\u00ed m\u00edra zn\u00e1siln\u011bn\u00ed je zaznamen\u00e1na mezi Araby a Latinoameri\u010dany, p\u0159i\u010dem\u017e mnoz\u00ed z nich poch\u00e1zej\u00ed ze zem\u00ed Ji\u017en\u00ed Ameriky zn\u00e1m\u00fdch svou extr\u00e9mn\u011b vysokou m\u00edrou kriminality.<\/span><\/p>\n<p><span dir=\"auto\">Na region\u00e1ln\u00ed \u00farovni jsou statistiky kriminality stejn\u011b alarmuj\u00edc\u00ed. Ertzaintza, autonomn\u00ed policejn\u00ed sbor \u0161pan\u011blsk\u00e9ho Baskicka, zve\u0159ejnil svou v\u016fbec prvn\u00ed zpr\u00e1vu o p\u016fvodu zadr\u017een\u00fdch osob. \u00dadaje ukazuj\u00ed, \u017ee 64 procent z nich tvo\u0159\u00ed cizinci, p\u0159esto\u017ee cizinci tvo\u0159\u00ed pouze p\u0159ibli\u017en\u011b 14,1 procenta populace.<\/span><\/p>\n<p><span dir=\"auto\">Mezi lednem a z\u00e1\u0159\u00edm 2024 bylo sp\u00e1ch\u00e1no 80 111 trestn\u00fdch \u010din\u016f, p\u0159i\u010dem\u017e 64,21 procenta zat\u010den\u00fdch byli cizinci a 35 procent bylo identifikov\u00e1no jako \u0160pan\u011bl\u00e9.<\/span><\/p>\n<p><span dir=\"auto\">V p\u0159\u00edpad\u011b z\u00e1va\u017en\u00fdch trestn\u00fdch \u010din\u016f, jako je \u00famysln\u00e9 zabit\u00ed nebo vra\u017eda, sp\u00e1chali cizinci 53,8 procenta v\u0161ech t\u011bchto trestn\u00fdch \u010din\u016f. Celkem bylo zat\u010deno 13 osob a t\u0159i byly vy\u0161et\u0159ov\u00e1ny. \u0160est ze zat\u010den\u00fdch byli \u0160pan\u011bl\u00e9 (bu\u010f Baski\u010dt\u00ed, nebo z jin\u00fdch region\u016f \u0160pan\u011blska) a sedm byli cizinci. Dva poch\u00e1zeli z Maghrebu a p\u011bt z Latinsk\u00e9 Ameriky.<\/span><\/p>\n<p><span dir=\"auto\">V p\u0159\u00edpad\u011b sexu\u00e1ln\u00edho napaden\u00ed byli cizinci zodpov\u011bdn\u00ed za 68 procent v\u0161ech p\u0159\u00edpad\u016f.<\/span><\/p>\n<p><span dir=\"auto\">V p\u0159\u00edpad\u011b loupe\u017e\u00ed s pou\u017eit\u00edm s\u00edly byli cizinci zodpov\u011bdn\u00ed za 68,6 procenta p\u0159\u00edpad\u016f.<\/span><\/p>\n<p><span dir=\"auto\">Za loupe\u017e s n\u00e1sil\u00edm nebo zastra\u0161ov\u00e1n\u00edm se dopustili 81,9 procenta v\u0161ech p\u0159\u00edpad\u016f.<\/span><\/p>\n<p><img decoding=\"async\" loading=\"lazy\" class=\"alignnone size-full wp-image-1185\" src=\"http:\/\/www.infokuryr.cz\/n\/wp-content\/uploads\/2021\/04\/kuryr-podpis.png\" alt=\"\" width=\"84\" height=\"24\" \/><\/p>\n<p>&nbsp;<\/p>\n","protected":false},"excerpt":{"rendered":"<p>Al\u017e\u00edrsk\u00fd pachatel \u00fadajn\u011b pod\u0159\u00edzl hrdlo dvan\u00e1ctilet\u00e9 hluchoslep\u00e9 d\u00edvce a tak\u00e9 jej\u00ed matce Dva tragick\u00e9 p\u0159\u00edpady&#8230;<\/p>\n","protected":false},"author":2,"featured_media":99955,"comment_status":"closed","ping_status":"closed","sticky":false,"template":"","format":"standard","meta":[],"categories":[7],"tags":[119,369,239,440],"_links":{"self":[{"href":"https:\/\/www.infokuryr.cz\/n\/wp-json\/wp\/v2\/posts\/99954"}],"collection":[{"href":"https:\/\/www.infokuryr.cz\/n\/wp-json\/wp\/v2\/posts"}],"about":[{"href":"https:\/\/www.infokuryr.cz\/n\/wp-json\/wp\/v2\/types\/post"}],"author":[{"embeddable":true,"href":"https:\/\/www.infokuryr.cz\/n\/wp-json\/wp\/v2\/users\/2"}],"replies":[{"embeddable":true,"href":"https:\/\/www.infokuryr.cz\/n\/wp-json\/wp\/v2\/comments?post=99954"}],"version-history":[{"count":0,"href":"https:\/\/www.infokuryr.cz\/n\/wp-json\/wp\/v2\/posts\/99954\/revisions"}],"wp:featuredmedia":[{"embeddable":true,"href":"https:\/\/www.infokuryr.cz\/n\/wp-json\/wp\/v2\/media\/99955"}],"wp:attachment":[{"href":"https:\/\/www.infokuryr.cz\/n\/wp-json\/wp\/v2\/media?parent=99954"}],"wp:term":[{"taxonomy":"category","embeddable":true,"href":"https:\/\/www.infokuryr.cz\/n\/wp-json\/wp\/v2\/categories?post=99954"},{"taxonomy":"post_tag","embeddable":true,"href":"https:\/\/www.infokuryr.cz\/n\/wp-json\/wp\/v2\/tags?post=99954"}],"curies":[{"name":"wp","href":"https:\/\/api.w.org\/{rel}","templated":true}]}}