{"id":99943,"date":"2026-02-20T00:18:34","date_gmt":"2026-02-19T23:18:34","guid":{"rendered":"https:\/\/www.infokuryr.cz\/n\/?p=99943"},"modified":"2026-02-19T13:27:29","modified_gmt":"2026-02-19T12:27:29","slug":"bludny-program-berlinskych-zelenych-prijmout-86-milionu-klimatickych-uprchliku","status":"publish","type":"post","link":"https:\/\/www.infokuryr.cz\/n\/2026\/02\/20\/bludny-program-berlinskych-zelenych-prijmout-86-milionu-klimatickych-uprchliku\/","title":{"rendered":"Bludn\u00fd program berl\u00ednsk\u00fdch Zelen\u00fdch: p\u0159ijmout 86 milion\u016f \u201eklimatick\u00fdch uprchl\u00edk\u016f\u201c?"},"content":{"rendered":"<div id=\"fb-root\"><\/div>\n<p><strong><span dir=\"auto\">Berl\u00edn\u0161t\u00ed Zelen\u00ed p\u0159ijali sv\u016fj volebn\u00ed program pro volby do Sn\u011bmovny reprezentant\u016f 20. z\u00e1\u0159\u00ed na sv\u00e9 zemsk\u00e9 stranick\u00e9 konferenci konan\u00e9 14. a 15. \u00fanora 2026. Kl\u00ed\u010dov\u00fdm po\u017eadavkem je roz\u0161\u00ed\u0159en\u00ed migra\u010dn\u00ed agendy. Zat\u00edmco m\u011bsto ji\u017e balancuje na pokraji kolapsu, Zelen\u00ed po\u017eaduj\u00ed nov\u00e9 kategorie \u017eadatel\u016f o azyl \u2013 v\u010detn\u011b p\u0159ij\u00edm\u00e1n\u00ed\u00a0<\/span><a href=\"https:\/\/www.bild.de\/regional\/berlin\/berliner-gruene-wollen-klima-fluechtlinge-aufnehmen-6991772d4f433d4463b12edb\"><span dir=\"auto\">\u201eklimatick\u00fdch uprchl\u00edk\u016f<\/span><\/a><span dir=\"auto\">\u00a0\u201c .<\/span><\/strong><\/p>\n<p><span dir=\"auto\">\u201eBerl\u00edn \u017eije v rozmanitosti\u201c je n\u00e1zev \u010dtvrt\u00e9 kapitoly volebn\u00edho programu Strany zelen\u00fdch, kter\u00e1 se podrobn\u011b zab\u00fdv\u00e1 migrac\u00ed. Zelen\u00ed cht\u011bj\u00ed o\u017eivit st\u00e1tn\u00ed program p\u0159es\u00eddlov\u00e1n\u00ed pro Afgh\u00e1nist\u00e1n a roz\u0161\u00ed\u0159it tento model i na p\u00e1smo Gazy. Navrhuj\u00ed tak\u00e9 vytvo\u0159en\u00ed nov\u00e9 kategorie p\u0159es\u00eddlov\u00e1n\u00ed, kter\u00e1 by \u0161la vedle st\u00e1vaj\u00edc\u00edch azylov\u00fdch a ochrann\u00fdch program\u016f. \u201eD\u00e1le chceme zav\u00e9st p\u0159es\u00eddlov\u00e1n\u00ed osob posti\u017een\u00fdch klimatick\u00fdmi katastrofami,\u201c uv\u00e1d\u00ed se v programu.\u00a0<\/span><strong><span dir=\"auto\">Zelen\u00ed cituj\u00ed \u00fadaje OSN: p\u0159ibli\u017en\u011b 86 milion\u016f lid\u00ed na cel\u00e9m sv\u011bt\u011b \u017eije \u201ev ohni\u0161t\u00edch klimatick\u00e9 krize\u201c.<\/span><\/strong><\/p>\n<p><span dir=\"auto\">V sou\u010dasn\u00e9 dob\u011b je v Berl\u00edn\u011b registrov\u00e1no p\u0159ibli\u017en\u011b 38 000 uprchl\u00edk\u016f. Ubytov\u00e1n\u00ed je ji\u017e l\u00e9ta beznad\u011bjn\u011b p\u0159epln\u011bn\u00e9; t\u011blocvi\u010dny, kontejnery a hotely se p\u0159estavuj\u00ed, n\u00e1klady prudce rostou a integrace je v\u00e1\u017en\u011b pozastavena. Podle ekosocialist\u016f dal\u0161\u00edch 86 milion\u016f eur rozhodn\u011b nic moc nezm\u011bn\u00ed. I t\u011bm, kte\u0159\u00ed mus\u00ed zemi opustit \u2013 v sou\u010dasnosti jich je t\u00e9m\u011b\u0159 20 000 \u2013 by m\u011blo b\u00fdt jednodu\u0161e dovoleno z\u016fstat: v\u011brni mottu: \u201eLeg\u00e1ln\u011b? Neleg\u00e1ln\u011b? Koho to zaj\u00edm\u00e1!\u201c Deportace do krizov\u00fdch oblast\u00ed (Afgh\u00e1nist\u00e1n, S\u00fdrie, \u00cdr\u00e1n atd.) by m\u011bly b\u00fdt zcela zastaveny. A Zelen\u00ed kategoricky odm\u00edtaj\u00ed zadr\u017eov\u00e1n\u00ed p\u0159ed deportac\u00ed.<\/span><\/p>\n<p><span dir=\"auto\">Zelen\u00ed u\u017e maj\u00ed p\u0159edstavu o tom, kde by v\u0161ichni migranti m\u011bli \u017e\u00edt. Podporuj\u00ed \u201eprogram soci\u00e1ln\u00edho bydlen\u00ed pro uprchl\u00edky\u201c \u2013 tedy prioritn\u00ed v\u00fdstavbu byt\u016f pro tuto skupinu, zat\u00edmco tis\u00edce Berl\u00edn\u010dan\u016f str\u00e1daj\u00ed na \u010dekac\u00edch listin\u00e1ch. \u00da\u010det samoz\u0159ejm\u011b plat\u00ed da\u0148ov\u00ed poplatn\u00edci. Strana odm\u00edt\u00e1 hromadn\u00e9 ubytov\u00e1n\u00ed;\u00a0<\/span><strong><span dir=\"auto\">m\u00edsto toho by migranti m\u011bli b\u00fdt ubytov\u00e1ni v b\u011b\u017en\u00fdch bytech ve v\u0161ech obvodech. Jak to m\u00e1 fungovat s prudce rostouc\u00edmi n\u00e1jmy a akutn\u00edm nedostatkem byt\u016f, z\u016fst\u00e1v\u00e1 otev\u0159enou ot\u00e1zkou.<\/span><\/strong><\/p>\n<p><span dir=\"auto\">A dal\u0161\u00ed po\u017eadavky jsou uvedeny, jako nap\u0159\u00edklad bezplatn\u00e9 menstrua\u010dn\u00ed pom\u016fcky na ve\u0159ejn\u00fdch toalet\u00e1ch,\u00a0<\/span><strong><span dir=\"auto\">\u201eDen pam\u00e1tky proti protimuslimsk\u00e9mu rasismu\u201c<\/span><\/strong><span dir=\"auto\">\u00a0nebo povinn\u00e9 zahrnut\u00ed historie Sint\u016f a Rom\u016f do \u0161koln\u00edch osnov.<\/span><\/p>\n<p><span dir=\"auto\">P\u0159es 180 deleg\u00e1t\u016f Strany zelen\u00fdch se v sobotu se\u0161lo, aby projednali sv\u016fj program pro st\u00e1tn\u00ed volby. \u201eToto bude na\u0161e vl\u00e1dn\u00ed politika,\u201c ozn\u00e1mil p\u0159edseda st\u00e1tu Philmon Ghirmai (42). No, bravo!<\/span><\/p>\n<p><span dir=\"auto\">Toto u\u017e nen\u00ed politick\u00e1 platforma, ale ideologicky motivovan\u00e9 zbo\u017en\u00e9 p\u0159\u00e1n\u00ed. Berl\u00edn\u0161t\u00ed Zelen\u00ed evidentn\u011b ztratili ve\u0161ker\u00fd kontakt s realitou. Zat\u00edmco n\u011bmeck\u00e9 rodiny zoufale hledaj\u00ed dostupn\u00e9 bydlen\u00ed, zat\u00edmco n\u00e1siln\u00e1 kriminalita \u2013 zejm\u00e9na \u00fatoky no\u017ei \u2013 dosahuje ve m\u011bstech nov\u00fdch maxim, zat\u00edmco ekonomika se ch\u0159adne a infrastruktura se hrout\u00ed, veden\u00ed Zelen\u00fdch fantaz\u00edruje o p\u0159ijet\u00ed des\u00edtek milion\u016f dal\u0161\u00edch lid\u00ed z cel\u00e9ho sv\u011bta.<\/span><\/p>\n<p><span dir=\"auto\">Tato politika aktivn\u011b pracuje proti z\u00e1jm\u016fm vlastn\u00edch ob\u010dan\u016f. Rostouc\u00ed kriminalita, p\u0159et\u00ed\u017een\u00e9 syst\u00e9my soci\u00e1ln\u00edho zabezpe\u010den\u00ed, rostouc\u00ed nap\u011bt\u00ed v sousedstv\u00edch \u2013 to v\u0161e jsou p\u0159\u00edm\u00e9 d\u016fsledky migra\u010dn\u00ed politiky, kterou po l\u00e9ta prosazuj\u00ed Zelen\u00ed a podobn\u00e9 s\u00edly. Skute\u010dnost, \u017ee velk\u00e1 \u010d\u00e1st populace tento p\u0159\u00edstup ji\u017e d\u00e1vno odm\u00edtla, z\u0159ejm\u011b nech\u00e1v\u00e1 tyto ideologick\u00e9 pop\u00edra\u010de reality na stranick\u00fdch sjezdech zcela nehybn\u00fdmi.<\/span><\/p>\n<p><span dir=\"auto\">V sou\u010dasn\u00e9 dob\u011b maj\u00ed Zelen\u00ed\u00a0<\/span><a href=\"https:\/\/dawum.de\/Berlin\/\"><span dir=\"auto\">v pr\u016fzkumech<\/span><\/a><span dir=\"auto\">\u00a0kolem 16 procent, SPD 15 procent a Levicov\u00e1 strana 17 procent. P\u0159esto\u017ee CDU vede s 22 procenty (AfD m\u00e1 16 procent), \u010derveno-\u010derveno-zelen\u00e1 koalice by byla matematicky mo\u017en\u00e1. Pokud si Berl\u00edn\u010dan\u00e9 cht\u011bj\u00ed volit vlastn\u00ed p\u00e1d, budi\u017e\u2026<\/span><\/p>\n<p><img decoding=\"async\" loading=\"lazy\" class=\"alignnone size-full wp-image-1185\" src=\"http:\/\/www.infokuryr.cz\/n\/wp-content\/uploads\/2021\/04\/kuryr-podpis.png\" alt=\"\" width=\"84\" height=\"24\" \/><\/p>\n<p>&nbsp;<\/p>\n","protected":false},"excerpt":{"rendered":"<p>Berl\u00edn\u0161t\u00ed Zelen\u00ed p\u0159ijali sv\u016fj volebn\u00ed program pro volby do Sn\u011bmovny reprezentant\u016f 20. z\u00e1\u0159\u00ed na sv\u00e9&#8230;<\/p>\n","protected":false},"author":2,"featured_media":99944,"comment_status":"closed","ping_status":"closed","sticky":false,"template":"","format":"standard","meta":[],"categories":[7],"tags":[233,119,103],"_links":{"self":[{"href":"https:\/\/www.infokuryr.cz\/n\/wp-json\/wp\/v2\/posts\/99943"}],"collection":[{"href":"https:\/\/www.infokuryr.cz\/n\/wp-json\/wp\/v2\/posts"}],"about":[{"href":"https:\/\/www.infokuryr.cz\/n\/wp-json\/wp\/v2\/types\/post"}],"author":[{"embeddable":true,"href":"https:\/\/www.infokuryr.cz\/n\/wp-json\/wp\/v2\/users\/2"}],"replies":[{"embeddable":true,"href":"https:\/\/www.infokuryr.cz\/n\/wp-json\/wp\/v2\/comments?post=99943"}],"version-history":[{"count":0,"href":"https:\/\/www.infokuryr.cz\/n\/wp-json\/wp\/v2\/posts\/99943\/revisions"}],"wp:featuredmedia":[{"embeddable":true,"href":"https:\/\/www.infokuryr.cz\/n\/wp-json\/wp\/v2\/media\/99944"}],"wp:attachment":[{"href":"https:\/\/www.infokuryr.cz\/n\/wp-json\/wp\/v2\/media?parent=99943"}],"wp:term":[{"taxonomy":"category","embeddable":true,"href":"https:\/\/www.infokuryr.cz\/n\/wp-json\/wp\/v2\/categories?post=99943"},{"taxonomy":"post_tag","embeddable":true,"href":"https:\/\/www.infokuryr.cz\/n\/wp-json\/wp\/v2\/tags?post=99943"}],"curies":[{"name":"wp","href":"https:\/\/api.w.org\/{rel}","templated":true}]}}