{"id":99941,"date":"2026-02-20T00:18:16","date_gmt":"2026-02-19T23:18:16","guid":{"rendered":"https:\/\/www.infokuryr.cz\/n\/?p=99941"},"modified":"2026-02-19T12:32:49","modified_gmt":"2026-02-19T11:32:49","slug":"thierry-meyssan-epstein-jermak-a-zelenskyj","status":"publish","type":"post","link":"https:\/\/www.infokuryr.cz\/n\/2026\/02\/20\/thierry-meyssan-epstein-jermak-a-zelenskyj\/","title":{"rendered":"Thierry Meyssan: Epstein, Jermak a Zelenskyj"},"content":{"rendered":"<div id=\"fb-root\"><\/div>\n<p><strong>A\u010dkoliv si Epstein zjevn\u011b u\u017e\u00edval p\u00e1ch\u00e1n\u00ed sv\u00fdch zlo\u010din\u016f, nesm\u00edme zapom\u00ednat, \u017ee pracoval pro zpravodajskou slu\u017ebu Mossad. Zv\u011brstva, kter\u00e1 p\u00e1chal, byla prim\u00e1rn\u011b prost\u0159edkem k vyd\u00edr\u00e1n\u00ed jeho spolupracovn\u00edk\u016f. I kdy\u017e s n\u00edm dosud nebyla p\u0159\u00edmo spojena \u017e\u00e1dn\u00e1 ukrajinsk\u00e1 osobnost, existuje mnoho faktor\u016f, kter\u00e9 n\u00e1s nut\u00ed vy\u0161et\u0159it, kdo na Ukrajin\u011b dod\u00e1val d\u011bti do Epsteinovy \u200b\u200bs\u00edt\u011b.<\/strong><\/p>\n<p class=\"lettrine\"><span dir=\"auto\">Epsteinova af\u00e9ra ot\u0159\u00e1s\u00e1 v\u0161emi rozvinut\u00fdmi zem\u011bmi. Shr\u0148me si fakta: Miliard\u00e1\u0159 Jeffrey Epstein zorganizoval s\u00ed\u0165 inform\u00e1tor\u016f jm\u00e9nem Mossadu a francouzsko-\u0161v\u00fdcarsk\u00e9 pobo\u010dky Rothschild\u016f. Aby m\u011bl prost\u0159edky k jejich vyd\u00edr\u00e1n\u00ed, postupn\u011b zapojoval sv\u00e9 c\u00edle (akademick\u00e9 pracovn\u00edky, finan\u010dn\u00edky a politiky) do s\u00e9rie her, z nich\u017e ka\u017ed\u00e1 byla ohavn\u011bj\u0161\u00ed ne\u017e ta p\u0159edchoz\u00ed. Zpo\u010d\u00e1tku navrhoval mimoman\u017eelsk\u00e9 af\u00e9ry, pot\u00e9 se st\u00e1le mlad\u0161\u00edmi partnery a nakonec je zatahoval do mu\u010den\u00ed, vra\u017ed a kanibalismu. Lid\u00e9, kte\u0159\u00ed se ve spole\u010dnosti dostanou k mocensk\u00fdm pozic\u00edm, mohou c\u00edtit pot\u0159ebu otestovat svou autoritu. Mohou ji m\u011b\u0159it pouze m\u00edrou sv\u00fdch p\u0159estupk\u016f, p\u0159i\u010dem\u017e jednomysln\u011b odsuzovan\u00e9 praktiky p\u00e1chaj\u00ed beztrestn\u011b.<\/span><\/p>\n<p><span dir=\"auto\">Tento typ vyd\u00edr\u00e1n\u00ed nen\u00ed nic nov\u00e9ho. Ve Francii jsme byli sv\u011bdky af\u00e9ry Douc\u00e9 (1990) a v Belgii af\u00e9ry Dutroux (1995\u20131996). Skute\u010dn\u00e1 podstata t\u011bchto pokus\u016f o vyd\u00edr\u00e1n\u00ed nikdy nevy\u0161la najevo. \u00da\u0159ady se spokojily s jmenov\u00e1n\u00edm n\u011bkolika jednotlivc\u016f, ale vysoce postaven\u00ed zlo\u010dinci nebyli nikdy zat\u010deni. Novinkou v p\u0159\u00edpadu Epstein je, \u017ee americk\u00fd justi\u010dn\u00ed syst\u00e9m obsahuje 9 milion\u016f stran dokument\u016f, z nich\u017e t\u0159etina ji\u017e byla zve\u0159ejn\u011bna.<\/span><\/p>\n<p><span dir=\"auto\">P\u0159\u00edpady Douc\u00e9 a Dutroux byly pokusy o vyd\u00edr\u00e1n\u00ed sp\u00e1chan\u00e9 zpravodajsk\u00fdmi slu\u017ebami NATO. Jejich c\u00edle se nach\u00e1zely nejen ve Francii a Belgii, ale v cel\u00e9 Evropsk\u00e9 unii. Nebyli pron\u00e1sledov\u00e1ni, a proto byli k dispozici pro nov\u00e9 operace.<\/span><\/p>\n<p><span dir=\"auto\">S feder\u00e1ln\u00edm prokur\u00e1torem dosud vyjedn\u00e1valo 25 Epsteinov\u00fdch ob\u011bt\u00ed. Zaplatili zna\u010dn\u00e9 \u010d\u00e1stky, aby se vyhnuli trestn\u00edmu st\u00edh\u00e1n\u00ed a aby jejich jm\u00e9na nebyla zve\u0159ejn\u011bna. V prvn\u00edch t\u0159ech milionech zve\u0159ejn\u011bn\u00fdch dokument\u016f byly v\u0161echny zm\u00ednky o nich za\u0161krtnuty, zat\u00edmco zm\u00ednky o jejich ob\u011btech se objevuj\u00ed v pln\u00e9m zn\u011bn\u00ed.<\/span><\/p>\n<p><span dir=\"auto\">Nev\u00edme, jak americk\u00e9 ministerstvo spravedlnosti zvolilo po\u0159ad\u00ed, v jak\u00e9m zve\u0159ejnilo dokumenty, kter\u00e9 m\u00e1 k dispozici. V tuto chv\u00edli obvi\u0148uj\u00ed pouze evropsk\u00e9 osobnosti a \u0161et\u0159\u00ed tak sv\u00e9 c\u00edle ve Spojen\u00fdch st\u00e1tech. Mo\u017en\u00e1 je to n\u00e1hoda, mo\u017en\u00e1 z\u00e1m\u011brn\u00e1 strategie k destabilizaci spojenc\u016f, kter\u00e1 \u010dek\u00e1, a\u017e bude m\u00edt znechucen\u00e9 ve\u0159ejn\u00e9 m\u00edn\u011bn\u00ed dost.<\/span><\/p>\n<p><span dir=\"auto\">V\u00edme v\u0161ak, \u017ee do toho jsou zapojeni b\u00fdval\u00ed i sou\u010dasn\u00ed hlavy st\u00e1t\u016f a vl\u00e1d. N\u011bkte\u0159\u00ed zve\u0159ejnili ekonomick\u00e1, finan\u010dn\u00ed nebo obchodn\u00ed data; jin\u00ed politick\u00e1, vojensk\u00e1 nebo diplomatick\u00e1 tajemstv\u00ed. V\u0161ichni se dopustili trestn\u00fdch \u010din\u016f a zradili sv\u00e9 zem\u011b. Poka\u017ed\u00e9, ani\u017e by o tom v\u011bd\u011bli, byl p\u0159\u00edjemcem t\u011bchto informac\u00ed St\u00e1t Izrael nebo alespo\u0148 frakce v jeho vl\u00e1d\u011b.<\/span><\/p>\n<p><span dir=\"auto\">Inform\u00e1to\u0159i, z nich\u017e n\u011bkte\u0159\u00ed byli zmanipulovan\u00ed sv\u011bdci, jin\u00ed du\u0161evn\u011b nemocn\u00ed a n\u011bkdy \u2013 mnohem vz\u00e1cn\u011bji \u2013 autenti\u010dt\u00ed sv\u011bdci, opakovan\u011b vypov\u00eddali o \u00fa\u010dasti v\u00fdznamn\u00fdch osobnost\u00ed v satansk\u00fdch kultech.<\/span><\/p>\n<div class=\"spip_document_251982 spip_document spip_documents spip_document_image spip_documents_right spip_document_right spip_document_avec_legende\" data-legende-len=\"116\" data-legende-lenx=\"xx\">\n<figure class=\"spip_doc_inner\"><a class=\"spip_doc_lien mediabox\" href=\"https:\/\/www.voltairenet.org\/IMG\/webp\/223702-2-8.webp\" type=\"image\/webp\"><img decoding=\"async\" loading=\"lazy\" class=\"aligncenter\" src=\"https:\/\/www.voltairenet.org\/local\/cache-vignettes\/L608xH912\/223702-2-8-49ced.webp?1771313011\" alt=\"\" width=\"642\" height=\"963\" \/><\/a><figcaption class=\"spip_doc_legende\">\n<div class=\"spip_doc_titre  crayon document-titre-251982 \" style=\"text-align: center;\"><em><strong><span dir=\"auto\">B\u011bhem posledn\u00edch dvou t\u00fddn\u016f ukrajinsk\u00fd tisk st\u00e1le \u010dast\u011bji publikoval karikatury Andrije Jermaka jako\u017eto mocensk\u00e9ho m\u00e1ga.<\/span><\/strong><\/em><\/div>\n<\/figcaption><\/figure>\n<\/div>\n<p><span dir=\"auto\">Jedinou zn\u00e1mou hlavou st\u00e1tu, jej\u00ed\u017e doprovod praktikuje \u010dern\u00e9 m\u0161e charakteristick\u00e9 pro tento typ kultu, je dosud nezvolen\u00fd ukrajinsk\u00fd prezident Volodymyr Zelenskyj. N\u011bkolik let o n\u011bm kolovaly odporn\u00e9 informace bez mo\u017enosti ov\u011b\u0159en\u00ed. 31. ledna v\u0161ak Julia Mendelov\u00e1, b\u00fdval\u00e1 Zelensk\u00e9ho tiskov\u00e1 mluv\u010d\u00ed, odhalila, \u017ee jeho prav\u00e1 ruka, Andrij Jermak, nyn\u00ed ji\u017e sesazen\u00fd b\u00fdval\u00fd \u0161\u00e9f jeho vl\u00e1dy, praktikuje \u010dern\u00e9 m\u0161e\u00a0<\/span><span class=\"spip_note_ref\"><span dir=\"auto\">\u00a0[\u00a0<\/span><a id=\"nh1\" class=\"spip_note\" title=\"\u201ePoprava Zelenskaja roskrily \u0448\u043e\u043a\u0443\u0432\u0430\u043b\u044c\u043d\u0456 \u043f\u043e\u0434\u0440\u043e\u0431\u0438\u0446\u0456 pro \u0444\u0440\u043c\u0430\u043a\u0430: \u0447\u0438\u043c \u0432\u0456\u043d (\u2026)\" href=\"https:\/\/www.voltairenet.org\/article223721.html#nb1\" rel=\"appendix\"><span dir=\"auto\">1<\/span><\/a><span dir=\"auto\">\u00a0]<\/span><\/span><span dir=\"auto\">\u00a0. Povolal kouzeln\u00edky Chabadu z Izraele, Gruzie a Latinsk\u00e9 Ameriky. Podle n\u00ed \u201eJermak p\u00e1lil byliny a sb\u00edral tekutiny z mrtvol, aby si vyr\u00e1b\u011bl panenky.\u201c B\u011bhem dvou t\u00fddn\u016f byl ukrajinsk\u00fd internet zaplaven kreslen\u00fdmi vtipy a vtipy o \u201ekouzeln\u00edkovi Jermakovi\u201c, kter\u00fd Zelensk\u00e9mu p\u0159edpov\u011bd\u011bl, \u017ee Rusko nikdy nezas\u00e1hne na Ukrajin\u011b. Pod pseudonymem \u201eAli Baba\u201c vedl Jermak tak\u00e9 obrovskou korup\u010dn\u00ed s\u00ed\u0165, kter\u00e1 byla odhalena b\u011bhem operace Midas\u00a0<\/span><span class=\"spip_note_ref\"><span dir=\"auto\">\u00a0[\u00a0<\/span><a id=\"nh2\" class=\"spip_note\" title=\"\" href=\"https:\/\/www.voltairenet.org\/article223721.html#nb2\" rel=\"appendix\"><span dir=\"auto\">2<\/span><\/a><span dir=\"auto\">\u00a0]<\/span><\/span><span dir=\"auto\">\u00a0.<\/span><\/p>\n<p><span dir=\"auto\">Od sv\u00e9ho propu\u0161t\u011bn\u00ed se Jermak vr\u00e1til ke sv\u00e9 pr\u00e1vnick\u00e9 praxi. Podle ukrajinsk\u00e9ho tisku chod\u00ed ka\u017ed\u00e9 r\u00e1no do posilovny a odpoledne do kancel\u00e1\u0159e. Novin\u00e1\u0159i, kte\u0159\u00ed ho sleduj\u00ed, ho pozorovali p\u0159i n\u00e1v\u0161t\u011bv\u00e1ch byt\u016f \u0159editele \u017eeleznic Oleksandra Kamy\u0161ina a tajemn\u00edka Rady n\u00e1rodn\u00ed obrany a bezpe\u010dnosti Ukrajiny Rustema Umierova, kter\u00fd je v sou\u010dasn\u00e9 dob\u011b vy\u0161et\u0159ov\u00e1n v kauze Midas. Nejv\u00fdznamn\u011bj\u0161\u00ed byla n\u00e1v\u0161t\u011bva Jevhena Kornij\u010duka, kontroverzn\u00edho b\u00fdval\u00e9ho ministra spravedlnosti, kter\u00fd v letech 2021 a\u017e 2023 p\u016fsobil jako velvyslanec v Izraeli. Kornij\u010duk je zet\u011bm p\u0159edsedy Nejvy\u0161\u0161\u00edho soudu Vasyla Onopenka. Jermak\u016fv pr\u00e1vn\u00edk Ihor Fomin a Jevhen Kornij\u010duk nav\u0161t\u00edvili Timura Mindi\u010de (obchodn\u00edho partnera Volodymira Zelensk\u00e9ho, kter\u00fd je nyn\u00ed na \u00fat\u011bku) v izraelsk\u00e9 Herzliji\u00a0.\u00a0<\/span><span class=\"spip_note_ref\"><span dir=\"auto\">\u00a0[\u00a0<\/span><a id=\"nh3\" class=\"spip_note\" title=\"\u00abPoprv\u00e9 budete posl\u00e1ni do t\u00e1bora, pot\u00e9 se vr\u00e1t\u00edte do Ukrajiny (\u2026)\u00bb\" href=\"https:\/\/www.voltairenet.org\/article223721.html#nb3\" rel=\"appendix\"><span dir=\"auto\">3<\/span><\/a><span dir=\"auto\">\u00a0]<\/span><\/span><\/p>\n<p><span dir=\"auto\">T\u0159etina zn\u00e1m\u00fdch Epsteinov\u00fdch dokument\u016f obsahuje n\u011bkolik ukrajinsk\u00fdch pas\u016f, ale ministerstvo spravedlnosti zast\u0159ihlo jm\u00e9na, adresy a fotografie jejich dr\u017eitel\u016f, kte\u0159\u00ed Epsteina \u010dasto nav\u0161t\u011bvovali. Dal\u0161\u00ed dokumenty d\u00e1le ukazuj\u00ed, \u017ee Epstein n\u011bkolikr\u00e1t nav\u0161t\u00edvil Kyjev a pov\u011b\u0159il Francouze Jeana-Luca Brunela, aby tam nakupoval. Brunel byl \u0159editelem modelingov\u00fdch agentur Karin Models (Pa\u0159\u00ed\u017e) a E=MC2 (Miami). Ve Francii byl obvin\u011bn z kupl\u00ed\u0159stv\u00ed a stejn\u011b jako Epstein m\u011bl brilantn\u00ed n\u00e1pad \u201esp\u00e1chat sebevra\u017edu\u201c ve v\u011bznici Sant\u00e9 v Pa\u0159\u00ed\u017ei. Timur Mindich byl tak\u00e9 \u0159editelem modelingov\u00e9 agentury Fire Point (Kyjev). Nen\u00ed v\u0161ak zn\u00e1mo, kolik mlad\u00fdch Ukrajinc\u016f se jim dostalo do sp\u00e1r\u016f.<\/span><\/p>\n<p><span dir=\"auto\">V t\u00e9to souvislosti p\u0159edlo\u017eil dne 6. \u00fanora 2026 pan Volodymyr Vatras, \u010dlen pr\u00e1vn\u00edho v\u00fdboru Nejvy\u0161\u0161\u00ed rady (parlamentu), n\u00e1vrh reformy ukrajinsk\u00e9ho ob\u010dansk\u00e9ho z\u00e1kon\u00edku\u00a0<\/span><span class=\"spip_note_ref\"><span dir=\"auto\">\u00a0[\u00a0<\/span><a id=\"nh4\" class=\"spip_note\" title=\"\u201eProjekt ob\u010dansk\u00e9ho z\u00e1kon\u00edku\u201c, Nejvy\u0161\u0161\u00ed rada, 6. \u010dervna 2026 r. (\" href=\"https:\/\/www.voltairenet.org\/article223721.html#nb4\" rel=\"appendix\"><span dir=\"auto\">4<\/span><\/a><span dir=\"auto\">\u00a0]<\/span><\/span><span dir=\"auto\">\u00a0.<\/span><\/p>\n<p><span dir=\"auto\">Krom\u011b toho, \u017ee tento z\u00e1kon chr\u00e1n\u00ed pov\u011bst osob st\u00edhan\u00fdch za korupci a\u017e do jejich pravomocn\u00e9ho odsouzen\u00ed, sni\u017euje z\u00e1konn\u00fd v\u011bk pro s\u0148atek&#8230; na 14 let. Pochopte, o co jde: znemo\u017en\u00ed jak\u00e9koli st\u00edh\u00e1n\u00ed za sv\u00e1d\u011bn\u00ed nezletil\u00e9 osoby nebo zn\u00e1siln\u011bn\u00ed d\u011bt\u00ed ve v\u011bku 14 a\u017e 18 let podle jin\u00fdch ukrajinsk\u00fdch z\u00e1kon\u016f. Ukrajinsk\u00fd tisk to naz\u00fdv\u00e1 \u201est\u00e1tn\u00ed pedofili\u00ed\u201c\u00a0<\/span><span class=\"spip_note_ref\"><span dir=\"auto\">\u00a0[\u00a0<\/span><a id=\"nh5\" class=\"spip_note\" title=\"\u00ab\" href=\"https:\/\/www.voltairenet.org\/article223721.html#nb5\" rel=\"appendix\"><span dir=\"auto\">5<\/span><\/a><span dir=\"auto\">\u00a0]<\/span><\/span><span dir=\"auto\">\u00a0. Mnoho Ukrajinc\u016f s odvol\u00e1n\u00edm na \u00damluvu o pr\u00e1vech d\u00edt\u011bte podalo petice proti t\u00e9to regresivn\u00ed reform\u011b\u00a0<\/span><span class=\"spip_note_ref\"><span dir=\"auto\">\u00a0[\u00a0<\/span><a id=\"nh6\" class=\"spip_note\" title=\"Nap\u0159\u00edklad: \u00ab\u041f\u0435\u0442\u0438\u0446\u0456\u044f\u00bb, \u0412\u0435\u0440\u0445\u043e\u0432\u043d\u0430 \u0420\u0430\u0434\u0430, 6 \u043b\u044e\u0442\u043e\u0433\u043e 2026 \u0440. (\u201ePetice\u201c, (\u2026)\" href=\"https:\/\/www.voltairenet.org\/article223721.html#nb6\" rel=\"appendix\"><span dir=\"auto\">6<\/span><\/a><span dir=\"auto\">\u00a0]<\/span><\/span><span dir=\"auto\">\u00a0. St\u00e1le nepochopili, o co jde: tato reforma bude retroaktivn\u00ed a bude se vztahovat na v\u0161echny ud\u00e1losti po roce 2014 (tj. po majdansk\u00e9m p\u0159evratu). Tato reforma ru\u0161\u00ed ustanoven\u00ed ukrajinsk\u00e9ho trestn\u00edho z\u00e1kon\u00edku proti pedofilii\u00a0<\/span><span class=\"spip_note_ref\"><span dir=\"auto\">\u00a0[\u00a0<\/span><a id=\"nh7\" class=\"spip_note\" title=\"\u00ab\u0428\u043b\u044e\u0431 \u0437 14 \u0440\u043e\u043a\u0456\u0432: \u043c\u0435\u0436\u0430 \u043c\u0438\u0436 \u043a\u0440\u0438\u043c\u0456\u043d\u0430\u043b\u044c\u043d\u0438\u043c \u0437\u043b\u043e\u0447\u0438\u043d\u043e\u043c \u0442\u0430 \u0442\u0443\u0440\u0431\u043e\u0442\u043e\u044e \u043f\u0440\u043e (\u2026)\" href=\"https:\/\/www.voltairenet.org\/article223721.html#nb7\" rel=\"appendix\"><span dir=\"auto\">7<\/span><\/a><span dir=\"auto\">\u00a0]<\/span><\/span><span dir=\"auto\">\u00a0.<\/span><\/p>\n<p><span dir=\"auto\">Zn\u00e1te n\u011bjakou zemi na sv\u011bt\u011b, a\u0165 u\u017e dnes nebo v minulosti, kter\u00e1 zp\u011btn\u011b sn\u00ed\u017eila v\u011bk pro uzav\u0159en\u00ed man\u017eelstv\u00ed? Ne, samoz\u0159ejm\u011b \u017ee ne.<\/span><\/p>\n<p><span dir=\"auto\">P\u0159ipome\u0148me si, \u017ee ukrajinsk\u00e1 vl\u00e1da obvi\u0148uje Rusko z \u00fanosu 900 000 d\u011bt\u00ed. Moskva, kter\u00e1 toto \u010d\u00edslo pop\u00edr\u00e1, tvrd\u00ed, \u017ee je nezajala, ale zachr\u00e1nila z boji\u0161t\u011b a p\u0159ivezla do Ruska, aby je ochr\u00e1nila p\u0159ed v\u00e1lkou. Ukrajina zat\u00edm zve\u0159ejnila pouze seznam jmen 339 d\u011bt\u00ed, kter\u00e9 Zelensk\u00e9ho vl\u00e1da po\u017eaduje zp\u011bt. Kam se pod\u011bly tis\u00edce dal\u0161\u00edch?<\/span><\/p>\n<p><span dir=\"auto\">Odpov\u011b\u010f se skr\u00fdv\u00e1 n\u011bkde na \u0161esti milionech str\u00e1nek Epsteinovy \u200b\u200baf\u00e9ry, kter\u00e9 z\u016fst\u00e1vaj\u00ed utajeny. Bidenovy l\u00e9ka\u0159sk\u00e9 experimenty na ukrajinsk\u00fdch voj\u00e1c\u00edch v\u00e1s znechutily; \u00fanosy ukrajinsk\u00fdch d\u011bt\u00ed Zelensk\u00e9ho klikou v\u00e1s ud\u011blaj\u00ed \u0161patn\u011b.<\/span><\/p>\n<p><span dir=\"auto\">11. \u00fanora poslankyn\u011b Inna Sovsunov\u00e1 ve Nejvy\u0161\u0161\u00ed rad\u011b prohl\u00e1sila: \u201eLegalizace man\u017eelstv\u00ed \u010dtrn\u00e1ctilet\u00fdch, kterou se sna\u017e\u00ed prosadit \u010dlenov\u00e9 Komise pro pr\u00e1vn\u00ed z\u00e1le\u017eitosti, je \u010dir\u00e1 krutost. Je v rozporu se zdrav\u00fdm rozumem a evropsk\u00fdmi standardy. Nev\u00edme, kolik dal\u0161\u00edch probl\u00e9m\u016f tento z\u00e1kon\u00edk obsahuje. Proto podporuji po\u017eadavky pr\u00e1vn\u00edk\u016f, aby byl n\u00e1vrh ob\u010dansk\u00e9ho z\u00e1kon\u00edku vylou\u010den z p\u0159ezkumu, aby byl pe\u010dliv\u011b prozkoum\u00e1n ve v\u00fdboru, aby byl projedn\u00e1n ve spole\u010dnosti a teprve pot\u00e9 p\u0159edlo\u017een parlamentu.\u201c<\/span><\/p>\n<p><span dir=\"auto\">Ruslan Stefan\u010duk, p\u0159edseda Nejvy\u0161\u0161\u00ed rady a ideolog strany Sluha lidu, tedy strany Zelensk\u00e9ho, se v\u00fdznamn\u011b pod\u00edlel jak na tvorb\u011b tohoto ob\u010dansk\u00e9ho z\u00e1kon\u00edku, tak na jeho obhajob\u011b p\u0159ed parlamentem. Je to v\u011bdec a pedagog s dlouholetou prax\u00ed v pr\u00e1ci s d\u011btmi. Je tak\u00e9 zapleten do af\u00e9ry Midas. V\u0161ichni odborn\u00edci v\u0161ak poukazuj\u00ed na to, \u017ee jeho prohl\u00e1\u0161en\u00ed neodpov\u00eddaj\u00ed p\u0159edlo\u017een\u00e9mu textu. Stefan\u010duk byl minul\u00fd t\u00fdden ve Washingtonu. 7. \u00fanora se setkal s Rileym M. Barnesem, n\u00e1m\u011bstkem ministra zahrani\u010d\u00ed pro demokracii, lidsk\u00e1 pr\u00e1va a pracovn\u00ed pr\u00e1va. Podrobn\u011b mu vysv\u011btlil, \u017ee \u017e\u00e1dn\u00e9 ukrajinsk\u00e9 d\u011bti nezmizely, ale \u017ee 900 000 jich bylo zajato Ruskem.<\/span><\/p>\n<p><span dir=\"auto\">Zp\u00e1tky v Kyjev\u011b \u010delil Ruslan Stefan\u010duk ve\u0159ejn\u00e9mu pobou\u0159en\u00ed. P\u0159iznal, \u017ee v sou\u010dasn\u00e9 dob\u011b nem\u016f\u017ee p\u0159edlo\u017eit n\u00e1vrh nov\u00e9ho ob\u010dansk\u00e9ho z\u00e1kon\u00edku k hlasov\u00e1n\u00ed poslanc\u016fm. Probl\u00e9m, kter\u00fd se tato reforma neobratn\u011b sna\u017eila zakr\u00fdt, v\u0161ak p\u0159etrv\u00e1v\u00e1.<\/span><\/p>\n<p><span dir=\"auto\">V sou\u010dasn\u00e9 dob\u011b v\u00edme o Epsteinov\u011b af\u00e9\u0159e jen asi t\u0159etinu. A\u017e budeme m\u00edt v\u00edce informac\u00ed, zhodnot\u00edme, co je k dispozici, a zept\u00e1me se sami sebe, jak toho Izrael vyu\u017eil.<\/span><\/p>\n<p><a href=\"https:\/\/www.voltairenet.org\/article223721.html\"><em>Thierry Meyssan<\/em><\/a><\/p>\n<article class=\"entry-content\">\n<div id=\"article-text\" class=\"article-text\">\n<div class=\"notes\">\n<div id=\"nb1\">\n<p><span class=\"spip_note_ref\"><span dir=\"auto\">1<\/span><\/span><span dir=\"auto\">\u00a0\u200b\u200b\u200b\u200b\u0432\u0456\u043d<span class=\"spip_note_ref\">\u00a0<\/span><\/span><a class=\"spip_out\" href=\"https:\/\/tsn.ua\/other\/eksrechnytsia-zelenskoho-rozkryla-shokuvalni-podrobytsi-pro-yermaka-chym-vin-zaymavsia-3012167.html\" rel=\"external\"><span dir=\"auto\">\u00a0\u0437\u0430\u0439\u043c\u0430\u0432\u0441\u044f<\/span><\/a><span dir=\"auto\">\u00a0\u00bb, \u0406\u0433\u043e\u0440 \u0411\u0435\u0440\u0435\u0436\u0430\u043d\u0441\u044c\u043a\u0438\u0439, \u0422\u0435\u043b\u0435\u0432\u0456\u0437\u0456\u0439\u043d\u0430 \u0421\u043b\u0443\u0436\u0431\u0430 \u041d\u043e\u0432\u0438\u043d, 31 \u0441\u0456\u044726\u044f r. (\u201eZelenskyho b\u00fdval\u00e1 mluv\u010d\u00ed odhalila \u0161okuj\u00edc\u00ed podrobnosti o Yermaku: Co ud\u011blal\u201c, Ihor Berezhansky, Television News Service, 31. ledna 2026).<\/span><\/p>\n<\/div>\n<div id=\"nb2\">\n<p><span class=\"spip_note_ref\"><span dir=\"auto\">[\u00a0<\/span><a class=\"spip_note\" title=\"Pozn\u00e1mky 2\" href=\"https:\/\/www.voltairenet.org\/article223721.html#nh2\" rev=\"appendix\"><span dir=\"auto\">2<\/span><\/a><span dir=\"auto\">\u00a0]\u00a0<\/span><\/span><span dir=\"auto\">\u00a0\u201e\u00a0<\/span><a href=\"https:\/\/www.voltairenet.org\/article223162.html\"><span dir=\"auto\">Operace Midas vyprovokuje svr\u017een\u00ed ukrajinsk\u00e9 vl\u00e1dnouc\u00ed t\u0159\u00eddy<\/span><\/a><span dir=\"auto\">\u00a0,\u201c\u00a0<\/span><i><span dir=\"auto\">Voltaire Network<\/span><\/i><span dir=\"auto\">\u00a0, 12. listopadu 2025. \u201e\u00a0<\/span><a href=\"https:\/\/www.voltairenet.org\/article223177.html\"><span dir=\"auto\">Zelensk\u00e9ho posledn\u00ed dny: Pod\u00edlel se na pokusu o atent\u00e1t na Trumpa a vra\u017ed\u011b Charlieho Kirka?<\/span><\/a><span dir=\"auto\">\u00a0\u201c, autor Alfredo Jalife-Rahme, p\u0159eklad HF,\u00a0<\/span><i><span dir=\"auto\">La Jornada<\/span><\/i><span dir=\"auto\">\u00a0(Mexiko),\u00a0<\/span><i><span dir=\"auto\">Voltaire Network<\/span><\/i><span dir=\"auto\">\u00a0, 14. listopadu 2025. \u201e\u00a0<\/span><a href=\"https:\/\/www.voltairenet.org\/article223225.html\"><span dir=\"auto\">Zlat\u00fd z\u00e1chod pro \u201aZelensk\u00e9ho portfolio\u2018 a jeho \u201amodelingovou agenturu\u2018<\/span><\/a><span dir=\"auto\">\u00a0, kter\u00e1 stav\u00ed drony,\u201c autor Alfredo Jalife-Rahme, p\u0159eklad HF,\u00a0<\/span><i><span dir=\"auto\">La Jornada<\/span><\/i><span dir=\"auto\">\u00a0(Mexiko),\u00a0<\/span><i><span dir=\"auto\">Voltaire Network<\/span><\/i><span dir=\"auto\">\u00a0, 20. listopadu 2025.<\/span><\/p>\n<\/div>\n<div id=\"nb3\">\n<p><span class=\"spip_note_ref\"><span dir=\"auto\">3<\/span><\/span><span dir=\"auto\">\u00a0\u200b\u200b\u200b\u200b\u0423\u043a\u0440\u0430\u0457\u043d\u0438<span class=\"spip_note_ref\">\u00a0<\/span><\/span><a class=\"spip_out\" href=\"https:\/\/suspilne.media\/1233438-ermak-pisla-vidstavki-zustricavsa-z-kamisinim-umerovim-ta-poslom-ukraini-v-izraili-up\/\" rel=\"external\"><span dir=\"auto\">\u00a0\u0432 \u0406\u0437\u0440\u0430\u0457\u043b\u0456<\/span><\/a><span dir=\"auto\">\u00a0\u00bb, \u041d\u0430\u0434\u0456\u044f \u0421\u043e\u0431\u0435\u043d\u043a\u043e, \u0421\u0443\u0441\u043f\u0456\u043b\u044c\u043d\u0435 \u041c\u043e\u0432\u043b\u0435\u043d\u043d\u044f, 6 \u043b\u044e\u0442\u043e\u0433\u043e 2026 str. (\u201ePo sv\u00e9 rezignaci se Jermak setkal s Kamy\u0161inem, Umerovem a ukrajinsk\u00fdm velvyslancem v Izraeli,\u201c Nadiya Sobenko, St\u00e1tn\u00ed rozhlas a televize, 6. \u00fanora 2026).<\/span><\/p>\n<\/div>\n<div id=\"nb4\">\n<p><span class=\"spip_note_ref\"><span dir=\"auto\">[\u00a0<\/span><a class=\"spip_note\" title=\"Pozn\u00e1mky 4\" href=\"https:\/\/www.voltairenet.org\/article223721.html#nh4\" rev=\"appendix\"><span dir=\"auto\">4<\/span><\/a><span dir=\"auto\">\u00a0]\u00a0<\/span><\/span><span dir=\"auto\">\u00a0\u00ab\u00a0<\/span><a href=\"blob:https:\/\/itd.rada.gov.ua\/0f5164a1-b485-480d-83e3-11c5144fee76\"><span dir=\"auto\">\u041f\u0440\u043e\u0435\u043a\u0442 \u0426\u0438\u0432\u0456\u043b\u044c\u043d\u043e\u0433\u043e \u043a\u043e\u0434\u0435\u043a\u0441\u0443<\/span><\/a><span dir=\"auto\">\u00a0\u00bb, \u0412\u0435\u0440\u0445\u043e\u0432\u043d\u0430 \u0420\u0430\u0434\u0430, 6. listopadu 2026 \u0440. (\u201eN\u00e1vrh ob\u010dansk\u00e9ho z\u00e1kon\u00edku\u201c, Nejvy\u0161\u0161\u00ed rada, 6. \u00fanora 2026).<\/span><\/p>\n<\/div>\n<div id=\"nb5\">\n<p><span class=\"spip_note_ref\"><span dir=\"auto\">5<\/span><\/span><span dir=\"auto\">\u00a0\u200b\u200b\u200b\u200bDekriminalizovat<span class=\"spip_note_ref\">\u00a0<\/span><\/span><a class=\"spip_out\" href=\"https:\/\/blik.ua\/crimes\/24732-derzhavna-pedofiliya-vidomii-ekspert-zayaviv-sho-v-ukrayini-mozhut-dekriminalizuvati-seks-doroslikh-z-14-richnimi\" rel=\"external\"><span dir=\"auto\">\u00a0sex pro 14let\u00e9,<\/span><\/a><span dir=\"auto\">\u00a0\u00bb, \u0423\u043b\u044f\u043d\u0430 \u0412\u0438\u043d\u043e\u0433\u0440\u0430\u0434\u043e\u0432\u0430,\u00a0<\/span><i><span dir=\"auto\">\u0411\u043b\u0456\u043a<\/span><\/i><span dir=\"auto\">\u00a0, 8 \u043b\u044e\u0442\u043e\u0433\u043e 2026 (&#8222;&#8218;St\u00e1tn\u00ed pedofilie&#8216;: Zn\u00e1m\u00fd odborn\u00edk na Ukrajinu \u0159ekl, \u017ee sexu\u00e1ln\u00ed vztahy mezi dosp\u011bl\u00fdmi a lynanou mohou b\u00fdt Vinogradova, Blik, 8. \u00fanora 2026. \u00ab\u00a0<\/span><a class=\"spip_out\" href=\"https:\/\/www.bbc.com\/ukrainian\/articles\/czd858m78d7o\" rel=\"external\"><span dir=\"auto\">\u0421\u0435\u043a\u0441\u0443\u0430\u043b\u044c\u043d\u0438\u0439 \u043f\u0456\u0434\u0442\u0435\u043a\u0441\u0442 \u0456 &#8222;\u0434\u0440\u0456\u043c\u0443\u0447\u0456 \u043d\u043e\u0440\u043c\u0438&#8220; \u0426\u0438\u0432\u0456\u043b\u044c\u043d\u043e\u0433\u044c\u043e \u043a\u043e\u0434\u0435\u043a\u0441\u0443<\/span><\/a><span dir=\"auto\">\u00a0\u00bb nov\u00fd produkt j\u00f3gy: \u043a\u043e\u0434\u0435\u043a\u0441\u0443\u00a0\u0416\u0430\u043d\u043d\u0430 \u0411\u0435\u0437\u043f&#8217;\u044f\u0442\u0447\u0443\u043a, BBC, 9. \u043b\u044e\u0442\u043e\u0433\u043e 2026 (\u201eSexualita a drobn\u00e9 normy: ob\u010dansk\u00fd z\u00e1kon\u00edk: \u0161est protiklad\u016f jej\u00edho nov\u00e9ho projektu, Zhanna Bezpiatchuk, BBC, 9. \u010dervence 2026.).<\/span><\/p>\n<\/div>\n<div id=\"nb6\">\n<p><span class=\"spip_note_ref\"><span dir=\"auto\">[\u00a0<\/span><a class=\"spip_note\" title=\"Pozn\u00e1mky 6\" href=\"https:\/\/www.voltairenet.org\/article223721.html#nh6\" rev=\"appendix\"><span dir=\"auto\">6<\/span><\/a><span dir=\"auto\">\u00a0]\u00a0<\/span><\/span><span dir=\"auto\">\u00a0Nap\u0159\u00edklad: \u00ab\u00a0<\/span><a class=\"spip_out\" href=\"https:\/\/itd.rada.gov.ua\/petitions\/Petition\/Index\/13446?page=15\" rel=\"external\"><span dir=\"auto\">\u041f\u0435\u0442\u0438\u0446\u0456\u044f<\/span><\/a><span dir=\"auto\">\u00a0\u00bb,\u00a0<\/span><i><span dir=\"auto\">\u0412\u0435\u0440\u0445\u043e\u0432\u043d\u0430 \u0420\u0430\u0434\u0430<\/span><\/i><span dir=\"auto\">\u00a0, 6 \u043b\u044e\u0442\u043e\u0433\u043e 2026 \u0440. (\u201ePetice\u201c, Nejvy\u0161\u0161\u00ed rada, 6. \u00fanora 2026.). \u00ab\u00a0<\/span><a class=\"spip_out\" href=\"https:\/\/www.helsinki.org.ua\/articles\/proiekt-novoho-tsyvilnoho-kodeksu-chomu-norma-pro-shliub-z-14-rokiv-vyklykaie-zanepokoiennia\/\" rel=\"external\"><span dir=\"auto\">Produkt nov\u00e9ho rusk\u00e9ho kodexu: Toto je standard pro 14. rockovou kapelu \u0437\u0430\u043d\u0435\u043f\u043e\u043a\u043e\u0454\u043d\u043d\u044f<\/span><\/a><span dir=\"auto\">\u00a0\u00bb, \u0423\u043a\u0440\u0430\u0457\u043d\u0441\u044c\u043a\u0430 \u0413\u0435\u043b\u044c\u0456\u043d\u0441\u044c\u043a\u0430 \u0441\u043f\u0456\u043b\u043a\u0430, 6 \u043b\u044e\u0442\u043e\u0433\u043e 2026 nov\u00fd ob\u010dansk\u00fd z\u00e1kon\u00edk: N\u00e1vrh z roku 2026 koncern, Ukrajinsk\u00fd svaz Helsinek, 6. \u00fanora 2026).<\/span><\/p>\n<\/div>\n<div id=\"nb7\">\n<p><span class=\"spip_note_ref\"><span dir=\"auto\">7<\/span><\/span><span dir=\"auto\">\u00a0\u200b\u200b\u200b\u200b\u043d\u0435\u043f\u043e\u0432\u043d\u043e\u043b\u0456\u0442\u043d\u0456\u0445<span class=\"spip_note_ref\">\u00a0<\/span><\/span><a class=\"spip_out\" href=\"https:\/\/usionline.com\/shliub-z-14-rokiv-mezha-mizh-kryminalnym-zlochynom-ta-turbotoiu-pro-nepovnolitnikh-video\/\" rel=\"external\"><span dir=\"auto\">\u00a0(\u0432\u0456\u0434\u0435\u043e)<\/span><\/a><span dir=\"auto\">\u00a0\u00bb, \u0423\u043a\u0440\u0430\u0457\u043d\u0441\u044c\u043a\u0430 \u0421\u043b\u0443\u0436\u0431\u0430 \u0406\u043d\u0444\u043e\u0440\u043c\u0430\u0446\u0456\u0457 , 11 \u041b\u044e\u0442\u043e\u0433\u043e 2026 a 11. (video), Ukrajinsk\u00e1 informa\u010dn\u00ed slu\u017eba, 11. \u00fanora 2026).<\/span><\/p>\n<p>&nbsp;<\/p>\n<\/div>\n<\/div>\n<\/div>\n<\/article>\n","protected":false},"excerpt":{"rendered":"<p>A\u010dkoliv si Epstein zjevn\u011b u\u017e\u00edval p\u00e1ch\u00e1n\u00ed sv\u00fdch zlo\u010din\u016f, nesm\u00edme zapom\u00ednat, \u017ee pracoval pro zpravodajskou slu\u017ebu&#8230;<\/p>\n","protected":false},"author":2,"featured_media":99942,"comment_status":"closed","ping_status":"closed","sticky":false,"template":"","format":"standard","meta":[],"categories":[7],"tags":[245,6249,5336,26,1000],"_links":{"self":[{"href":"https:\/\/www.infokuryr.cz\/n\/wp-json\/wp\/v2\/posts\/99941"}],"collection":[{"href":"https:\/\/www.infokuryr.cz\/n\/wp-json\/wp\/v2\/posts"}],"about":[{"href":"https:\/\/www.infokuryr.cz\/n\/wp-json\/wp\/v2\/types\/post"}],"author":[{"embeddable":true,"href":"https:\/\/www.infokuryr.cz\/n\/wp-json\/wp\/v2\/users\/2"}],"replies":[{"embeddable":true,"href":"https:\/\/www.infokuryr.cz\/n\/wp-json\/wp\/v2\/comments?post=99941"}],"version-history":[{"count":0,"href":"https:\/\/www.infokuryr.cz\/n\/wp-json\/wp\/v2\/posts\/99941\/revisions"}],"wp:featuredmedia":[{"embeddable":true,"href":"https:\/\/www.infokuryr.cz\/n\/wp-json\/wp\/v2\/media\/99942"}],"wp:attachment":[{"href":"https:\/\/www.infokuryr.cz\/n\/wp-json\/wp\/v2\/media?parent=99941"}],"wp:term":[{"taxonomy":"category","embeddable":true,"href":"https:\/\/www.infokuryr.cz\/n\/wp-json\/wp\/v2\/categories?post=99941"},{"taxonomy":"post_tag","embeddable":true,"href":"https:\/\/www.infokuryr.cz\/n\/wp-json\/wp\/v2\/tags?post=99941"}],"curies":[{"name":"wp","href":"https:\/\/api.w.org\/{rel}","templated":true}]}}