{"id":99939,"date":"2026-02-20T00:17:25","date_gmt":"2026-02-19T23:17:25","guid":{"rendered":"https:\/\/www.infokuryr.cz\/n\/?p=99939"},"modified":"2026-02-19T12:28:16","modified_gmt":"2026-02-19T11:28:16","slug":"je-jejich-zlovolnost-zakorenena-v-jejich-genech","status":"publish","type":"post","link":"https:\/\/www.infokuryr.cz\/n\/2026\/02\/20\/je-jejich-zlovolnost-zakorenena-v-jejich-genech\/","title":{"rendered":"Je jejich zlovolnost zako\u0159en\u011bna v jejich genech?"},"content":{"rendered":"<div id=\"fb-root\"><\/div>\n<h2 class=\"elementor-heading-title elementor-size-default\"><span dir=\"auto\">130let\u00e1 historie n\u011bmeck\u00fdch elit: dv\u011b sv\u011btov\u00e9 v\u00e1lky, \u0161est genocid, v\u010detn\u011b jejich sou\u010dasn\u00e9 spolu\u00fa\u010dasti v Palestin\u011b<\/span><\/h2>\n<h4><strong><span dir=\"auto\">Dlouh\u00e1 stezka zlo\u010din\u016f n\u011bmeck\u00e9ho st\u00e1tu \u2013 od Namibie a \u010c\u00edny p\u0159es Ukrajinu a\u017e po Palestinu<\/span><\/strong><\/h4>\n<h3><strong><span dir=\"auto\">\u0160ampion pokrytectv\u00ed: 130let\u00e9 d\u011bdictv\u00ed genocidy a v\u00e1lky v N\u011bmecku<\/span><\/strong><\/h3>\n<p><span dir=\"auto\">V\u00a0<\/span><a href=\"https:\/\/youtu.be\/wiAJ5jt4EoE\"><span dir=\"auto\">rozhovoru<\/span><\/a><span dir=\"auto\">\u00a0mezi komikem a podcastov\u00fdm mluv\u010d\u00edm Davem Smithem a investigativn\u00edm novin\u00e1\u0159em Maxem Blumenthalem \u2013 oba \u017eidovsk\u00e9ho p\u016fvodu a Ameri\u010dany \u2013 Blumenthal tvrd\u00ed:\u00a0<\/span><em><span dir=\"auto\">\u201eN\u00e1tlak na N\u011bmecko, aby zastavilo ve\u0161ker\u00e9 dod\u00e1vky zbran\u00ed do Izraele, by mohl ve skute\u010dnosti ukon\u010dit genocidu a zachr\u00e1nit \u017eivoty.\u201c<\/span><\/em><\/p>\n<p><span dir=\"auto\">Historie vypr\u00e1v\u00ed jin\u00fd p\u0159\u00edb\u011bh. Za 130 let n\u011bmeck\u00e9 elity rozpoutaly dv\u011b sv\u011btov\u00e9 v\u00e1lky a \u0161est genocid; jejich historie pat\u0159\u00ed k nejzlo\u010dinn\u011bj\u0161\u00edm v d\u011bjin\u00e1ch lidstva. N\u011bmeck\u00fd odkaz a jeho sou\u010dasn\u00e9 chov\u00e1n\u00ed z\u016fst\u00e1vaj\u00ed jedine\u010dn\u00e9 \u2013 jako by zlo bylo geneticky zako\u0159en\u011bno.<\/span><\/p>\n<p><span dir=\"auto\">Dv\u011b sv\u011btov\u00e9 v\u00e1lky 20. stolet\u00ed vznikly na n\u011bmeck\u00e9 p\u016fd\u011b a vy\u017e\u00e1daly si des\u00edtky milion\u016f \u017eivot\u016f \u2013 v\u010detn\u011b 15 milion\u016f zavra\u017ed\u011bn\u00fdch rusk\u00fdch civilist\u016f \u2013 spolu s holocaustem v Evrop\u011b, genocidou Herer\u016f a Nam\u016f v Africe, masakry v \u010c\u00edn\u011b v roce 1900 a masov\u00fdm vra\u017ed\u011bn\u00edm milion\u016f dal\u0161\u00edch \u010c\u00ed\u0148an\u016f mocnostmi Osy, kter\u00e9 bylo uskute\u010dn\u011bno v Berl\u00edn\u011b v r\u00e1mci Trojstrann\u00e9 smlouvy.<\/span><\/p>\n<h3><strong><span dir=\"auto\">Exportn\u00ed n\u00e1rod smrti: Chemick\u00e9 zbran\u011b, z\u00e1stupn\u00e9 v\u00e1lky a temn\u00e1 str\u00e1nka N\u011bmecka<\/span><\/strong><\/h3>\n<p><span dir=\"auto\">N\u011bmecko nav\u00edc vybavilo Ir\u00e1k Sadd\u00e1ma Husajna prost\u0159edky k zneu\u017e\u00edv\u00e1n\u00ed \u00cdr\u00e1nc\u016f plynem b\u011bhem Z\u00e1padem podporovan\u00e9 v\u00e1lky proti \u00cdr\u00e1nu.<\/span><\/p>\n<p><span dir=\"auto\">N\u011bmecko tak\u00e9 masivn\u011b podporovalo re\u017eim na Ukrajin\u011b, kter\u00fd se v roce 2014 chopil moci pu\u010dem proti demokraticky zvolen\u00e9 vl\u00e1d\u011b. Pov\u00fd\u0161ilo rusofobn\u00edho nacistick\u00e9ho kolaboranta a masov\u00e9ho vraha Stepana Banderu na n\u00e1rodn\u00edho hrdinu, z jeho ideologie u\u010dinilo ofici\u00e1ln\u00ed st\u00e1tn\u00ed doktr\u00ednu, pojmenovalo po n\u011bm ulice, n\u00e1m\u011bst\u00ed a stadiony \u2013 a sou\u010dasn\u011b zak\u00e1zalo knihy v ru\u0161tin\u011b, ruskou pravoslavnou c\u00edrkev, ruskojazy\u010dn\u00e9 politick\u00e9 strany a samotnou ru\u0161tinu, mate\u0159sk\u00fd jazyk milion\u016f Ukrajinc\u016f. T\u00edm dne\u0161n\u00ed n\u011bmeck\u00e9 elity uk\u00e1zaly, jak \u00fazce jsou op\u011bt spjaty s ideologi\u00ed 30. let.<\/span><\/p>\n<h3><strong><span dir=\"auto\">Velk\u00fd obrat: p\u0159episov\u00e1n\u00ed historie a p\u0159\u00edprava sou\u010dasnosti na dal\u0161\u00ed velkou v\u00e1lku<\/span><\/strong><\/h3>\n<p><span dir=\"auto\">N\u011bmecko dnes nejen pop\u00edr\u00e1 viditelnou genocidu v Palestin\u011b, ale aktivn\u011b ji podporuje jako jeden z nejd\u016fle\u017eit\u011bj\u0161\u00edch dodavatel\u016f zbran\u00ed pro Izrael.<\/span><\/p>\n<p><span dir=\"auto\">Z\u00e1rove\u0148 n\u011bme\u010dt\u00ed v\u016fdci op\u011bt mobilizuj\u00ed arm\u00e1du, ekonomiku a obyvatelstvo k v\u00e1lce proti Rusku. O\u017eivuj\u00ed teorii, \u017ee invaze do Sov\u011btsk\u00e9ho svazu v roce 1941 byla \u201epreventivn\u00edm \u00faderem\u201c \u2013 p\u0159esto\u017ee Hitler\u016fv\u00a0<\/span><em><span dir=\"auto\">Mein Kampf<\/span><\/em><span dir=\"auto\">\u00a0(1925, s. 137 a 750) v\u00fdslovn\u011b dokumentuje jeho z\u00e1m\u011br dob\u00fdt a zni\u010dit Rusko.<\/span><\/p>\n<p><span dir=\"auto\">Prob\u00edh\u00e1 skute\u010dn\u011b zvr\u00e1cen\u00e9, systematick\u00e9 obracen\u00ed viny: N\u011bmci jsou vykreslov\u00e1ni jako ob\u011bti, zat\u00edmco Rusov\u00e9 a Sov\u011bti jsou d\u011bl\u00e1ni z pachatel\u016f. Fakta mluv\u00ed sama za sebe:<\/span><\/p>\n<ul>\n<li><span dir=\"auto\">B\u011bhem v\u00fdchodn\u00ed kampan\u011b bylo zabito p\u0159ibli\u017en\u011b 15 milion\u016f rusk\u00fdch civilist\u016f \u2013 mnohem v\u00edce ne\u017e 6 milion\u016f ob\u011bt\u00ed holocaustu \u2013 ale t\u00e9to ot\u00e1zce se v\u011bnuje jen mal\u00e1 pozornost.<\/span><\/li>\n<li><span dir=\"auto\">Rozkazy jako Barbaross\u016fv dekret a Rozkaz komisa\u0159e na\u0159izovaly systematick\u00e9 popravy civilist\u016f Wehrmachtem, nejen SS.<\/span><\/li>\n<li><span dir=\"auto\">Kl\u00ed\u010dov\u00e9 postavy, jako byl n\u00e1\u010deln\u00edk gener\u00e1ln\u00edho \u0161t\u00e1bu Franz Halder, z\u016fstaly po v\u00e1lce bez trestu; m\u00edsto toho si je USA najala, aby napsaly ofici\u00e1ln\u00ed d\u011bjiny v\u00fdchodn\u00edho ta\u017een\u00ed.<\/span><\/li>\n<li><span dir=\"auto\">Na Norimbersk\u00e9m procesu bylo popraveno jen n\u011bkolik \u201ekv\u00f3tn\u00edch nacist\u016f\u201c. Mnoho rozsudk\u016f z procesu s Einsatzgruppen bylo pozd\u011bji zru\u0161eno.<\/span><\/li>\n<\/ul>\n<h3><strong><span dir=\"auto\">Nejv\u00edce ututl\u00e1van\u00e9 zlo\u010diny: \u201eprvn\u00ed\u201c genocidy N\u011bmecka<\/span><\/strong><\/h3>\n<p><span dir=\"auto\">Pod\u00edvejme se na nejv\u00edce ututl\u00e1van\u00e9 n\u011bmeck\u00e9 genocidy, kter\u00e9 elity rad\u011bji ignoruj\u00ed:<\/span><\/p>\n<p><strong><span dir=\"auto\">Od Cyklonu B po sarin: Pr\u016fmyslov\u00e1 role N\u011bmecka ve dvou stolet\u00edch plynov\u00e1n\u00ed \u2013 od nacist\u016f p\u0159es \u00edr\u00e1nsko-ir\u00e1ckou v\u00e1lku a\u017e po Merzovu \u201e\u0161pinavou pr\u00e1ci\u201c v obran\u011b<\/span><\/strong><\/p>\n<p><span dir=\"auto\">B\u011bhem \u00edr\u00e1nsko-ir\u00e1ck\u00e9 v\u00e1lky v letech 1980\u20131988 re\u017eim Sadd\u00e1ma Husajna bez rozd\u00edlu pou\u017e\u00edval chemick\u00e9 zbran\u011b proti \u00edr\u00e1nsk\u00fdm voj\u00e1k\u016fm a civilist\u016fm. V\u00edce ne\u017e 80 n\u011bmeck\u00fdch spole\u010dnost\u00ed dodalo kl\u00ed\u010dov\u00e9 meziprodukty, vybaven\u00ed a technick\u00e9 know-how, kter\u00e9 umo\u017enily Ir\u00e1ku vyr\u00e1b\u011bt yperit a nervov\u011b paralytick\u00e9 l\u00e1tky, jako je sarin. Tyto \u00fatoky st\u00e1ly \u017eivoty des\u00edtek tis\u00edc \u00cdr\u00e1nc\u016f a zp\u016fsobily trval\u00e9 po\u0161kozen\u00ed d\u00fdchac\u00edho, nervov\u00e9ho a zrakov\u00e9ho syst\u00e9mu des\u00edtek tis\u00edc dal\u0161\u00edch.<\/span><\/p>\n<p><span dir=\"auto\">Civilist\u00e9 v pohrani\u010dn\u00edch oblastech stra\u0161liv\u011b trp\u011bli, kdy\u017e se oblaka jedovat\u00e9ho plynu \u0161\u00ed\u0159ila do vesnic, pol\u00ed a m\u011bst a postihovala cel\u00e9 rodiny, farm\u00e1\u0159e i nechr\u00e1n\u011bn\u00e9 zdravotnick\u00e9 t\u00fdmy. V Ir\u00e1ku byly chemick\u00e9 zbran\u011b pou\u017eity k terorizaci a vylid\u0148ov\u00e1n\u00ed kurdsk\u00fdch oblast\u00ed \u2013 zejm\u00e9na p\u0159i masakru v Halabd\u017ei v b\u0159eznu 1988, kde b\u011bhem jedin\u00e9ho dne zem\u0159elo asi 5 000 civilist\u016f, p\u0159ev\u00e1\u017en\u011b \u017een, d\u011bt\u00ed a star\u0161\u00edch lid\u00ed, a tis\u00edce dal\u0161\u00edch byly odsouzeny k celo\u017eivotn\u00edmu utrpen\u00ed.<\/span><\/p>\n<p><span dir=\"auto\">Samotn\u00fd rozsah t\u011bchto zlo\u010din\u016f podtrhuje hlubokou lidskou katastrofu zp\u016fsobenou n\u011bmeckou pr\u016fmyslovou spolu\u00fa\u010dast\u00ed na jedn\u00e9 z nejhor\u0161\u00edch kampan\u00ed s chemick\u00fdmi zbran\u011bmi konce 20. stolet\u00ed. N\u011bmecko se op\u011bt ocitlo v pop\u0159ed\u00ed pr\u016fmyslov\u011b organizovan\u00e9ho masov\u00e9ho vra\u017ed\u011bn\u00ed.<\/span><\/p>\n<p><span dir=\"auto\">N\u011bmecko se naposledy p\u0159\u00edmo pod\u00edlelo na plynov\u00e1n\u00ed lid\u00ed sotva p\u0159ed osmi desetilet\u00edmi: Za nacistick\u00e9ho re\u017eimu N\u011bmci plynovali \u017didy, Romy (\u010dasto naz\u00fdvan\u00e9 \u201eCik\u00e1ny\u201c), homosexu\u00e1ly, politick\u00e9 odp\u016frce, jako jsou komunist\u00e9, socialist\u00e9 a odbor\u00e1\u0159i, a tak\u00e9 dal\u0161\u00ed skupiny klasifikovan\u00e9 jako \u201epodlid\u00e9\u201c, jako jsou sv\u011bdkov\u00e9 Jehovovi, \u010derno\u0161i, Slovan\u00e9, sov\u011bt\u0161t\u00ed v\u00e1le\u010dn\u00ed zajatci a bezdomovci.<\/span><\/p>\n<p><span dir=\"auto\">Kancl\u00e9\u0159\u00a0<\/span><a href=\"https:\/\/felixabt.substack.com\/p\/germanys-old-ghosts-and-demons-are?utm_source=publication-search\"><span dir=\"auto\">Friedrich Merz<\/span><\/a><span dir=\"auto\">\u00a0pokra\u010duje v t\u00e9to temn\u00e9 tradici n\u00e1sil\u00ed. Vehementn\u011b obhajoval dvan\u00e1ctidenn\u00ed v\u00e1lku Izraele proti \u00cdr\u00e1nu v \u010dervnu 2025 \u2013 nevyprovokovan\u00fd \u00fatok, p\u0159i kter\u00e9m zahynuly stovky \u00edr\u00e1nsk\u00fdch voj\u00e1k\u016f, zavra\u017ed\u011bny jadern\u00e9 v\u011bdce a jejich rodiny a \u00famysln\u011b se zam\u011b\u0159il na civiln\u00ed oblasti a m\u00edrov\u00e1 jadern\u00e1 za\u0159\u00edzen\u00ed.<\/span><\/p>\n<p><span dir=\"auto\">Zobrazovat takovou brutalitu jako nezbytnou nebo ospravedlnitelnou je prost\u011b obsc\u00e9nn\u00ed. Merzova charakteristika neleg\u00e1ln\u00ed izraelsk\u00e9 v\u00e1lky agrese jako\u00a0<\/span><a href=\"https:\/\/www.politico.eu\/newsletter\/berlin-bulletin\/merzs-dirty-work\/\"><span dir=\"auto\">\u201e\u0161pinav\u00e9 pr\u00e1ce ve prosp\u011bch sv\u011bta\u201c<\/span><\/a><span dir=\"auto\">\u00a0zlov\u011bstn\u011b p\u0159ipom\u00edn\u00e1\u00a0<\/span><a href=\"https:\/\/felixabt.substack.com\/p\/germanys-dangerous-turn-militarism?utm_source=publication-search\"><span dir=\"auto\">nebezpe\u010dn\u00fd militarismus<\/span><\/a><span dir=\"auto\">\u00a0, kter\u00fd definoval nejtemn\u011bj\u0161\u00ed kapitolu N\u011bmecka.<\/span><\/p>\n<h3><strong><span dir=\"auto\">Zapomenut\u00fd masakr: Prvn\u00ed n\u011bmeck\u00e1 genocida v \u010c\u00edn\u011b<\/span><\/strong><\/h3>\n<p><span dir=\"auto\">V roce 1900 vypuklo v severn\u00ed \u010c\u00edn\u011b Boxersk\u00e9 povst\u00e1n\u00ed \u2013 zoufal\u00e1 vzpoura proti zahrani\u010dn\u00edmu vyko\u0159is\u0165ov\u00e1n\u00ed. N\u011bmecko se k Osmin\u00e1rodn\u00ed alianci p\u0159ipojilo pozd\u011b, ale ude\u0159ilo nejbrut\u00e1ln\u011bji. C\u00edsa\u0159 Vil\u00e9m II. ve sv\u00e9m nechvaln\u011b zn\u00e1m\u00e9m \u201eHunsk\u00e9m projevu\u201c vyz\u00fdval voj\u00e1ky, aby nebrali \u017e\u00e1dn\u00e9 zajatce a aby vzbuzovali strach z n\u011bmeck\u00e9ho jm\u00e9na.<\/span><\/p>\n<p><span dir=\"auto\">Pod veden\u00edm poln\u00edho mar\u0161\u00e1la von Waldersee n\u011bmeck\u00e9 expedice zpusto\u0161ily provincii Zhili, vypalovaly vesnice a hromadn\u011b popravovaly dosp\u011bl\u00e9 mu\u017ee (zejm\u00e9na p\u0159i masakru v Liangxiangu). Dobov\u00e9 zpr\u00e1vy popisuj\u00ed n\u011bmeck\u00e1 vojska jako mimo\u0159\u00e1dn\u011b krut\u00e1.<\/span><\/p>\n<p><span dir=\"auto\">Historici nyn\u00ed uzn\u00e1vaj\u00ed tyto operace \u2013 masov\u00e9 popravy, vyvra\u017e\u010fov\u00e1n\u00ed vesnic a teror proti civilist\u016fm \u2013 za prvn\u00ed n\u011bmeckou genocidu 20. stolet\u00ed, kter\u00e1 poskytla pl\u00e1n pro genocidu Herer\u016f a Nam\u016f i pro holocaust.<\/span><\/p>\n<h3><strong><span dir=\"auto\">Druh\u00e1 genocida: Vyhlazen\u00ed Herer\u016f a Nam\u016f<\/span><\/strong><\/h3>\n<p><span dir=\"auto\">Mezi lety 1904 a 1908 n\u011bmeck\u00e9 jednotky pod veden\u00edm gener\u00e1la von Trothy systematicky vyhlazovaly n\u00e1rody Herer\u016f a Nam\u016f na \u00fazem\u00ed dne\u0161n\u00ed Namibie. Po bitv\u011b u Waterbergu byli p\u0159e\u017eiv\u0161\u00ed vyhn\u00e1ni do bezvod\u00e9 pou\u0161t\u011b Omaheke a prameny byly uzav\u0159eny.<\/span><\/p>\n<p><span dir=\"auto\">Von Troth\u016fv \u201evyhlazovac\u00ed p\u0159\u00edkaz\u201c se zam\u011b\u0159oval na mu\u017ee, \u017eeny i d\u011bti. P\u0159e\u017eiv\u0161\u00ed trp\u011bli v brut\u00e1ln\u00edch koncentra\u010dn\u00edch t\u00e1borech, jako byl Shark Island, kde za\u017e\u00edvali nucen\u00e9 pr\u00e1ce, hladov\u011bn\u00ed, popravy a sexu\u00e1ln\u00ed n\u00e1sil\u00ed. Do roku 1908 bylo mrtv\u00fdch 70\u201380 % Herer\u016f a 50 % Nam\u016f. Tato kampa\u0148 vedla ke vzniku koncentra\u010dn\u00edch t\u00e1bor\u016f a rasov\u011b motivovan\u00e9mu masov\u00e9mu vra\u017ed\u011bn\u00ed, kter\u00e9 se pozd\u011bji stalo \u00fast\u0159edn\u00edm bodem holocaustu.<\/span><\/p>\n<h3><strong><span dir=\"auto\">Selektivn\u00ed od\u010din\u011bn\u00ed a renesance samolib\u00e9ho moralizuj\u00edc\u00edho ukazov\u00e1n\u00ed prstem<\/span><\/strong><\/h3>\n<p><span dir=\"auto\">N\u011bmecko potla\u010dovalo a tajilo historii genocidy Herer\u016f a Nam\u016f po v\u00edce ne\u017e stolet\u00ed, form\u00e1ln\u011b ji uznalo a\u017e v roce 2021 \u2013 odm\u00edtlo p\u0159\u00edm\u00e9 reparace a m\u00edsto toho nab\u00edzelo pouze \u201erozvojovou pomoc\u201c pro potomky.<\/span><\/p>\n<p><span dir=\"auto\">Toto selektivn\u00ed pok\u00e1n\u00ed odhaluje p\u0159etrv\u00e1vaj\u00edc\u00ed pokrytectv\u00ed: N\u011bmecko omlouv\u00e1 jen tehdy, kdy\u017e se mu to hod\u00ed, a z\u00e1rove\u0148 podporuje modern\u00ed re\u017eimy, kter\u00e9 p\u00e1chaj\u00ed ty sam\u00e9 zlo\u010diny, kter\u00e9 si kdysi vymyslelo.<\/span><\/p>\n<p><span dir=\"auto\">P\u0159esto n\u011bme\u010dt\u00ed politici cestuj\u00ed po sv\u011bt\u011b, jako nikdo jin\u00fd ukazuj\u00ed na sv\u00e9\u00a0<\/span><a href=\"https:\/\/www.politico.eu\/article\/germans-need-to-stop-with-the-finger-wagging\/\"><span dir=\"auto\">mor\u00e1ln\u00ed hodnoty<\/span><\/a><span dir=\"auto\">\u00a0a p\u0159edn\u00e1\u0161ej\u00ed o \u201evy\u0161\u0161\u00edch hodnot\u00e1ch\u201c \u2013 zat\u00edmco se p\u0159ipravuj\u00ed na dal\u0161\u00ed v\u00e1lku proti Rusku, nezodpov\u011bdn\u011b riskuj\u00ed t\u0159et\u00ed sv\u011btovou v\u00e1lku a znovu dokazuj\u00ed, \u017ee jsou spolupachatelem genocidy na Bl\u00edzk\u00e9m v\u00fdchod\u011b.<\/span><\/p>\n<p><span dir=\"auto\">Dne\u0161n\u00ed n\u011bmeck\u00e9 elity spolu s jejich stranick\u00fdmi m\u00e9dii, kter\u00e1 u\u017e d\u00e1vno vym\u011bnila objektivitu a spravedlnost za zaujatost, jsou nesporn\u00fdmi sv\u011btov\u00fdmi \u0161ampiony v pokrytectv\u00ed \u2013 stejn\u011b klamn\u00fdmi a nebezpe\u010dn\u00fdmi jako jejich p\u0159edch\u016fdci ve 20. stolet\u00ed. Bu\u010fte varov\u00e1ni!<\/span><\/p>\n<p>\u25aa\u00a0\u25aa\u00a0\u25aa<\/p>\n<p><em><span dir=\"auto\"><strong>Felix Abt<\/strong> je podnikatel, autor (felixabt.substack.com) a cestovatelsk\u00fd blogger (\u00a0<\/span><\/em><a href=\"mailto:youtube.com\/@lixplore\"><em><span dir=\"auto\">youtube.com\/@lixplore<\/span><\/em><\/a><em><span dir=\"auto\"> ) \u017eij\u00edc\u00ed v Asii<\/span><\/em><\/p>\n<p>&nbsp;<\/p>\n","protected":false},"excerpt":{"rendered":"<p>130let\u00e1 historie n\u011bmeck\u00fdch elit: dv\u011b sv\u011btov\u00e9 v\u00e1lky, \u0161est genocid, v\u010detn\u011b jejich sou\u010dasn\u00e9 spolu\u00fa\u010dasti v Palestin\u011b&#8230;<\/p>\n","protected":false},"author":2,"featured_media":99940,"comment_status":"closed","ping_status":"closed","sticky":false,"template":"","format":"standard","meta":[],"categories":[7],"tags":[178,398,429,84],"_links":{"self":[{"href":"https:\/\/www.infokuryr.cz\/n\/wp-json\/wp\/v2\/posts\/99939"}],"collection":[{"href":"https:\/\/www.infokuryr.cz\/n\/wp-json\/wp\/v2\/posts"}],"about":[{"href":"https:\/\/www.infokuryr.cz\/n\/wp-json\/wp\/v2\/types\/post"}],"author":[{"embeddable":true,"href":"https:\/\/www.infokuryr.cz\/n\/wp-json\/wp\/v2\/users\/2"}],"replies":[{"embeddable":true,"href":"https:\/\/www.infokuryr.cz\/n\/wp-json\/wp\/v2\/comments?post=99939"}],"version-history":[{"count":0,"href":"https:\/\/www.infokuryr.cz\/n\/wp-json\/wp\/v2\/posts\/99939\/revisions"}],"wp:featuredmedia":[{"embeddable":true,"href":"https:\/\/www.infokuryr.cz\/n\/wp-json\/wp\/v2\/media\/99940"}],"wp:attachment":[{"href":"https:\/\/www.infokuryr.cz\/n\/wp-json\/wp\/v2\/media?parent=99939"}],"wp:term":[{"taxonomy":"category","embeddable":true,"href":"https:\/\/www.infokuryr.cz\/n\/wp-json\/wp\/v2\/categories?post=99939"},{"taxonomy":"post_tag","embeddable":true,"href":"https:\/\/www.infokuryr.cz\/n\/wp-json\/wp\/v2\/tags?post=99939"}],"curies":[{"name":"wp","href":"https:\/\/api.w.org\/{rel}","templated":true}]}}