{"id":99937,"date":"2026-02-20T00:16:31","date_gmt":"2026-02-19T23:16:31","guid":{"rendered":"https:\/\/www.infokuryr.cz\/n\/?p=99937"},"modified":"2026-02-19T12:23:19","modified_gmt":"2026-02-19T11:23:19","slug":"izraelska-vlada-nainstalovala-a-udrzovala-v-epsteinove-byte-bezpecnostni-system","status":"publish","type":"post","link":"https:\/\/www.infokuryr.cz\/n\/2026\/02\/20\/izraelska-vlada-nainstalovala-a-udrzovala-v-epsteinove-byte-bezpecnostni-system\/","title":{"rendered":"Izraelsk\u00e1 vl\u00e1da nainstalovala a udr\u017eovala v Epsteinov\u011b byt\u011b bezpe\u010dnostn\u00ed syst\u00e9m"},"content":{"rendered":"<div id=\"fb-root\"><\/div>\n<div class=\"elementor-element elementor-element-1fb4c2c elementor-widget elementor-widget-theme-post-content\" data-id=\"1fb4c2c\" data-element_type=\"widget\" data-e-type=\"widget\" data-widget_type=\"theme-post-content.default\">\n<div class=\"elementor-widget-container\" style=\"text-align: left;\">\n<p><strong><span dir=\"auto\">Izraelsk\u00e1 vl\u00e1da instalovala bezpe\u010dnostn\u00ed za\u0159\u00edzen\u00ed a popla\u0161n\u00e9 syst\u00e9my v nechvaln\u011b zn\u00e1m\u00e9 rezidenci na Manhattanu, kterou \u010dasto vyu\u017e\u00edval b\u00fdval\u00fd premi\u00e9r Ehud Barak.<\/span><\/strong><\/p>\n<p><span dir=\"auto\">Izraelsk\u00e1 vl\u00e1da instalovala bezpe\u010dnostn\u00ed za\u0159\u00edzen\u00ed a kontrolovala p\u0159\u00edstup do bytov\u00e9ho domu na Manhattanu, kter\u00fd spravuje odsouzen\u00fd sexu\u00e1ln\u00ed delikvent Jeffrey Epstein, jak vypl\u00fdv\u00e1 ze s\u00e9rie e-mail\u016f ned\u00e1vno zve\u0159ejn\u011bn\u00fdch americk\u00fdm ministerstvem spravedlnosti. Za\u0159\u00edzen\u00ed bylo instalov\u00e1no od za\u010d\u00e1tku roku 2016 na adrese 301 E. 66th Street \u2013 v rezidenci, kde se b\u00fdval\u00fd izraelsk\u00fd premi\u00e9r Ehud Barak pravideln\u011b a del\u0161\u00ed dobu zdr\u017eoval.<\/span><\/p>\n<p><span dir=\"auto\">Bezpe\u010dnostn\u00ed operace v Ehudov\u011b byt\u011b trvala nejm\u00e9n\u011b dva roky, jak vypl\u00fdv\u00e1 z e-mail\u016f zve\u0159ejn\u011bn\u00fdch ministerstvem spravedlnosti. \u00da\u0159edn\u00edci ze St\u00e1l\u00e9 izraelsk\u00e9 mise p\u0159i OSN byli v pravideln\u00e9m kontaktu s Epsteinov\u00fdmi spolupracovn\u00edky, aby projednali bezpe\u010dnostn\u00ed z\u00e1le\u017eitosti. Byt form\u00e1ln\u011b vlastnila spole\u010dnost spojen\u00e1 s Epsteinov\u00fdm bratrem Markem Epsteinem, ale fakticky jej ovl\u00e1dal Jeffrey Epstein. Byty v budov\u011b byly \u010dasto pronaj\u00edm\u00e1ny Epsteinov\u00fdm kontakt\u016fm a vyu\u017e\u00edv\u00e1ny\u00a0<\/span><a href=\"https:\/\/www.businessinsider.com\/the-nyc-building-at-the-center-of-jeffrey-epsteins-web-2019-8\" target=\"_blank\" rel=\"noreferrer noopener\" data-type=\"link\" data-id=\"https:\/\/www.businessinsider.com\/the-nyc-building-at-the-center-of-jeffrey-epsteins-web-2019-8\"><span dir=\"auto\">k ubytov\u00e1n\u00ed nezletil\u00fdch modelek<\/span><\/a><span dir=\"auto\">\u00a0.<\/span><\/p>\n<p><span dir=\"auto\">Rafi \u0160lomo, tehdej\u0161\u00ed \u0161\u00e9f bezpe\u010dnosti izraelsk\u00e9 mise p\u0159i OSN v New Yorku a \u0161\u00e9f Barakova bezpe\u010dnostn\u00edho t\u00fdmu, si dopisoval s Epsteinov\u00fdmi zam\u011bstnanci, aby zorganizoval koordina\u010dn\u00ed bezpe\u010dnostn\u00ed sch\u016fzky a napl\u00e1noval instalaci speci\u00e1ln\u00edho sledovac\u00edho za\u0159\u00edzen\u00ed v rezidenci na 66. ulici. \u0160lomo osobn\u011b kontroloval p\u0159\u00edstup host\u016f do bytu a dokonce prov\u00e1d\u011bl prov\u011brky \u00faklidov\u00e9ho person\u00e1lu a Epsteinov\u00fdch zam\u011bstnanc\u016f.<\/span><\/p>\n<p><span dir=\"auto\">Podle izraelsk\u00fdch z\u00e1kon\u016f b\u00fdval\u00ed premi\u00e9\u0159i a dal\u0161\u00ed vysoce postaven\u00ed \u00fa\u0159edn\u00edci obvykle vyu\u017e\u00edvaj\u00ed bezpe\u010dnostn\u00edch slu\u017eeb i po odchodu z funkce. Podle e-mail\u016f Epstein osobn\u011b schv\u00e1lil instalaci za\u0159\u00edzen\u00ed a povolil sch\u016fzky mezi sv\u00fdmi zam\u011bstnanci a izraelsk\u00fdmi bezpe\u010dnostn\u00edmi \u00fa\u0159edn\u00edky.<\/span><\/p>\n<p><span dir=\"auto\">Ehud Barak ani izraelsk\u00e1 mise p\u0159i OSN na \u017e\u00e1dosti o koment\u00e1\u0159 nereagovali.<\/span><\/p>\n<p><span dir=\"auto\">V dob\u011b Epsteinovy \u200b\u200bsmrti v roce 2019 Barak bagatelizoval sv\u00e9 spojen\u00ed se zneuct\u011bn\u00fdm finan\u010dn\u00edkem a uvedl, \u017ee a\u010dkoli se s Epsteinem n\u011bkolikr\u00e1t setkal, Epstein ho \u201eani nepodporoval, ani neplatil\u201c.<\/span><\/p>\n<p><span dir=\"auto\">Premi\u00e9r Benjamin Netanjahu ned\u00e1vno nazna\u010dil, \u017ee Epsteinovy \u200b\u200bbl\u00edzk\u00e9 vazby na Baraka \u2013 dlouholet\u00e9ho funkcion\u00e1\u0159e Labouristick\u00e9 strany a Netanjahuova politick\u00e9ho rivala \u2013 argumentovaly sp\u00ed\u0161e proti ne\u017e pro tvrzen\u00ed, \u017ee Epstein pracoval pro Izrael. \u201eNeobvykle bl\u00edzk\u00fd vztah Jeffreyho Epsteina s Ehudem Barakem nenazna\u010duje, \u017ee Epstein pracoval pro Izrael. Dokazuje opak,\u201c \u0159ekl Netanjahu. \u201eBarak, uv\u011bzn\u011bn\u00fd svou volebn\u00ed por\u00e1\u017ekou p\u0159ed v\u00edce ne\u017e dv\u011bma desetilet\u00edmi, se ji\u017e l\u00e9ta posedle sna\u017e\u00ed podkopat izraelskou demokracii spoluprac\u00ed s antisionistickou radik\u00e1ln\u00ed levic\u00ed \u2013 v ne\u00fasp\u011b\u0161n\u00fdch pokusech o svr\u017een\u00ed zvolen\u00e9 izraelsk\u00e9 vl\u00e1dy.\u201c<\/span><\/p>\n<p><span dir=\"auto\">V e-mailov\u00e9 korespondenci z ledna 2016 mezi Barakovou man\u017eelkou Nili Priellovou a Epsteinovou spolupracovnic\u00ed \u2013 jej\u00ed\u017e jm\u00e9no je \u010d\u00e1ste\u010dn\u011b zatajeno, ale v jin\u00e9 komunikaci se objevuje jako jeho dlouholet\u00e1 asistentka Lesley Groffov\u00e1 \u2013 se hovo\u0159ilo o instalaci alarmu a sledovac\u00edho za\u0159\u00edzen\u00ed v rezidenci, v\u010detn\u011b \u0161esti \u201esenzor\u016f nalepen\u00fdch na oknech a mo\u017enosti d\u00e1lkov\u00e9ho ovl\u00e1d\u00e1n\u00ed p\u0159\u00edstupu do prostor\u201c. Priell Epsteinovy \u200b\u200bspolupracovn\u00edky informovala, \u017ee \u201esyst\u00e9m mohou na d\u00e1lku deaktivovat d\u0159\u00edve, ne\u017e kdokoli bude pot\u0159ebovat vstoupit do bytu. Jedin\u00e9, co je t\u0159eba ud\u011blat, je zavolat Rafimu na konzul\u00e1t a sd\u011blit mu, kdo a kdy vch\u00e1z\u00ed.\u201c<\/span><\/p>\n<p><span dir=\"auto\">Korespondence rovn\u011b\u017e nazna\u010dovala, \u017ee pr\u00e1ce izraelsk\u00e9 vl\u00e1dy byla tak rozs\u00e1hl\u00e1, \u017ee ji musel osobn\u011b schv\u00e1lit Epstein. \u201eJeffrey \u0159\u00edk\u00e1, \u017ee s d\u00edrami ve zdech nem\u00e1 probl\u00e9m a \u017ee je v\u0161e v naprost\u00e9m po\u0159\u00e1dku!\u201c napsal Groff Barakovi a Priellovi.<\/span><br \/>\n<span dir=\"auto\">Korespondence mezi Nili Priellem a Barakem ohledn\u011b zabezpe\u010den\u00ed byt\u016f, 15. ledna 2016.<\/span><\/p>\n<figure class=\"wp-block-image aligncenter size-large\"><img decoding=\"async\" loading=\"lazy\" class=\"aligncenter\" src=\"https:\/\/substackcdn.com\/image\/fetch\/$s_!0XL8!,w_1456,c_limit,f_webp,q_auto:good,fl_progressive:steep\/https%3A%2F%2Fsubstack-post-media.s3.amazonaws.com%2Fpublic%2Fimages%2F0af301ce-8377-4780-8d14-88629f445b35_1600x1058.png\" alt=\"\" width=\"727\" height=\"481\" \/><figcaption class=\"wp-element-caption\"><em><span dir=\"auto\">Korespondence mezi Nili Priell Barakovou ohledn\u011b bezpe\u010dnosti v byt\u011b, 15. ledna 2016.<\/span><\/em><\/figcaption><\/figure>\n<p><span dir=\"auto\">Mise byla v pravideln\u00e9m kontaktu se z\u00e1stupci Epsteina b\u011bhem n\u011bkolika n\u00e1v\u0161t\u011bv Baraka a jeho man\u017eelky v letech 2016 a 2017.<\/span><\/p>\n<p><span dir=\"auto\">V e-mailu z ledna 2017 adresovan\u00e9m Shlomoovi \u2013 s p\u0159edm\u011btem \u201eJeffrey Epstein RE Ehud\u016fv byt\u201c \u2013 poskytla Epsteinova asistentka izraelsk\u00fdm \u00fa\u0159edn\u00edk\u016fm seznam zam\u011bstnanc\u016f, kte\u0159\u00ed by pot\u0159ebovali p\u0159\u00edstup do bytu, a dodala: \u201eP\u0159edpokl\u00e1d\u00e1m, \u017ee u\u017e m\u00e1te kopii jej\u00edho pr\u016fkazu toto\u017enosti z doby p\u0159ed n\u011bjakou dobou\u2026 je hospodyn\u011b a u\u017e dlouho z bytu chod\u00ed a odch\u00e1z\u00ed!\u201c O n\u011bkolik t\u00fddn\u016f pozd\u011bji napsala samotn\u00e9mu Epsteinovi: \u201eRafi, \u0161\u00e9f Ehudovy ochranky, se pt\u00e1, zda bych se s n\u00edm mohla setkat v jeho kancel\u00e1\u0159i (800 2nd Ave a 42nd) v \u00fater\u00fd 14. v 16 hodin ohledn\u011b Ehudova bytu.\u201c Epstein sch\u016fzku schv\u00e1lil.<\/span><\/p>\n<p><span dir=\"auto\">Korespondence pokra\u010dovala po cel\u00fd rok \u2013 v srpnu Epstein\u016fv asistent znovu kontaktoval \u0160loma, aby ho informoval o dal\u0161\u00edm pobytu Baraka a jeho man\u017eelky v Epsteinov\u011b rezidenci. Do listopadu 2017 \u0160loma nahradil jin\u00fd izraelsk\u00fd \u00fa\u0159edn\u00edk, kter\u00fd pro Baraka \u0159\u00eddil bezpe\u010dnost a dohled.<\/span><br \/>\n<span dir=\"auto\">Korespondence mezi Epsteinem a nejmenovanou osobou ohledn\u011b bezpe\u010dnosti \u201eEhudova bytu\u201c, 6. \u00fanora 2017.<\/span><\/p>\n<figure class=\"wp-block-image aligncenter size-large\"><img decoding=\"async\" loading=\"lazy\" class=\"aligncenter\" src=\"https:\/\/substackcdn.com\/image\/fetch\/$s_!xuJw!,w_1456,c_limit,f_webp,q_auto:good,fl_progressive:steep\/https%3A%2F%2Fsubstack-post-media.s3.amazonaws.com%2Fpublic%2Fimages%2F185019ac-a680-428e-8cd8-09f7426ad51a_1372x1174.png\" alt=\"\" width=\"762\" height=\"652\" \/><figcaption class=\"wp-element-caption\"><em><span dir=\"auto\">Korespondence mezi Epsteinem a nejmenovanou osobou ohledn\u011b zabezpe\u010den\u00ed \u201eEhudova bytu\u201c, 6. \u00fanora 2017.<\/span><\/em><\/figcaption><\/figure>\n<p><span dir=\"auto\">Barak\u016fv dlouholet\u00fd spolupracovn\u00edk Yoni Koren, kter\u00fd zem\u0159el v roce 2023, byl dal\u0161\u00edm \u010dast\u00fdm n\u00e1v\u0161t\u011bvn\u00edkem Epsteinova bytu na 66. ulici. Koren tam pob\u00fdval n\u011bkolikr\u00e1t \u2013 v\u010detn\u011b roku 2013, kdy st\u00e1le p\u016fsobil jako \u201evedouc\u00ed kancel\u00e1\u0159e\u201c na izraelsk\u00e9m ministerstvu obrany, jak vypl\u00fdv\u00e1 z kalend\u00e1\u0159\u016f zve\u0159ejn\u011bn\u00fdch vy\u0161et\u0159ovac\u00edm v\u00fdborem Sn\u011bmovny reprezentant\u016f pro p\u0159\u00edpad Epsteina a e-mail\u016f zve\u0159ejn\u011bn\u00fdch organizac\u00ed Distributed Denial of Secrets. E-mailov\u00e1 korespondence z Barakovy schr\u00e1nky tak\u00e9 uk\u00e1zala, \u017ee si Koren s Epsteinem vym\u011b\u0148oval informace o bankovn\u00edm p\u0159evodu, jak d\u0159\u00edve informoval Drop Site.<\/span><\/p>\n<p><span dir=\"auto\">Nov\u00e9 e-maily zve\u0159ejn\u011bn\u00e9 ministerstvem spravedlnosti ukazuj\u00ed, \u017ee Koren i nad\u00e1le \u017eil v Epsteinov\u011b byt\u011b, zat\u00edmco se Epstein l\u00e9\u010dil v New Yorku \u2013 a\u017e do druh\u00e9ho zat\u010den\u00ed a smrti finan\u010dn\u00edka v roce 2019.<\/span><\/p>\n<p><em><strong><span dir=\"auto\">Ryan Grim, Murtaza Hussain<\/span><\/strong><\/em><\/p>\n<\/div>\n<\/div>\n<div class=\"elementor-element elementor-element-8c57238 quelle dc-has-condition dc-condition-empty elementor-widget elementor-widget-heading\" data-id=\"8c57238\" data-element_type=\"widget\" data-e-type=\"widget\" data-widget_type=\"heading.default\">\n<div class=\"elementor-widget-container\">\n<h3 class=\"elementor-heading-title elementor-size-default\"><span style=\"font-size: 10pt;\"><a href=\"https:\/\/www.dropsitenews.com\/p\/israeli-government-surveillance-epstein-apartment-66th-street-ehud-barak?utm_source=post-email-title&amp;publication_id=2510348&amp;post_id=188273311&amp;utm_campaign=email-post-title&amp;isFreemail=false&amp;r=pf6gr&amp;triedRedirect=true&amp;utm_medium=email\" target=\"_blank\" rel=\"nofollow noopener\"><span dir=\"auto\">Zdroj<\/span><\/a><\/span><\/h3>\n<p>&nbsp;<\/p>\n<\/div>\n<\/div>\n","protected":false},"excerpt":{"rendered":"<p>Izraelsk\u00e1 vl\u00e1da instalovala bezpe\u010dnostn\u00ed za\u0159\u00edzen\u00ed a popla\u0161n\u00e9 syst\u00e9my v nechvaln\u011b zn\u00e1m\u00e9 rezidenci na Manhattanu, kterou&#8230;<\/p>\n","protected":false},"author":2,"featured_media":99938,"comment_status":"closed","ping_status":"closed","sticky":false,"template":"","format":"standard","meta":[],"categories":[7],"tags":[3728,6249,107],"_links":{"self":[{"href":"https:\/\/www.infokuryr.cz\/n\/wp-json\/wp\/v2\/posts\/99937"}],"collection":[{"href":"https:\/\/www.infokuryr.cz\/n\/wp-json\/wp\/v2\/posts"}],"about":[{"href":"https:\/\/www.infokuryr.cz\/n\/wp-json\/wp\/v2\/types\/post"}],"author":[{"embeddable":true,"href":"https:\/\/www.infokuryr.cz\/n\/wp-json\/wp\/v2\/users\/2"}],"replies":[{"embeddable":true,"href":"https:\/\/www.infokuryr.cz\/n\/wp-json\/wp\/v2\/comments?post=99937"}],"version-history":[{"count":0,"href":"https:\/\/www.infokuryr.cz\/n\/wp-json\/wp\/v2\/posts\/99937\/revisions"}],"wp:featuredmedia":[{"embeddable":true,"href":"https:\/\/www.infokuryr.cz\/n\/wp-json\/wp\/v2\/media\/99938"}],"wp:attachment":[{"href":"https:\/\/www.infokuryr.cz\/n\/wp-json\/wp\/v2\/media?parent=99937"}],"wp:term":[{"taxonomy":"category","embeddable":true,"href":"https:\/\/www.infokuryr.cz\/n\/wp-json\/wp\/v2\/categories?post=99937"},{"taxonomy":"post_tag","embeddable":true,"href":"https:\/\/www.infokuryr.cz\/n\/wp-json\/wp\/v2\/tags?post=99937"}],"curies":[{"name":"wp","href":"https:\/\/api.w.org\/{rel}","templated":true}]}}