{"id":99907,"date":"2026-02-19T06:51:26","date_gmt":"2026-02-19T05:51:26","guid":{"rendered":"https:\/\/www.infokuryr.cz\/n\/?p=99907"},"modified":"2026-02-19T06:51:26","modified_gmt":"2026-02-19T05:51:26","slug":"petr-vlk-evropsky-kolektivni-zapad-aneb-jak-byt-tak-trochu-tehotny-ale-hlavne-nebyt","status":"publish","type":"post","link":"https:\/\/www.infokuryr.cz\/n\/2026\/02\/19\/petr-vlk-evropsky-kolektivni-zapad-aneb-jak-byt-tak-trochu-tehotny-ale-hlavne-nebyt\/","title":{"rendered":"Petr Vlk: Evropsk\u00fd kolektivn\u00ed Z\u00e1pad \u2013 aneb jak b\u00fdt tak trochu t\u011bhotn\u00fd. Ale hlavn\u011b neb\u00fdt"},"content":{"rendered":"<div id=\"fb-root\"><\/div>\n<p>Po\u0159\u00e1d\u00a0 je\u0161t\u011b\u00a0 pat\u0159\u00ed\u00a0 mezi\u00a0 papal\u00e1\u0161i\u00a0 kolektivn\u00edho\u00a0 evropsk\u00e9ho\u00a0 Z\u00e1padu do jejich\u00a0 kodexu\u00a0 \u00a0tv\u00e1\u0159it\u00a0 se,\u00a0 \u017ee\u00a0 Putin je\u00a0 Putler,\u00a0 tedy odporn\u00e1\u00a0 lidsk\u00e1\u00a0 bytost,\u00a0 s n\u00edm\u017e\u00a0 slu\u0161n\u00fd,\u00a0 z\u00e1sadov\u00fd\u00a0 politik\u00a0 nejen\u00a0 \u017ee\u00a0 nesm\u00ed\u00a0 mluvit,\u00a0 ale\u00a0 v\u017edy\u00a0 je\u00a0 jeho povinnost\u00ed,\u00a0 kdy\u017e na Putlera\u00a0 nebo\u00a0 Rusko\u00a0 dojde,\u00a0 si\u00a0 n\u00e1le\u017eit\u011b\u00a0 demonstrativn\u011b\u00a0 odplivnou a\u00a0 to\u00a0 tak, aby\u00a0 ten\u00a0 chrchel\u00a0 doty\u010dn\u00fd\u00a0 vyt\u00e1hl\u00a0 hodn\u011b\u00a0 hlasit\u011b\u00a0 a\u017e\u00a0 z palce\u00a0 lev\u00e9\u00a0 nohy\u2026<\/p>\n<p>Takhle\u00a0 to\u00a0 zat\u00edm\u00a0 vel\u00ed\u00a0 uHnijn\u00ed\u00a0 a\u00a0 kolektivn\u011b evropsk\u00fd\u00a0 \u00a0bonton.\u00a0 Kter\u00fd\u00a0 vzorn\u011b\u00a0 jede\u00a0 Leyenov\u00e1, Kalallasov\u00e1,\u00a0 Tusk, Skandin\u00e1vci, Balti,\u00a0 agent P\u00e1vek, pardon\u00a0 \u2013 prezident Odpracovatel\u00a0 a \u010desk\u00e1 opozice. Tedy krom jin\u00fdch.<\/p>\n<p>Jen\u017ee\u00a0 i\u00a0 c. a k.\u00a0 dv\u016fr\u00a0 m\u011bl\u00a0 svoje\u00a0 etiketn\u00ed pravidla. P\u0159\u00edsn\u00e1 a\u00a0 d\u016fsledn\u011b\u00a0 dodr\u017eovan\u00e1. Za\u00a0 v\u0161ech okolnost\u00ed.\u00a0 Stejn\u011b\u00a0 jako\u00a0 dv\u016fr\u00a0 prusk\u00fd\u00a0 nebo carsk\u00fd.\u00a0 A v\u0161echny\u00a0 na\u00a0 to dojely.\u00a0 Anglie\u00a0 je\u00a0 v\u00fdjimkou potvrzuj\u00edc\u00ed pravidlo.\u00a0 Ale\u00a0 tam\u00a0 to m\u00edsto\u00a0 v\u00fdst\u0159elu\u00a0 z Aurory\u00a0 te\u010f\u00a0 asi dost\u00a0 rychle\u00a0 obstar\u00e1\u00a0 Princ Andy\u00a0 a\u00a0 kauza\u00a0 Epstein\u2026 Ale\u00a0 to jsem\u00a0 hodn\u011b\u00a0 odbo\u010dil. Opravdu\u00a0 hodn\u011b.<\/p>\n<p>\u010cas oponou\u00a0 trh\u00e1 a v\u011bci\u00a0 m\u011bn\u00ed.\u00a0 \u00a0A\u00a0 j\u00e1\u00a0 o nich\u00a0 r\u00e1d\u00a0 p\u00ed\u0161i,\u00a0 dokud\u00a0 jen pu\u010d\u00ed\u00a0 a nejsou tak \u00fapln\u011b prvopl\u00e1nov\u011b\u00a0 z\u0159ejm\u00e9.\u00a0 A stejn\u011b\u00a0 je\u00a0 to\u00a0 s tou odpornou lidskou bytost\u00ed\u00a0 jm\u00e9nem Putler\u00a0 a\u00a0 Ruskem!\u00a0 Ledy pukaj\u00ed\u00a0 i tady,\u00a0 v\u00a0 Evrop\u011b!!!!\u00a0 U\u017e\u00a0 op\u011bt znaj\u00ed\u00a0 jm\u00e9no\u00a0 rusk\u00e9ho prezidenta. N\u011bkte\u0159\u00ed je pou\u017e\u00edvaj\u00ed k\u00a0 vys\u00edl\u00e1n\u00ed k\u00a0 vys\u00edl\u00e1n\u00ed\u00a0 sign\u00e1l\u016f,\u00a0 zejm\u00e9na,\u00a0 aby si nezadali,\u00a0 tak kou\u0159ov\u00fdch, aby kdykoli\u00a0 mohli\u00a0 \u0159\u00edci,\u00a0 \u017ee\u00a0 to \u017e\u00e1dn\u00fd sign\u00e1l\u00a0 nebyl,\u00a0 jen\u00a0 \u0161pek\u00e1\u010dek, co si\u00a0 zrovna\u00a0 op\u00e9kali nad ohn\u011bm \/sm\u00ed se\u00a0 to je\u0161t\u011b\u00a0 v\u016fbec\u00a0 v uHnii\/, byl\u00a0 ze\u00a0 sam\u00e9ho\u00a0 tlust\u00e9ho\u00a0 a tuk\u00a0 nakapal do ohn\u011b a\u00a0 ten hloupej\u00a0 Rus\u00e1k\u00a0 se ty\u00a0 vylo\u017eil po sv\u00e9m.<\/p>\n<p>Jin\u00ed\u00a0 u\u017e\u00a0 \u00a0pos\u00edlaj\u00ed\u00a0 emisary.\u00a0 Aby pr\u00fd\u00a0 nahodili\u00a0 technick\u00e9\u00a0 kan\u00e1ly\u00a0 do Ruska\u2026\u00a0 Unik\u00e1\u00a0 mi,\u00a0 jak v\u00a0 \u00e9\u0159e\u00a0 vesm\u00edrn\u00e9 komunikace\u00a0 je\u00a0 t\u0159eba\u00a0 nahazovat\u00a0 technick\u00e9\u00a0 kan\u00e1ly\u00a0 mezi Franci\u00ed a\u00a0 Ruskem,\u00a0 ale\u00a0 budi\u017e.\u00a0 \u00a0Asi\u00a0 tomu nerozum\u00edm.\u00a0 V ka\u017ed\u00e9m\u00a0 p\u0159\u00edpad\u011b\u00a0 chrom\u00e1\u00a0 kachna\u00a0 Macron nak\u00e1zal\u00a0 sv\u00e9mu\u00a0 diplomatick\u00e9mu\u00a0 poradci Emmanuelu Bonnovi,\u00a0 aby\u00a0 vyrazil\u00a0 na\u00a0 Moskvu\u00a0 tam\u00a0 otev\u00edral\u00a0 ty\u00a0 technick\u00e9\u00a0 kan\u00e1ly!\u00a0 S\u00a0 Putinov\u00fdm\u00a0 poradcem U\u0161akovem.<\/p>\n<p>Zaj\u00edmav\u00fd\u00a0 \u010dl\u00e1nek o\u00a0 tom\u00a0 nep\u0159inesl nikdo\u00a0 men\u0161\u00ed\u00a0 ne\u017e\u00a0 francouzsk\u00e1\u00a0 informa\u010dn\u00ed star\u00a0 \u010d.\u00a0 1 -Le\u00a0 Figaro. Tady je<\/p>\n<h4 class=\"fig-headline fig-pagination__hidden\"><a href=\"https:\/\/www.lefigaro.fr\/international\/pour-contrer-donald-trump-les-europeens-sont-tentes-de-reparler-a-vladimir-poutine-20260210\"><strong>Pour contrer Donald Trump, les Europ\u00e9ens sont tent\u00e9s de reparler \u00e0 Vladimir Poutine<\/strong><\/a><\/h4>\n<p>podle\u00a0 p\u0159eklada\u010de<\/p>\n<h3 class=\"fig-headline fig-pagination__hidden\"><strong>Aby Evropan\u00e9 \u010delili Donaldu Trumpovi, jsou v poku\u0161en\u00ed znovu hovo\u0159it s Vladimirem Putinem.<\/strong><\/h3>\n<div class=\"article__block\">\n<div class=\"article__text\">\u00c9ra autokrat\u016f nen\u00ed \u00e9rou demokrat\u016f a v dne\u0161n\u00edch epick\u00fdch bitv\u00e1ch se historie p\u0159ikl\u00e1n\u00ed k t\u011bm prvn\u00edm. To plat\u00ed nejen pro ruskou \u00e9ru, kterou Kreml tak obratn\u011b vyu\u017eil na Ukrajin\u011b, ale i pro americkou \u00e9ru, kter\u00e1 se s Donaldem Trumpem vymkla kontrole a znovu postavila diplomaty p\u0159ed odv\u011bkou ot\u00e1zku: m\u011bli bychom znovu mluvit s Vladimirem Putinem?<\/div>\n<\/div>\n<div class=\"article__block\">\n<div class=\"article__text\"><\/div>\n<\/div>\n<div class=\"article__block\">\n<div class=\"article__text\">Emmanuel Macron, kter\u00fd tuto nebezpe\u010dnou hru hr\u00e1l u\u017e p\u0159ed a b\u011bhem po\u010d\u00e1te\u010dn\u00edch f\u00e1z\u00ed nep\u0159\u00e1telsk\u00fdch akc\u00ed na Ukrajin\u011b, byl prvn\u00ed, kdo tasil zbra\u0148. Nejprve v prosinci prohl\u00e1sil, \u017ee \u201eby bylo u\u017eite\u010dn\u00e9 znovu hovo\u0159it s Putinem\u201c, pot\u00e9 za\u010d\u00e1tkem \u00fanora vyslal do Moskvy sv\u00e9ho diplomatick\u00e9ho poradce Emmanuela Bonna, aby nav\u00e1zal prvn\u00ed \u201etechnick\u00e9 kontakty\u201c s rusk\u00fdm prezidentov\u00fdm \u0161erpou Jurijem U\u0161akovem. Dal\u0161\u00ed n\u00e1sledovali jeho p\u0159\u00edkladu a rozhodli se, \u017ee se ub\u00edraj\u00ed historicky spr\u00e1vn\u00fdm sm\u011brem \u2013 Italka Giorgia Meloni, kter\u00e1 v\u011b\u0159\u00ed, \u017ee \u201enastal \u010das na rozhovory\u201c, a N\u011bmec Merz, kter\u00fd chce \u201enaj\u00edt dlouhodobou rovnov\u00e1hu s Ruskem\u201c.<\/div>\n<div><\/div>\n<\/div>\n<div class=\"article__block\">\n<div class=\"article__text\">Emmanuel Macron m\u00e1 argumenty ve prosp\u011bch obnoven\u00ed dialogu s kremelsk\u00fdm v\u016fdcem. Hlavn\u00edm z nich je pot\u0159eba obnovit autoritu Evropy p\u0159i \u0159e\u0161en\u00ed rusko-ukrajinsk\u00e9ho konfliktu, co\u017e Donald Trump zma\u0159il obnoven\u00edm jedn\u00e1n\u00ed s Moskvou ihned po n\u00e1vratu do B\u00edl\u00e9ho domu. Po vypr\u0161en\u00ed platnosti smlouvy o jadern\u00e9m odzbrojen\u00ed New START se Washington a Moskva dokonce rozhodly obnovit vojensk\u00fd dialog na vysok\u00e9 \u00farovni. Nemluv\u011b o ekonomick\u00fdch projektech, kter\u00e9 jsou projedn\u00e1v\u00e1ny d\u016fv\u011brn\u011b.<\/div>\n<\/div>\n<div>\n<div class=\"article__block\">\n<h3 id=\"277068399-1\">Dos\u00e1hnout m\u00edru za ka\u017edou cenu<\/h3>\n<\/div>\n<div class=\"article__block\">\n<div class=\"article__text\">Evropan\u00e9 necht\u011bj\u00ed b\u00fdt ponech\u00e1ni napospas osudu. Odm\u00edtaj\u00ed dovolit americk\u00e9mu prezidentovi, aby proces \u0159\u00eddil s\u00e1m, a necht\u011bj\u00ed b\u00fdt odsunuti na vedlej\u0161\u00ed kolej v z\u00e1le\u017eitosti, kter\u00e1 se prim\u00e1rn\u011b t\u00fdk\u00e1 jejich z\u00e1jm\u016f a bezpe\u010dnosti. Pokud bude Evropa i nad\u00e1le st\u00e1t stranou, jak ji odk\u00e1zal Donald Trump, sm\u00ed\u0159\u00ed se s t\u00edm, \u017ee bude v jak\u00e9mkoli budouc\u00edm politick\u00e9m urovn\u00e1n\u00ed vyjedn\u00e1vac\u00edm n\u00e1strojem. \u201eObnoven\u00edm dialogu Evropan\u00e9 vys\u00edlaj\u00ed Putinovi vzkaz, \u017ee Ameri\u010dan\u00e9 nebudou po konfliktu na Ukrajin\u011b v jedn\u00e1n\u00ed s Ruskem sami,\u201c uzav\u00edr\u00e1 Camille Grand, gener\u00e1ln\u00ed tajemn\u00edk ASD, sdru\u017een\u00ed zastupuj\u00edc\u00edho evropsk\u00e9 dodavatele obrann\u00e9ho pr\u016fmyslu. Dod\u00e1v\u00e1: \u201eKdy\u017e nejste u jednac\u00edho stolu, jste na j\u00eddeln\u00edm l\u00edstku.\u201c<\/div>\n<\/div>\n<div class=\"article__block\">\n<aside>\n<div class=\"banner__hidden\"><\/div>\n<\/aside>\n<\/div>\n<div class=\"article__block\">\n<div class=\"article__text\">Ukrajina nen\u00ed jedin\u00fdm t\u00e9matem, v n\u011bm\u017e Donald Trump odsunul Francii na vedlej\u0161\u00ed kolej. Je tu je\u0161t\u011b Bl\u00edzk\u00fd v\u00fdchod a \u00cdr\u00e1n. Ale jak \u0159\u00edk\u00e1 Emmanuel Macron: \u201eNa\u0161e geografie se nezm\u011bn\u00ed. A\u0165 se n\u00e1m to l\u00edb\u00ed nebo ne, Rusko tu bude i z\u00edtra. A je p\u0159\u00edmo u na\u0161ich dve\u0159\u00ed.\u201c Ti, kdo cht\u011bj\u00ed obnovit dialog s Putinem, si p\u0159edstavuj\u00ed konec boj\u016f v roce 2026. U\u017e nev\u011b\u0159\u00ed ve vojensk\u00e9 v\u00edt\u011bzstv\u00ed Ukrajiny a volaj\u00ed po jedn\u00e1n\u00edch. V ter\u00e9nu Rusko ned\u011bl\u00e1 \u017e\u00e1dn\u00fd pokrok. A Trump chce m\u00edr za ka\u017edou cenu.<\/div>\n<div><\/div>\n<\/div>\n<div class=\"article__block\">\n<div class=\"article__text\">Tato iniciativa m\u00e1 v\u0161ak i sv\u00e9 odp\u016frce: na Ukrajin\u011b, ve v\u00fdchodn\u00ed Evrop\u011b a mezi t\u011bmi, kte\u0159\u00ed poukazuj\u00ed na to, \u017ee dialog s Putinem, kter\u00fd Macron na za\u010d\u00e1tku boj\u016f tak aktivn\u011b vedl, nikdy nep\u0159inesl v\u00fdsledky. Ani Donald Trump nedok\u00e1zal rusk\u00e9ho prezidenta p\u0159esv\u011bd\u010dit k podpisu dohody o p\u0159\u00edm\u011b\u0159\u00ed. Francouzsk\u00fd prezident to v pond\u011bl\u00ed v rozhovoru pro evropsk\u00e9 noviny uznal: \u201eRusko m\u00edr nechce.\u201c Za t\u011bchto okolnost\u00ed se mnoz\u00ed ob\u00e1vaj\u00ed, \u017ee iniciativa Putinovi umo\u017en\u00ed koupit si \u010das bez jak\u00fdchkoli \u00fastupk\u016f z jeho strany. \u201eJe z\u0159ejm\u00e9, \u017ee n\u011bkte\u0159\u00ed v Evrop\u011b jsou op\u011bt v poku\u0161en\u00ed uch\u00fdlit se k politice appeasementu, kter\u00e1 nikdy nefungovala, a k n\u00e1vratu k norm\u00e1lu, kter\u00fd nikdy nebude existovat,\u201c na\u0159\u00edk\u00e1 jeden diplomat. Pova\u017euje tuto ot\u00e1zku za \u201ep\u0159ed\u010dasnou\u201c, iniciativu za \u201eneomezenou\u201c a domn\u00edv\u00e1 se, \u017ee m\u016f\u017ee pouze po\u0161kodit z\u00e1jmy Ukrajiny.<\/div>\n<\/div>\n<\/div>\n<div>\n<div class=\"article__block\">\n<h3 id=\"277068399-2\">Sout\u011b\u017e o evropsk\u00e9 veden\u00ed<\/h3>\n<\/div>\n<div class=\"article__block\">\n<div class=\"article__text\">Form\u00e1t jedn\u00e1n\u00ed z\u016fst\u00e1v\u00e1 nevy\u0159e\u0161en. Kdo bude vyjedn\u00e1vat s Putinem? Pot\u0159eba jmenovat vyjednava\u010de p\u0159i\u017eivuje z\u00e1kulisn\u00ed spory v evropsk\u00fdch hlavn\u00edch m\u011bstech uprost\u0159ed sout\u011b\u017ee o veden\u00ed. \u201eMacron pravd\u011bpodobn\u011b nebude schopen hr\u00e1t francouzskou kartu s\u00e1m, proto\u017ee riskuje, \u017ee p\u0159ecen\u00ed sv\u00e9 s\u00edly. Chyb\u00ed mu p\u00e1ky. Trvalo mu dlouho, ne\u017e si obnovil d\u016fv\u011bru sv\u00fdch v\u00fdchodn\u00edch spojenc\u016f, kterou na za\u010d\u00e1tku nep\u0159\u00e1telsk\u00fdch akc\u00ed podkopaly jeho \u010detn\u00e9 telefon\u00e1ty Putinovi. Riskuje, \u017ee znovu ztrat\u00ed svou legitimitu,\u201c domn\u00edv\u00e1 se jeden diplomat.<\/div>\n<\/div>\n<div class=\"article__block\">\n<aside>\n<div class=\"banner__hidden\"><\/div>\n<\/aside>\n<\/div>\n<div class=\"article__block\">\n<div class=\"article__text\">Francouzsk\u00fd prezident se v pond\u011bl\u00ed vyslovil pro \u201edob\u0159e organizovan\u00fd\u201c evropsk\u00fd p\u0159\u00edstup bez \u201ep\u0159\u00edli\u0161 mnoha zprost\u0159edkovatel\u016f\u201c. N\u011bkter\u00e9 zem\u011b, kter\u00e9 se cht\u011bj\u00ed vyhnout fragmentaci a jednostrann\u00e9mu francouzsk\u00e9mu p\u0159\u00edstupu, navrhuj\u00ed volbu evropsk\u00e9ho z\u00e1stupce. George Meloni nominoval Maria Draghiho. Jin\u00e9 navrhuj\u00ed form\u00e1t \u201eE3\u201c (Francie, N\u011bmecko a Spojen\u00e9 kr\u00e1lovstv\u00ed) nebo \u201ev\u00fdmarsk\u00fd form\u00e1t\u201c (Francie, N\u011bmecko a Polsko). I tehdy je v\u0161ak moudrost takov\u00e9 iniciativy sporn\u00e1. \u201ePutin m\u00e1 z\u00e1jem na tom, aby se Evropan\u00e9 do jedn\u00e1n\u00ed nezapojovali. Ameri\u010dan\u00e9 n\u00e1s tam pravd\u011bpodobn\u011b nebudou cht\u00edt. V Evrop\u011b by nikdo jin\u00fd ne\u017e Orb\u00e1n nemohl b\u00fdt rusk\u00e9mu postoji bl\u00ed\u017e ne\u017e Donald Trump,\u201c poznamen\u00e1v\u00e1 b\u00fdval\u00fd n\u00e1m\u011bstek gener\u00e1ln\u00edho tajemn\u00edka NATO Camille Grand.<\/div>\n<div><\/div>\n<\/div>\n<div class=\"article__block\">\n<div class=\"article__text\">I kdy\u017e je my\u0161lenka obnoven\u00ed jedn\u00e1n\u00ed s rusk\u00fdm prezidentem zcela rozumn\u00e1, zvl\u00e1\u0161t\u011b pokud Trump st\u00e1hne evropskou podporu, bylo by vhodn\u00e9 stanovit si ur\u010dit\u00e9 podm\u00ednky. Putin by nap\u0159\u00edklad m\u011bl b\u00fdt p\u0159ipraven souhlasit s p\u0159\u00edm\u011b\u0159\u00edm. Nejlep\u0161\u00ed by bylo, kdyby jedn\u00e1n\u00ed prob\u00edhala z pozice s\u00edly, tedy se sjednocenou Evropou p\u0159ipravenou demonstrovat svou s\u00edlu a poskytnout Ukrajin\u011b spolehliv\u00e9 bezpe\u010dnostn\u00ed z\u00e1ruky. \u201eMus\u00edme p\u0159estat s neust\u00e1l\u00fdmi \u0159e\u010dmi o por\u00e1\u017ece Ukrajiny. Ukrajinci jsou odoln\u00fd n\u00e1rod. Pokud by se zv\u00fd\u0161ila z\u00e1padn\u00ed pomoc, mo\u017en\u00e1 by se Rusko jako prvn\u00ed zlomilo. M\u011bli bychom si polo\u017eit ot\u00e1zku, jak nejl\u00e9pe pomoci Ukrajin\u011b,\u201c vysv\u011btluje Camille Grand.<\/div>\n<div><\/div>\n<\/div>\n<div class=\"article__block\">\n<div class=\"article__text\">Aby Evropa mohla ovlivnit Putina a uv\u00e9st do \u017eivota smyslupln\u00e1 jedn\u00e1n\u00ed, pot\u0159ebuje znovu z\u00edskat svou moc. Jak ned\u00e1vno prohl\u00e1sil francouzsk\u00fd velvyslanec v Berl\u00edn\u011b Fran\u00e7ois Delattre na francouzsko-n\u011bmeck\u00e9m festivalu ve Fischbachau v Bavorsku: \u201eTv\u00e1\u0159\u00ed v tv\u00e1\u0159 glob\u00e1ln\u00edmu \u00fatoku ohro\u017euj\u00edc\u00edmu n\u00e1\u0161 kontinent p\u0159estala b\u00fdt evropsk\u00e1 suverenita jen mo\u017enost\u00ed a stala se nutnost\u00ed.\u201c<\/div>\n<\/div>\n<\/div>\n<div><\/div>\n<div>ooooooooooooooooooooooooooooooooooooooooooooooooooooooooooooooooooooooooooooooooooooooooooooo<\/div>\n<div><\/div>\n<p>P\u016fvodn\u011b mne napadlo , \u017ee tenhle\u00a0 \u010dl\u00e1nek\u00a0 p\u00edsm\u00e1k\u016f z Figara opat\u0159\u00edm\u00a0 titulkem\u00a0 jako\u00a0 m\u00edrn\u00fd, opravdu m\u00edrn\u00fd pokrok v\u00a0 mez\u00edch z\u00e1kona.\u00a0 Ale\u00a0 pak mi p\u0159i\u0161el nem\u00edstn\u011b optimistick\u00fd\u2026 Bohu\u017eel.\u00a0 \u00a0I v redakci\u00a0 Figara\u00a0 u\u017e\u00a0 v\u011bd\u00ed,\u00a0 \u017ee Rusko\u00a0 ani\u00a0 nezmiz\u00ed\u00a0 a \u017ee nejsp\u00ed\u0161\u00a0 Ukrajina\u00a0 nevyhraje. Jakkoliv\u00a0 b\u00fdval\u00fd n\u00e1m\u011bstek gener\u00e1ln\u00edho tajemn\u00edka NATO Camille Grand,\u00a0 takto\u00a0 z\u0159ejm\u011b\u00a0 hlavn\u00ed respondent\u00a0 p\u0159i psan\u00ed textu po\u0159\u00e1d\u00a0 je\u0161t\u011b\u00a0 nen\u00ed\u00a0 ochoten\u00a0 akceptovat\u00a0 realitu\u00a0 na boji\u0161ti\u00a0 fantaz\u00edruje\u00a0 ve\u00a0 smyslu:<\/p>\n<p><em>\u201eMus\u00edme p\u0159estat s neust\u00e1l\u00fdmi \u0159e\u010dmi o por\u00e1\u017ece Ukrajiny. Ukrajinci jsou odoln\u00fd n\u00e1rod. Pokud by se zv\u00fd\u0161ila z\u00e1padn\u00ed pomoc, mo\u017en\u00e1 by se Rusko jako prvn\u00ed zlomilo. M\u011bli bychom si polo\u017eit ot\u00e1zku, jak nejl\u00e9pe pomoci Ukrajin\u011b,<\/em>\u201c<\/p>\n<p>Neb\u00fdt\u00a0 z\u00e1padn\u00ed pomoci \u2013\u00a0 tak\u00a0 Ukrajina\u00a0 u\u017e\u00a0 d\u00e1vno\u00a0 zkolabovala\u00a0 a\u00a0 u\u017e nejm\u00e9n\u011b t\u0159i\u00a0 roky se\u00a0 tam nest\u0159\u00edl\u00ed a\u00a0 nen\u00ed nikdo zab\u00edjen.<\/p>\n<p>Odbo\u010d\u00edm \u2013 na\u00a0 webu\u00a0 Aktu\u00e1ln\u00ed\u00a0 konflikty\u00a0 zve\u0159ejnili,\u00a0 co se pomoci\u00a0 Ukrajin\u011b\u00a0 t\u00fd\u010de\u00a0 zaj\u00edmav\u00e9\u00a0 grafy:<\/p>\n<p><img decoding=\"async\" loading=\"lazy\" class=\"aligncenter  wp-image-1033105\" src=\"https:\/\/vlkovobloguje.wordpress.com\/wp-content\/uploads\/2026\/02\/screenshot-2026-02-12-at-19-26-24-ukrajina-stranky-1196-aktualni-konflikty-zpravodajstvi-informace-historie.png\" sizes=\"(max-width: 602px) 100vw, 602px\" srcset=\"https:\/\/vlkovobloguje.wordpress.com\/wp-content\/uploads\/2026\/02\/screenshot-2026-02-12-at-19-26-24-ukrajina-stranky-1196-aktualni-konflikty-zpravodajstvi-informace-historie.png?w=602&amp;h=525 602w, https:\/\/vlkovobloguje.wordpress.com\/wp-content\/uploads\/2026\/02\/screenshot-2026-02-12-at-19-26-24-ukrajina-stranky-1196-aktualni-konflikty-zpravodajstvi-informace-historie.png?w=150&amp;h=131 150w, https:\/\/vlkovobloguje.wordpress.com\/wp-content\/uploads\/2026\/02\/screenshot-2026-02-12-at-19-26-24-ukrajina-stranky-1196-aktualni-konflikty-zpravodajstvi-informace-historie.png?w=300&amp;h=261 300w, https:\/\/vlkovobloguje.wordpress.com\/wp-content\/uploads\/2026\/02\/screenshot-2026-02-12-at-19-26-24-ukrajina-stranky-1196-aktualni-konflikty-zpravodajstvi-informace-historie.png 708w\" alt=\"\" width=\"602\" height=\"525\" data-attachment-id=\"1033105\" data-permalink=\"https:\/\/vlkovobloguje.wordpress.com\/2026\/02\/18\/evropsky-kolektivni-zapad-aneb-jak-byt-tak-trochu-tehotny-ale-hlavne-nebyt\/screenshot-2026-02-12-at-19-26-24-ukrajina-stranky-1196-aktualni-konflikty-zpravodajstvi-informace-historie\/\" data-orig-file=\"https:\/\/vlkovobloguje.wordpress.com\/wp-content\/uploads\/2026\/02\/screenshot-2026-02-12-at-19-26-24-ukrajina-stranky-1196-aktualni-konflikty-zpravodajstvi-informace-historie.png\" data-orig-size=\"708,617\" data-comments-opened=\"0\" data-image-meta=\"{&quot;aperture&quot;:&quot;0&quot;,&quot;credit&quot;:&quot;&quot;,&quot;camera&quot;:&quot;&quot;,&quot;caption&quot;:&quot;&quot;,&quot;created_timestamp&quot;:&quot;0&quot;,&quot;copyright&quot;:&quot;&quot;,&quot;focal_length&quot;:&quot;0&quot;,&quot;iso&quot;:&quot;0&quot;,&quot;shutter_speed&quot;:&quot;0&quot;,&quot;title&quot;:&quot;&quot;,&quot;orientation&quot;:&quot;0&quot;}\" data-image-title=\"Screenshot 2026-02-12 at 19-26-24 Ukrajina &amp;#8211; Str\u00e1nky 1196 &amp;#8211; Aktu\u00e1ln\u00ed konflikty &amp;#8211; zpravodajstv\u00ed informace historie\" data-image-description=\"\" data-image-caption=\"\" data-medium-file=\"https:\/\/vlkovobloguje.wordpress.com\/wp-content\/uploads\/2026\/02\/screenshot-2026-02-12-at-19-26-24-ukrajina-stranky-1196-aktualni-konflikty-zpravodajstvi-informace-historie.png?w=300\" data-large-file=\"https:\/\/vlkovobloguje.wordpress.com\/wp-content\/uploads\/2026\/02\/screenshot-2026-02-12-at-19-26-24-ukrajina-stranky-1196-aktualni-konflikty-zpravodajstvi-informace-historie.png?w=640\" \/>Zaj\u00edmalo by mne,\u00a0 co dvojctihodn\u00e9ho\u00a0 \u00a0b\u00fdval\u00e9ho\u00a0 n\u00e1m\u011bstka gener\u00e1ln\u00edho tajemn\u00edka NATO Camille Granda vede k z\u00e1v\u011bru,\u00a0 \u017ee\u00a0 se Rusko zlom\u00ed,\u00a0 \u017ee\u00a0 sta\u010d\u00ed jen\u00a0 vytrvat a tro\u0161ku\u00a0 je\u0161t\u011b p\u0159itopit\u00a0 pod kotlem,\u00a0 p\u0159idat\u00a0 odpov\u00eddaj\u00edc\u00ed mno\u017estv\u00ed Ukrajinc\u016f\u00a0 do\u00a0 toho\u00a0 obrovsk\u00e9ho\u00a0 mlejna na\u00a0 lidsk\u00e9\u00a0 maso a\u00a0 v\u0161e bude podle\u00a0 z\u00e1padn\u00edch\u00a0 not.\u00a0 \u017de Putin\u00a0 neexistuje,\u00a0 \u017ee je jen a jen Putler!<\/p>\n<p>Prost\u011b\u00a0 Titulek\u00a0 o m\u00edrn\u00e9m opravdu\u00a0 hodn\u011b m\u00edrn\u00e9m pokroku\u00a0 ve\u00a0 vztahu\u00a0 s Ruskem\u00a0 nen\u00ed\u00a0 ani p\u0159\u00edpadn\u00fd\u00a0 ani pat\u0159i\u010dn\u00fd, n\u00fdbr\u017e\u00a0 zav\u00e1d\u011bj\u00edc\u00ed!<\/p>\n<p>Je\u00a0 to o n\u011b\u010dem jin\u00e9m\u00a0 \u2013 jak\u00a0 b\u00fdt\u00a0 tak trochu t\u011bhotn\u00fd a p\u0159i\u00a0 tom neb\u00fdt\u00a0 v jin\u00e1\u010di!!!\u00a0 Putin\u00a0 nebo Putler?<\/p>\n<p>Proto\u017ee je\u00a0 jasn\u00e9 ,\u00a0 \u017ee\u00a0 kdy\u017e nenastane\u00a0 snov\u00e1\u00a0 varianta\u00a0 Camille Granda a podobn\u00fdch a\u00a0 Rusko se\u00a0 nezhrout\u00ed\u00a0 samo\u00a0 do sebe.\u00a0 \u00a0Pod\u00edvejte se\u00a0 je\u0161t\u011b\u00a0 jednou\u00a0 dob\u0159e\u00a0 na\u00a0 ty\u00a0 grafy\u00a0 o\u00a0 vojensk\u00e9\u00a0 a civiln\u00ed pomoci kolektivn\u00edho Z\u00e1padu!\u00a0 Rekordn\u00ed p\u0159\u00edjem\u00a0 Kyjev zaznamenal v\u00a0 roce\u00a0 2024 \u2013 n\u011bjak\u00fdch\u00a0 94 miliard Eur.\u00a0 Kdy\u00a0 tu\u00a0 sumu slo\u017eily\u00a0 dohromady\u00a0 Spojen\u00e9\u00a0 st\u00e1ty, Evropa a\u00a0 dal\u0161\u00ed.\u00a0 Loni\u00a0 to\u00a0 odt\u00e1hla\u00a0 u\u017e\u00a0 jen\u00a0 Evropa , kterou to\u00a0 s\u00e1lo\u00a0 n\u011bjak\u00fdch\u00a0 67 miliard\u00a0 Euru.\u00a0 Minul\u00fd\u00a0 t\u00fdden\u00a0 Europarlament\u00a0 schv\u00e1lil pro Ukrajinu\u00a0 dal\u0161\u00ed\u00a0 financov\u00e1n\u00ed\u00a0 ve\u00a0 v\u00fd\u0161i\u00a0 90 miliard Eur.\u00a0 Ov\u0161em nikoli\u00a0 na\u00a0 rok, ale na\u00a0 roky\u00a0 dva!\u00a0 Ameri\u010dan\u00e9\u00a0 nejsp\u00ed\u0161\u00a0 nedaj\u00ed\u00a0 ani dolar. Jinak\u00a0 \u0159e\u010deno \u2013 Kyjev\u00a0 dostane\u00a0 polovinu\u00a0 toho, co v\u00a0 roce\u00a0 2024 a asi\u00a0 2\/3 toho\u00a0 co loni.<\/p>\n<p>Jestlipak\u00a0 si\u00a0 toho Camille Grand sta\u010dil pov\u0161imnout?\u00a0 Prost\u011b\u00a0 Evropa\u00a0 by\u00a0 r\u00e1da\u00a0 v\u00e1l\u010dila proti\u00a0 Rusovi ukrajinskou\u00a0 krv\u00ed.\u00a0 Hrozn\u011b\u00a0 r\u00e1da.\u00a0 Ale\u00a0 k\u00a0 tomu pot\u0159ebuje\u00a0 pen\u00edze!\u00a0 Hodn\u011b\u00a0 pen\u011bz!\u00a0 A\u00a0 ty\u00a0 jaksi nejsou!\u00a0 Kasa je pr\u00e1zdn\u00e1.\u00a0 A\u00a0 kone\u010dn\u011b ukr\u00e1st\u00a0 ty\u00a0 rusk\u00e9, kter\u00e9\u00a0 jsou zmrazen\u00e9 v\u00a0 Evrop\u011b\u00a0 nen\u00ed v\u016fbec\u00a0 snadn\u00e9 a\u00a0 z\u00a0 dlouhodob\u00e9ho\u00a0 hlediska\u00a0 \u00a0dokonce\u00a0 vra\u017eedn\u00e9 pro budoucnost\u00a0 uHnie.<\/p>\n<p>Autorka\u00a0 a\u00a0 jej\u00ed\u00a0 respondent\u00a0 se\u00a0 nem\u00fdl\u00ed\u00a0 \u2013 Putin, po zku\u0161enostech\u00a0 s\u00a0 Minsk\u00fdmi dohodami a\u00a0 naprostou\u00a0 fale\u0161nost\u00ed\u00a0 a\u00a0 v\u011brolomnost\u00ed\u00a0 Evropan\u016f\u00a0 postr\u00e1d\u00e1 jakoukoliv\u00a0 motivaci\u00a0 je\u00a0 akceptovat.\u00a0 Zejm\u00e9na\u00a0 ne, kdy\u017e\u00a0 vyk\u0159ikuj\u00ed,\u00a0 co bude\u00a0 muset, aby\u00a0 s n\u00edm v\u016fbec mluvili a\u00a0 \u017ee\u00a0 to bude , pokud mo\u017eno z pozice\u00a0 s\u00edly\u2026.\u00a0 A\u00a0 Trump\u00a0 tyhle kazisv\u011btsk\u00e9\u00a0 \u00a0patol\u00edzaly a vt\u011brky\u00a0 tak\u00e9\u00a0 k ni\u010demu nepot\u0159ebuje. Vysta\u010d\u00ed si a\u00a0 hlavn\u011b\u00a0 \u2013 chce si vysta\u010dit\u00a0 s\u00e1m. O\u00a0 sl\u00e1vu m\u00edrotvorce\u00a0 se\u00a0 n\u011bk\u00fdm\u00a0 tak\u00a0 slizk\u00fdm a nepatrn\u00fdm jako je\u00a0 Macron\u00a0 rozhodn\u011b\u00a0 d\u011blit nehodl\u00e1.<\/p>\n<p>Evropa\u00a0 je\u00a0 v nez\u00e1vid\u011bn\u00ed\u00a0 hodn\u00e9m postaven\u00ed.\u00a0 Jedn\u00e1n\u00ed\u00a0 o Ukrajin\u011b\u00a0 b\u011b\u017e\u00ed a nejsp\u00ed\u0161e pob\u011b\u017e\u00ed\u00a0 bez\u00a0 n\u00ed.\u00a0 Leda,\u00a0 \u017ee\u00a0 by provedla\u00a0 naprost\u00e9\u00a0 salto mortale,\u00a0 \u00fapln\u011b\u00a0 obr\u00e1tila\u00a0 sv\u00e9\u00a0 nastaven\u00ed a\u00a0 za\u010dala provozovat\u00a0 \u00a0v\u016f\u010di\u00a0 Rusku\u00a0 Brandtovu\u00a0 Realpolitik\u00a0 ve\u00a0 verzi\u00a0 2,0.\u00a0 Ale\u00a0 a\u0165\u00a0 hled\u00e1m jak\u00a0 hled\u00e1m, tak\u00a0 v\u00a0 dne\u0161n\u00ed\u00a0 Evrop\u011b\u00a0 \u017e\u00e1dn\u00e9\u00a0 velik\u00e1ny\u00a0 typu\u00a0 Willy Brandt,\u00a0 Helmut Schmidt, Charles\u00a0 de Gaulle nebo\u00a0 alespo\u0148 Fran\u00e7ois Mitterrand \u2013 nevid\u00edm.\u00a0 Jen\u00a0 st\u00e1do\u00a0 pomaten\u00fdch\u00a0 politick\u00fdch\u00a0 klaunsk\u00fdch trpasl\u00edk\u016f.\u00a0 Kter\u00fdm ov\u0161em\u00a0 nadkriticky\u00a0 velk\u00e9\u00a0 publikum\u00a0 \u2013 tlesk\u00e1!!<\/p>\n<p>Nicm\u00e9n\u011b\u00a0 Macron\u00a0 m\u00e1 pravdu\u00a0 \u2013 Rusko nikam nezmiz\u00ed. V\u00ed\u00a0 to Melloniov\u00e1 a dokonce\u00a0 i\u00a0 atrapa\u00a0 Bismarcka\u00a0 sou\u010dasn\u011b\u00a0 sed\u00edc\u00ed\u00a0 v v berl\u00ednsk\u00e9m\u00a0 kancl\u00e9\u0159stv\u00ed.<\/p>\n<p>Jen s e nemohou\u00a0 dohodnout ,\u00a0 jak\u00a0 b\u00fdt\u00a0 s\u00a0 t\u00edm Putinem tak trochu t\u011bhotn\u00fd a\u00a0 hlavn\u011b neb\u00fdt.\u00a0 Ale\u00a0 d\u016fle\u017eit\u00e9\u00a0 je, \u017ee\u00a0 u\u017e\u00a0 se\u00a0 o tom u mainstreamu, tom\u00a0 velk\u00e9m\u00a0 \u2013 p\u00ed\u0161e!\u00a0 Takhle\u00a0 za\u010d\u00edn\u00e1\u00a0 ka\u017ed\u00e9\u00a0 norm\u00e1ln\u00ed\u00a0 jaro\u00a0 \u2013 nejd\u0159\u00edve\u00a0 pukaj\u00ed\u00a0 ledy\u2026.<\/p>\n<p><a href=\"https:\/\/vlkovobloguje.wordpress.com\/2026\/02\/18\/evropsky-kolektivni-zapad-aneb-jak-byt-tak-trochu-tehotny-ale-hlavne-nebyt\/#more-1033102\">Petr Vlk<\/a><\/p>\n<p><img decoding=\"async\" loading=\"lazy\" class=\"alignnone size-full wp-image-63439\" src=\"http:\/\/www.infokuryr.cz\/n\/wp-content\/uploads\/2024\/10\/petr-vlk.jpg\" alt=\"\" width=\"182\" height=\"176\" \/><\/p>\n<p>&nbsp;<\/p>\n","protected":false},"excerpt":{"rendered":"<p>Po\u0159\u00e1d\u00a0 je\u0161t\u011b\u00a0 pat\u0159\u00ed\u00a0 mezi\u00a0 papal\u00e1\u0161i\u00a0 kolektivn\u00edho\u00a0 evropsk\u00e9ho\u00a0 Z\u00e1padu do jejich\u00a0 kodexu\u00a0 \u00a0tv\u00e1\u0159it\u00a0 se,\u00a0 \u017ee\u00a0 Putin&#8230;<\/p>\n","protected":false},"author":2,"featured_media":99908,"comment_status":"closed","ping_status":"closed","sticky":false,"template":"","format":"standard","meta":[],"categories":[6],"tags":[1042,41,122,22,365],"_links":{"self":[{"href":"https:\/\/www.infokuryr.cz\/n\/wp-json\/wp\/v2\/posts\/99907"}],"collection":[{"href":"https:\/\/www.infokuryr.cz\/n\/wp-json\/wp\/v2\/posts"}],"about":[{"href":"https:\/\/www.infokuryr.cz\/n\/wp-json\/wp\/v2\/types\/post"}],"author":[{"embeddable":true,"href":"https:\/\/www.infokuryr.cz\/n\/wp-json\/wp\/v2\/users\/2"}],"replies":[{"embeddable":true,"href":"https:\/\/www.infokuryr.cz\/n\/wp-json\/wp\/v2\/comments?post=99907"}],"version-history":[{"count":0,"href":"https:\/\/www.infokuryr.cz\/n\/wp-json\/wp\/v2\/posts\/99907\/revisions"}],"wp:featuredmedia":[{"embeddable":true,"href":"https:\/\/www.infokuryr.cz\/n\/wp-json\/wp\/v2\/media\/99908"}],"wp:attachment":[{"href":"https:\/\/www.infokuryr.cz\/n\/wp-json\/wp\/v2\/media?parent=99907"}],"wp:term":[{"taxonomy":"category","embeddable":true,"href":"https:\/\/www.infokuryr.cz\/n\/wp-json\/wp\/v2\/categories?post=99907"},{"taxonomy":"post_tag","embeddable":true,"href":"https:\/\/www.infokuryr.cz\/n\/wp-json\/wp\/v2\/tags?post=99907"}],"curies":[{"name":"wp","href":"https:\/\/api.w.org\/{rel}","templated":true}]}}