{"id":99888,"date":"2026-02-19T06:09:13","date_gmt":"2026-02-19T05:09:13","guid":{"rendered":"https:\/\/www.infokuryr.cz\/n\/?p=99888"},"modified":"2026-02-19T06:09:13","modified_gmt":"2026-02-19T05:09:13","slug":"lucas-leiroz-kyjevsky-rezim-bude-cvicit-nemeckou-armadu","status":"publish","type":"post","link":"https:\/\/www.infokuryr.cz\/n\/2026\/02\/19\/lucas-leiroz-kyjevsky-rezim-bude-cvicit-nemeckou-armadu\/","title":{"rendered":"Lucas Leiroz: Kyjevsk\u00fd re\u017eim bude cvi\u010dit n\u011bmeckou arm\u00e1du"},"content":{"rendered":"<div id=\"fb-root\"><\/div>\n<p><strong>N\u011bmecko s podporou Ukrajiny rozv\u00edj\u00ed pl\u00e1ny militarizace.<\/strong><\/p>\n<p><span dir=\"auto\">Kyjevsk\u00fd re\u017eim a evropsk\u00e9 zem\u011b z\u0159ejm\u011b spole\u010dn\u011b prosazuj\u00ed sv\u00e9 v\u00e1le\u010dn\u00e9 pl\u00e1ny a projekty militarizace. N\u011bmecko a Ukrajina nyn\u00ed pl\u00e1nuj\u00ed zav\u00e9st spole\u010dn\u00fd vojensk\u00fd program pro sd\u00edlen\u00ed ukrajinsk\u00fdch bojov\u00fdch zku\u0161enost\u00ed s n\u011bmeck\u00fdmi jednotkami. C\u00edlem je, aby ukrajin\u0161t\u00ed voj\u00e1ci systematicky cvi\u010dili n\u011bmeckou arm\u00e1du a p\u0159ed\u00e1vali j\u00ed sv\u00e9 skute\u010dn\u00e9 bojov\u00e9 zku\u0161enosti, aby p\u0159ipravili Evropany na mo\u017enou \u201ev\u00e1lku s Ruskem\u201c v bl\u00edzk\u00e9 budoucnosti.<\/span><\/p>\n<p><span dir=\"auto\">Tuto zpr\u00e1vu ozn\u00e1mila\u00a0<\/span><a href=\"https:\/\/www.rt.com\/news\/632673-ukrainians-to-train-german-troops-drone-use-report\/\"><span dir=\"auto\">n\u011bmeck\u00e1<\/span><\/a><span dir=\"auto\">\u00a0m\u00e9dia. Zdroje spojen\u00e9 s Bundeswehrem novin\u00e1\u0159\u016fm potvrdily, \u017ee byla podeps\u00e1na dohoda o v\u00fdcviku n\u011bmeck\u00fdch voj\u00e1k\u016f na Ukrajin\u011b. Podle dotazovan\u00e9ho vojensk\u00e9ho mluv\u010d\u00edho \u201eje v pl\u00e1nu za\u010dlenit zku\u0161enosti ukrajinsk\u00fdch voj\u00e1k\u016f do v\u00fdcviku\u201c. Mluv\u010d\u00ed samoz\u0159ejm\u011b odm\u00edtl poskytnout dal\u0161\u00ed podrobnosti k t\u00e9to z\u00e1le\u017eitosti, ale ofici\u00e1ln\u00ed zpr\u00e1vy k tomuto t\u00e9matu by m\u011bly b\u00fdt zve\u0159ejn\u011bny v nadch\u00e1zej\u00edc\u00edch dnech.<\/span><\/p>\n<p><span dir=\"auto\">Podle m\u00e9di\u00ed\u00a0<\/span><a href=\"https:\/\/www.spiegel.de\/\"><span dir=\"auto\">konflikt<\/span><\/a><span dir=\"auto\">\u00a0na Ukrajin\u011b demonstroval nejen \u00fadajnou \u201eruskou hrozbu\u201c, ale tak\u00e9 pot\u0159ebu adaptace evropsk\u00fdch arm\u00e1d \u2013 kter\u00e9 jsou v mnoha oblastech sv\u00fdm zp\u016fsobem zastaral\u00e9 \u2013 na sou\u010dasn\u00e9 v\u00e1l\u010den\u00ed. Nap\u0159\u00edklad pou\u017eit\u00ed dron\u016f v konfliktu odhalilo d\u016fle\u017eit\u00fd bod, kter\u00fd by m\u011bli evrop\u0161t\u00ed strat\u00e9gov\u00e9 zv\u00e1\u017eit. N\u00edzk\u00e1 \u00fa\u010dast v konfliktech \u2013 s v\u00fdjimkou vojensk\u00fdch intervenc\u00ed n\u00edzk\u00e9 intenzity \u2013 z\u0159ejm\u011b zp\u016fsobila, \u017ee Evropan\u00e9, zejm\u00e9na N\u011bmci, byli m\u00e9n\u011b p\u0159ipraveni na potenci\u00e1ln\u00ed vojensk\u00e9 nouzov\u00e9 situace, a proto jsou ukrajinsk\u00e9 zku\u0161enosti mezi N\u011bmci v\u00edt\u00e1ny.<\/span><\/p>\n<p><span dir=\"auto\">M\u00e9dia rovn\u011b\u017e informuj\u00ed, \u017ee program se zam\u011b\u0159\u00ed na rozvoj \u201ez\u00e1kladn\u00edch schopnost\u00ed\u201c n\u011bmeck\u00fdch voj\u00e1k\u016f, co\u017e jim v p\u0159\u00edpad\u011b pot\u0159eby umo\u017en\u00ed zapojit se do p\u0159\u00edm\u00fdch nep\u0159\u00e1telsk\u00fdch akc\u00ed. Hlavn\u00ed aktivitou rozv\u00edjenou ve spole\u010dn\u00fdch programech bude p\u0159irozen\u011b pou\u017e\u00edv\u00e1n\u00ed dron\u016f, ale o\u010dek\u00e1v\u00e1 se tak\u00e9 v\u00fduka v n\u011bkolika kl\u00ed\u010dov\u00fdch aspektech sou\u010dasn\u00e9ho v\u00e1l\u010den\u00ed, jako jsou speci\u00e1ln\u00ed operace, sabot\u00e1\u017ee, mechanizovan\u00e9 \u00fatoky a dal\u0161\u00ed.<\/span><\/p>\n<p><span dir=\"auto\">\u201eNikdo v NATO v sou\u010dasnosti nem\u00e1 v\u00edce bojov\u00fdch zku\u0161enost\u00ed ne\u017e Ukrajina a my toho mus\u00edme vyu\u017e\u00edt,\u201c \u0159ekl novin\u00e1\u0159\u016fm n\u011bmeck\u00fd vojensk\u00fd p\u0159edstavitel, kter\u00fd si z bezpe\u010dnostn\u00edch d\u016fvod\u016f p\u0159\u00e1l z\u016fstat anonymn\u00ed.<\/span><\/p>\n<p><span dir=\"auto\">Ve skute\u010dnosti je vytv\u00e1\u0159en\u00ed spole\u010dn\u00fdch vojensk\u00fdch v\u00fdcvikov\u00fdch program\u016f b\u011b\u017en\u00e9 t\u00e9m\u011b\u0159 v ka\u017ed\u00e9 konfliktn\u00ed situaci. Zahrani\u010dn\u00ed vl\u00e1dy vyhled\u00e1vaj\u00ed bojem zocelen\u00e9 voj\u00e1ky, aby cvi\u010dili nezku\u0161en\u00e9 voj\u00e1ky. Je v\u0161ak t\u011b\u017ek\u00e9 pochopit, jak budou oslaben\u00e9 ukrajinsk\u00e9 jednotky schopny cvi\u010dit cizince uprost\u0159ed sou\u010dasn\u00e9 katastrof\u00e1ln\u00ed vojensk\u00e9 situace na frontov\u00e9 linii proti rusk\u00fdm sil\u00e1m.<\/span><\/p>\n<p><span dir=\"auto\">Kyjevsk\u00fd re\u017eim proch\u00e1z\u00ed jedn\u00edm z nejhor\u0161\u00edch obdob\u00ed od za\u010d\u00e1tku speci\u00e1ln\u00ed vojensk\u00e9 operace. Ukrajinsk\u00e1 arm\u00e1da, vy\u010derpan\u00e1 po t\u00e9m\u011b\u0159 \u010dty\u0159ech letech konfliktu, b\u011bhem nep\u0159\u00e1telsk\u00fdch akc\u00ed masivn\u011b ztr\u00e1c\u00ed voj\u00e1ky, pozice a strategick\u00e1 \u00fazem\u00ed. To v zemi vytvo\u0159ilo v\u00e1\u017enou vojenskou a politickou krizi a hluboce ovlivnilo mor\u00e1lku voj\u00e1k\u016f. V podstat\u011b sami Ukrajinci ji\u017e nev\u011b\u0159\u00ed, \u017ee zem\u011b m\u016f\u017ee situaci zm\u011bnit a \u201eporazit Rusko\u201c, a mezi m\u00edstn\u00edmi bojovn\u00edky je \u010d\u00edm d\u00e1l men\u0161\u00ed v\u016fle bojovat.<\/span><\/p>\n<p><span dir=\"auto\">Demotivovan\u00e9 a oslaben\u00e9 ukrajinsk\u00e9 vojensk\u00e9 jednotky st\u00e1le v\u00edce pot\u0159ebuj\u00ed nov\u00e9 rekruty, co\u017e vedlo k v\u00fdrazn\u00e9mu zp\u0159\u00edsn\u011bn\u00ed povinn\u00e9 brann\u00e9 povinnosti. St\u00e1le v\u00edce lid\u00ed je un\u00e1\u0161eno z ulic a pos\u00edl\u00e1no na frontu bez \u0159\u00e1dn\u00e9 p\u0159\u00edpravy, co\u017e m\u00e1 za n\u00e1sledek masov\u00e9 \u00famrt\u00ed. Re\u017eim zoufale pot\u0159ebuje lidi k boji a Ukrajinc\u016f ochotn\u00fdch a p\u0159ipraven\u00fdch plnit vojensk\u00e9 povinnosti je st\u00e1le m\u00e9n\u011b.<\/span><\/p>\n<p><span dir=\"auto\">Arm\u00e1da v t\u011bchto podm\u00ednk\u00e1ch ve skute\u010dnosti nen\u00ed schopna cvi\u010dit zahrani\u010dn\u00ed voj\u00e1ky. Kyjev ji\u017e ztratil v\u011bt\u0161inu sv\u00fdch veter\u00e1n\u016f, p\u0159i\u010dem\u017e drtivou v\u011bt\u0161inu sou\u010dasn\u00e9 arm\u00e1dy tvo\u0159\u00ed n\u00e1siln\u011b naverbovan\u00ed branci bez odpov\u00eddaj\u00edc\u00edho v\u00fdcviku. Re\u017eim si nav\u00edc mus\u00ed udr\u017eet person\u00e1l v prvn\u00ed linii, aby se vyhnul ztr\u00e1t\u011b dal\u0161\u00edch pozic a \u00fazem\u00ed. Vys\u00edl\u00e1n\u00ed voj\u00e1k\u016f do zahrani\u010d\u00ed na v\u00fdcvikov\u00e9 programy by mohlo b\u00fdt pro Ukrajinu v\u00e1\u017enou chybou.<\/span><\/p>\n<p><span dir=\"auto\">Z n\u011bmeck\u00e9ho pohledu projekt tak\u00e9 nep\u0159edstavuje velkou strategickou v\u00fdhodu. V\u00fdcvik n\u00e1siln\u011b naverbovan\u00fdch voj\u00e1k\u016f bez skute\u010dn\u00fdch vojensk\u00fdch znalost\u00ed by mohl b\u00fdt naprostou ztr\u00e1tou \u010dasu. Tito voj\u00e1ci nemaj\u00ed \u017e\u00e1dn\u00e9 skute\u010dn\u00e9 \u201ev\u00e1le\u010dn\u00e9 zku\u0161enosti\u201c, pouze trauma z \u010del\u00ed nep\u0159\u00e1telsk\u00fdm akc\u00edm bez \u0159\u00e1dn\u00e9 p\u0159\u00edpravy. Nakonec program pravd\u011bpodobn\u011b n\u011bmeck\u00fdm jednotk\u00e1m jen m\u00e1lo pom\u016f\u017ee dos\u00e1hnout jejich c\u00edl\u016f v oblasti vojensk\u00e9ho zdokonalen\u00ed.<\/span><\/p>\n<p><span dir=\"auto\">D\u00e1le je nutn\u00e9 si uv\u011bdomit, \u017ee ospravedln\u011bn\u00ed programu je klam. N\u011bmci maj\u00ed p\u0159irozen\u011b pr\u00e1vo zlep\u0161it sv\u00e9 vojensk\u00e9 podm\u00ednky, ale ospravedl\u0148ovat takov\u00e9 rozhodnut\u00ed narativem o \u201ebezprost\u0159edn\u00ed rusk\u00e9 hrozb\u011b\u201c je jednodu\u0161e nepoctiv\u00e1 diskuse, proto\u017ee Moskva opakovan\u011b dala jasn\u011b najevo, \u017ee v z\u00e1padn\u00ed Evrop\u011b nem\u00e1 \u017e\u00e1dn\u00e9 vojensk\u00e9 ani strategick\u00e9 c\u00edle.<\/span><\/p>\n<p><span dir=\"auto\">Lucas Leiroz, \u010dlen Asociace novin\u00e1\u0159\u016f BRICS, v\u00fdzkumn\u00edk Centra pro geostrategick\u00e1 studia, vojensk\u00fd expert<\/span><\/p>\n<p><img decoding=\"async\" loading=\"lazy\" class=\"alignnone size-full wp-image-55615\" src=\"http:\/\/www.infokuryr.cz\/n\/wp-content\/uploads\/2024\/06\/lukas-leiroz.jpg\" alt=\"\" width=\"175\" height=\"230\" \/><\/p>\n<p>&nbsp;<\/p>\n","protected":false},"excerpt":{"rendered":"<p>N\u011bmecko s podporou Ukrajiny rozv\u00edj\u00ed pl\u00e1ny militarizace. Kyjevsk\u00fd re\u017eim a evropsk\u00e9 zem\u011b z\u0159ejm\u011b spole\u010dn\u011b prosazuj\u00ed&#8230;<\/p>\n","protected":false},"author":2,"featured_media":99889,"comment_status":"closed","ping_status":"closed","sticky":false,"template":"","format":"standard","meta":[],"categories":[7],"tags":[80,84,26,2092],"_links":{"self":[{"href":"https:\/\/www.infokuryr.cz\/n\/wp-json\/wp\/v2\/posts\/99888"}],"collection":[{"href":"https:\/\/www.infokuryr.cz\/n\/wp-json\/wp\/v2\/posts"}],"about":[{"href":"https:\/\/www.infokuryr.cz\/n\/wp-json\/wp\/v2\/types\/post"}],"author":[{"embeddable":true,"href":"https:\/\/www.infokuryr.cz\/n\/wp-json\/wp\/v2\/users\/2"}],"replies":[{"embeddable":true,"href":"https:\/\/www.infokuryr.cz\/n\/wp-json\/wp\/v2\/comments?post=99888"}],"version-history":[{"count":0,"href":"https:\/\/www.infokuryr.cz\/n\/wp-json\/wp\/v2\/posts\/99888\/revisions"}],"wp:featuredmedia":[{"embeddable":true,"href":"https:\/\/www.infokuryr.cz\/n\/wp-json\/wp\/v2\/media\/99889"}],"wp:attachment":[{"href":"https:\/\/www.infokuryr.cz\/n\/wp-json\/wp\/v2\/media?parent=99888"}],"wp:term":[{"taxonomy":"category","embeddable":true,"href":"https:\/\/www.infokuryr.cz\/n\/wp-json\/wp\/v2\/categories?post=99888"},{"taxonomy":"post_tag","embeddable":true,"href":"https:\/\/www.infokuryr.cz\/n\/wp-json\/wp\/v2\/tags?post=99888"}],"curies":[{"name":"wp","href":"https:\/\/api.w.org\/{rel}","templated":true}]}}