{"id":99867,"date":"2026-02-19T00:22:11","date_gmt":"2026-02-18T23:22:11","guid":{"rendered":"https:\/\/www.infokuryr.cz\/n\/?p=99867"},"modified":"2026-02-18T13:19:01","modified_gmt":"2026-02-18T12:19:01","slug":"zbynek-fiala-trn-v-pate-trumpa-i-vedeni-demokratu","status":"publish","type":"post","link":"https:\/\/www.infokuryr.cz\/n\/2026\/02\/19\/zbynek-fiala-trn-v-pate-trumpa-i-vedeni-demokratu\/","title":{"rendered":"Zbyn\u011bk Fiala: Trn v pat\u011b Trumpa i veden\u00ed Demokrat\u016f"},"content":{"rendered":"<div id=\"fb-root\"><\/div>\n<p><strong>Socialistka AOL se p\u0159edstavila v Davosu jako st\u00e1le vlivn\u011bj\u0161\u00ed z\u00e1stupce jin\u00e9 Ameriky<\/strong><\/p>\n<p style=\"font-weight: 400;\">Na opozi\u010dn\u00ed politiky z\u00a0Demokratick\u00e9 strany, kte\u0159\u00ed aspiruj\u00ed na nominaci do prezidentsk\u00fdch voleb USA 2028, se te\u010f soust\u0159edila pozornost, proto\u017ee hromadn\u011b vyrazili na Sv\u011btov\u00e9 ekonomick\u00e9 f\u00f3rum do Davosu. Cht\u011bli uk\u00e1zat, \u017ee Spojen\u00e9 st\u00e1ty nejsou jenom MAGA.<\/p>\n<p style=\"font-weight: 400;\">Byl tam guvern\u00e9r Kalifornie Gavin Newsom, kter\u00fd ut\u011b\u0161oval evropsk\u00e9 l\u00eddry, \u017ee kdy\u017e se ned\u00e1 mluvit s\u00a0Washingtonem, je tu je\u0161t\u011b jeho st\u00e1t, kter\u00fd z\u016fst\u00e1v\u00e1 \u201estabiln\u00edm a spolehliv\u00fdm partnerem\u201c v oblasti klimatick\u00fdch zm\u011bn. Sen\u00e1tor Chris Murphy z Connecticutu odsoudil Trumpa za to, \u017ee \u201ena\u0161e p\u0159\u00e1tele v Evrop\u011b\u201c odcizil. A sen\u00e1tor Mark Kelly z Arizony se pokusil tyto p\u0159\u00e1tele uklidnit:\u00a0<em>\u201eMysl\u00edm, \u017ee to m\u016f\u017eeme napravit. Mysl\u00edm, \u017ee to m\u016f\u017eeme p\u0159ekonat. Bude to vy\u017eadovat nov\u00e9ho prezidenta.\u201c<\/em><\/p>\n<p style=\"font-weight: 400;\">Ale kdo to bude? A kam to nasm\u011bruje? To byl jeden z\u00a0d\u016fvod\u016f, pro\u010d se nejv\u011bt\u0161\u00ed pozornost se soust\u0159edila na nejmlad\u0161\u00ed (a nejchud\u0161\u00ed) poslankyni Sn\u011bmovny reprezentant\u016f Spojen\u00fdch st\u00e1t\u016f Alexandrii Ocasio-Cortezovou, b\u011b\u017en\u011b ozna\u010dovanou pouh\u00fdm AOL. Ta se hl\u00e1s\u00ed k\u00a0mali\u010dk\u00e9 Socialistick\u00e9 stran\u011b Ameriky, levicov\u00e9mu, form\u00e1ln\u011b nez\u00e1visl\u00e9mu k\u0159\u00eddlu Demokratick\u00e9 strany.<\/p>\n<p style=\"font-weight: 400;\">Z\u00a0v\u00fd\u0161e uveden\u00e9ho by se zd\u00e1lo, \u017ee jde o outsidera. To u\u017e v\u0161ak tvrd\u00ed jen neinformovan\u00ed. AOC jde p\u0159itom je\u0161t\u011b d\u00e1l, po\u017eaduje zm\u011bnu i ve veden\u00ed opozi\u010dn\u00ed strany. Je tak trnem v\u00a0pat\u011b jak veden\u00ed Demokrat\u016f, tak prezidenta Donalda Trumpa. Trump v\u00ed velmi dob\u0159e, \u017ee ji volili \u010dasto stejn\u00ed lid\u00e9 jako jeho. Mohli by j\u00ed tedy d\u00e1t p\u0159ednost, a\u017e tam on nebude.<\/p>\n<p style=\"font-weight: 400;\">Prov\u00e1z\u00ed ji pov\u011bst, \u017ee volby opravdu um\u00ed. Roku 2018 dok\u00e1zala v\u00a0prim\u00e1rk\u00e1ch porazit jednu z\u00a0nejt\u011b\u017e\u0161\u00edch vah Demokrat\u016f, Joe Crawleho, kter\u00e9mu se od roku 2002 nikdo neodv\u00e1\u017eil postavit, a dos\u00e1hla toho bez kapit\u00e1lu a prakticky od barov\u00e9ho pultu v\u00a0newyorsk\u00e9m Bronxu, kde i v\u00a0dob\u011b kampan\u011b musela obsluhovat hosty, aby m\u011bla na n\u00e1jem.<\/p>\n<p style=\"font-weight: 400;\">Jak p\u00ed\u0161\u00ed NYT, mnoho demokratick\u00fdch politik\u016f se nyn\u00ed obrac\u00ed na 36letou Ocasio-Cortezovou, a nikoli na sv\u00e9 stranick\u00e9 v\u016fdce, aby jim poradila, jak jejich zpr\u00e1vu sd\u011blit. Pova\u017euj\u00ed jej\u00ed instinkty za mnohem byst\u0159ej\u0161\u00ed ne\u017e pokyny konzultant\u016f a fokusov\u00fdch skupin z Washingtonu.<\/p>\n<p style=\"font-weight: 400;\">Ocasio-Cortezov\u00e1 tak pravideln\u011b odpov\u00edd\u00e1 i na \u017e\u00e1dosti um\u00edrn\u011bn\u00fdch demokrat\u016f o pomoc s komunika\u010dn\u00ed strategi\u00ed a z\u00edsk\u00e1v\u00e1n\u00edm finan\u010dn\u00edch prost\u0159edk\u016f a slou\u017e\u00ed jako mentorka mlad\u00fdm koleg\u016fm ve Sn\u011bmovn\u011b reprezentant\u016f. Neodm\u00edt\u00e1 podporu ani stranick\u00fdm kandid\u00e1t\u016fm, jejich\u017e n\u00e1zory nesd\u00edl\u00ed, proto\u017ee ch\u00e1pe, \u017ee v\u00a0Kongresu jde v\u017edy o celkovou palebnou s\u00edlu, rozlo\u017een\u00ed hlas\u016f. Kdo nem\u00e1 v\u011bt\u0161inu, mudruje marn\u011b.<\/p>\n<p style=\"font-weight: 400;\">Te\u010f se v\u0161ak znovu sna\u017e\u00ed nasm\u011brovat stranu k populistick\u00e9mu poselstv\u00ed zam\u011b\u0159en\u00e9mu na d\u011blnickou t\u0159\u00eddu, p\u00ed\u0161\u00ed New York Times.\u00a0<em>\u201eDemokrat\u00e9 v\u0161ech sm\u011br\u016f se obecn\u011b shoduj\u00ed, \u017ee pot\u0159ebuj\u00ed ambici\u00f3zn\u011bj\u0161\u00ed vizi zam\u011b\u0159enou na sn\u00ed\u017een\u00ed \u017eivotn\u00edch n\u00e1klad\u016f. Jde toti\u017e o to, z\u00edskali zp\u011bt voli\u010de z \u0159ad d\u011bln\u00edk\u016f, kte\u0159\u00ed b\u011bhem Trumpovy \u00e9ry p\u0159e\u0161li k republik\u00e1n\u016fm.\u201c<\/em><\/p>\n<p style=\"font-weight: 400;\"><a href=\"https:\/\/www.nytimes.com\/2026\/02\/06\/us\/politics\/aoc-run-for-president-or-senate-2028.html\">https:\/\/www.nytimes.com\/2026\/02\/06\/us\/politics\/aoc-run-for-president-or-senate-2028.html<\/a><\/p>\n<p style=\"font-weight: 400;\">Vliv AOC roste, proto je tak\u00e9 zaj\u00edmav\u00e1 jako ter\u010d kritiky. V\u00a0Davosu vystoupila ve dvou panelech, ale nejv\u011bt\u0161\u00ed pozornost se soust\u0159edila na ten o zahrani\u010dn\u00ed politice. Zaujala opravdu hodn\u011b zdlouhavou a dosti koktavou odpov\u011bd\u00ed na ot\u00e1zku, zda by Spojen\u00e9 st\u00e1ty p\u0159i\u0161ly Tchajwanu na pomoc, kdyby jej \u010c\u00edna napadla. Nakonec ze sebe vysoukala, \u017ee \u201etakov\u00e1 je prost\u011b dlouhodob\u00e1 politika Spojen\u00fdch st\u00e1t\u016f\u201c.<\/p>\n<p style=\"font-weight: 400;\">Za pozornost v\u0161ak st\u00e1ly jin\u00e9 v\u011bci. Po\u017eadovala zahrani\u010dn\u011bpolitick\u00fd p\u0159\u00edstup, kter\u00fd by \u010delil rekordn\u00ed nerovnosti a sna\u017eil se zm\u011bnit sv\u011bt \u201eovl\u00e1dan\u00fd hrstkou elit, hrstkou oligarch\u016f, kte\u0159\u00ed sed\u00ed v p\u0159edst\u00edran\u00fdch demokraci\u00edch a uzav\u00edraj\u00ed mezi sebou tajn\u00e9 dohody\u201c. Bloomberg dod\u00e1v\u00e1, jak v jedn\u00e9 diskusi uvedla, \u017ee bezpodm\u00edne\u010dn\u00e1 pomoc USA Izraeli \u201eumo\u017enila genocidu\u201c.<\/p>\n<p style=\"font-weight: 400;\"><a href=\"https:\/\/www.bloomberg.com\/news\/articles\/2026-02-15\/ocasio-cortez-tests-foreign-policy-waters-at-munich-conference\">https:\/\/www.bloomberg.com\/news\/articles\/2026-02-15\/ocasio-cortez-tests-foreign-policy-waters-at-munich-conference<\/a><\/p>\n<p style=\"font-weight: 400;\">Vypadala pr\u00fd slab\u011b, p\u0159esto\u017ee mezin\u00e1rodn\u00ed vztahy \u2013 by\u0165 jen na bakal\u00e1\u0159sk\u00e9 \u00farovni, jako n\u00e1\u0161 b\u00fdval\u00fd ministr zahrani\u010dn\u00edch v\u011bc\u00ed \u2013 studovala, a s\u00a0\u010derven\u00fdm diplomem.<\/p>\n<p style=\"font-weight: 400;\">Dal\u0161\u00ed panel, kter\u00e9ho se z\u00fa\u010dastnila na Sv\u011btov\u00e9m ekonomick\u00e9m f\u00f3ru v Davosu u\u017e byl o soci\u00e1ln\u00edch ot\u00e1zk\u00e1ch, \u010dili dobov\u00fdm \u017eargonem o \u201epopulismu\u201c. Vedla jej redaktorka New York Times Katrin Bennholdov\u00e1, kter\u00e1 o tom p\u0159inesla zpr\u00e1vu a k tomu je\u0161t\u011b po\u0159\u00eddila n\u011bkde v z\u00e1kulis\u00ed rozhovor. Z toho se p\u0159ece jen dozv\u00edme o n\u011bco v\u00edc.<\/p>\n<p style=\"font-weight: 400;\"><a href=\"https:\/\/www.nytimes.com\/2026\/02\/16\/world\/trump-democrats-midterms-aoc-iran.html?searchResultPosition=3\">https:\/\/www.nytimes.com\/2026\/02\/16\/world\/trump-democrats-midterms-aoc-iran.html<\/a><\/p>\n<p style=\"font-weight: 400;\">Kte\u0159\u00ed Demokrat\u00e9 budou nakonec kandidovat v roce 2028, to je st\u00e1le je\u0161t\u011b v\u011bc\u00ed budoucnosti, av\u0161ak bezprost\u0159edn\u011bj\u0161\u00ed ot\u00e1zkou je, jakou alternativn\u00ed vizi mohou demokrat\u00e9 nab\u00eddnout americk\u00fdm voli\u010d\u016fm pro jejich zemi a sv\u011bt. A jak moc se mus\u00ed li\u0161it od t\u00e9, kter\u00e1 prohr\u00e1la v posledn\u00edch volb\u00e1ch?<\/p>\n<p style=\"font-weight: 400;\">V populistick\u00e9 levici strany, kter\u00e1 byla povzbuzena v\u00edt\u011bzstv\u00edm socialisty Mamdaniho ve volb\u00e1ch prim\u00e1tora New Yorku, se objevuje projekt, kter\u00fd se stav\u00ed nejen proti MAGA, ale tak\u00e9 proti minul\u00e9 politice Demokrat\u016f, p\u00ed\u0161e Bennholdov\u00e1 a reprodukuje partie sv\u00e9ho rozhovoru.<\/p>\n<p style=\"font-weight: 400;\"><em>\u201eNeust\u00e1le jsem vid\u011bla stranu, kter\u00e1 h\u00e1jila zvl\u00e1\u0161tn\u00ed z\u00e1jmy, elitu,\u201c<\/em>\u00a0\u0159ekla AOC.\u00a0<em>\u201eDemokratickou stranu, kter\u00e1 pracuj\u00edc\u00edm lidem v podstat\u011b \u0159\u00edkala, \u017ee je v\u0161e v po\u0159\u00e1dku, i kdy\u017e ve skute\u010dnosti tomu tak nebylo.\u201c<\/em><\/p>\n<p style=\"font-weight: 400;\">\u0158ekla, \u017ee strana od jej\u00edho prvn\u00edho kandidov\u00e1n\u00ed v roce 2018 u\u0161la dlouhou cestu, ale ne dost dlouhou.\u00a0<strong>Jednou z v\u011bc\u00ed, kter\u00e1 podle n\u00ed mus\u00ed b\u00fdt \u201erychle\u201c provedena, je da\u0148 z\u00a0velk\u00fdch majetk\u016f.<\/strong>\u00a0Dal\u0161\u00ed v\u011bc\u00ed jsou antimonopoln\u00ed politiky, kter\u00e9 maj\u00ed zabr\u00e1nit koncentraci toho, co nazvala \u201ezneu\u017e\u00edvaj\u00edc\u00ed\u201c korpor\u00e1tn\u00ed moc\u00ed.<\/p>\n<p style=\"font-weight: 400;\">Vzestup autorit\u00e1\u0159stv\u00ed p\u0159\u00edmo spojila s rostouc\u00ed nerovnost\u00ed. \u0158ekla, \u017ee oby\u010dejn\u00ed lid\u00e9 se od demokracie odvrac\u00ed, proto\u017ee bohat\u00e1 elita manipuluje syst\u00e9mem ve sv\u016fj prosp\u011bch.<\/p>\n<p style=\"font-weight: 400;\"><em>\u201eZa\u010d\u00ednaj\u00ed rozhodovat, a my to te\u010f vid\u00edme u n\u011bkter\u00fdch miliard\u00e1\u0159\u016f, kte\u0159\u00ed uplat\u0148uj\u00ed sv\u016fj vliv v dom\u00e1c\u00ed i glob\u00e1ln\u00ed politice,\u201c<\/em>\u00a0\u0159ekla Ocasio-Cortezov\u00e1.<\/p>\n<p style=\"font-weight: 400;\"><em>\u201eExtr\u00e9mn\u00ed m\u00edra p\u0159\u00edjmov\u00e9 nerovnosti vede k soci\u00e1ln\u00ed nestabilit\u011b,\u201c<\/em>\u00a0\u0159ekla. Politici mus\u00ed\u00a0<em>\u201ep\u0159in\u00e9st materi\u00e1ln\u00ed zisky pro pracuj\u00edc\u00ed t\u0159\u00eddu,\u201c<\/em>\u00a0dodala,\u00a0<em>\u201ejinak upadneme do izolovan\u011bj\u0161\u00edho sv\u011bta ovl\u00e1dan\u00e9ho autorit\u00e1\u0159i, kte\u0159\u00ed nep\u0159in\u00e1\u0161ej\u00ed prosp\u011bch ani pracuj\u00edc\u00edm lidem.\u201c<\/em><\/p>\n<p style=\"font-weight: 400;\">Bennholdov\u00e1 dod\u00e1v\u00e1, \u017ee zat\u00edm je velmi nejist\u00e9, zda se vize Ocasio-Cortezov\u00e9 prosad\u00ed v \u010dele demokratick\u00e9 kandid\u00e1tky v roce 2028. Newsom, kter\u00fd se otev\u0159en\u011b vyslovil proti dani z majetku v Kalifornii, vede v mnoha ned\u00e1vn\u00fdch pr\u016fzkumech ve\u0159ejn\u00e9ho m\u00edn\u011bn\u00ed mezi demokratick\u00fdmi kandid\u00e1ty (i kdy\u017e je je\u0161t\u011b velmi brzy).<\/p>\n<p style=\"font-weight: 400;\">Neexistuje v\u0161ak z\u00e1ruka, \u017ee pokud bude p\u0159\u00ed\u0161t\u00edm prezidentem USA Demokrat, sv\u011bt nebo dokonce transatlantick\u00e9 vztahy se vr\u00e1t\u00ed do p\u016fvodn\u00edho stavu.<\/p>\n<p style=\"font-weight: 400;\"><em>\u201eMnoho v\u016fdc\u016f prohl\u00e1silo, \u017ee se vr\u00e1t\u00edme zp\u011bt,\u201c<\/em>\u00a0\u0159ekla Ocasio-Cortezov\u00e1.\u00a0<em>\u201eMus\u00edme si v\u0161ak uv\u011bdomit, \u017ee \u017eijeme v nov\u00e9 dob\u011b a v nov\u00e9m v\u011bku.\u201c<\/em><\/p>\n<p><a href=\"https:\/\/vasevec.info\/komentare\/trn-v-pate-trumpa-i-vedeni-demokratu\">Zbyn\u011bk Fiala<\/a><\/p>\n<p><img decoding=\"async\" loading=\"lazy\" class=\"alignnone size-medium wp-image-18520\" src=\"http:\/\/www.infokuryr.cz\/n\/wp-content\/uploads\/2022\/11\/zbynek-fiala-300x208.jpg\" alt=\"\" width=\"300\" height=\"208\" srcset=\"https:\/\/www.infokuryr.cz\/n\/wp-content\/uploads\/2022\/11\/zbynek-fiala-300x208.jpg 300w, https:\/\/www.infokuryr.cz\/n\/wp-content\/uploads\/2022\/11\/zbynek-fiala.jpg 318w\" sizes=\"(max-width: 300px) 100vw, 300px\" \/><\/p>\n<p>&nbsp;<\/p>\n","protected":false},"excerpt":{"rendered":"<p>Socialistka AOL se p\u0159edstavila v Davosu jako st\u00e1le vlivn\u011bj\u0161\u00ed z\u00e1stupce jin\u00e9 Ameriky Na opozi\u010dn\u00ed politiky&#8230;<\/p>\n","protected":false},"author":2,"featured_media":90658,"comment_status":"closed","ping_status":"closed","sticky":false,"template":"","format":"standard","meta":[],"categories":[6],"tags":[1042,1310,452,37],"_links":{"self":[{"href":"https:\/\/www.infokuryr.cz\/n\/wp-json\/wp\/v2\/posts\/99867"}],"collection":[{"href":"https:\/\/www.infokuryr.cz\/n\/wp-json\/wp\/v2\/posts"}],"about":[{"href":"https:\/\/www.infokuryr.cz\/n\/wp-json\/wp\/v2\/types\/post"}],"author":[{"embeddable":true,"href":"https:\/\/www.infokuryr.cz\/n\/wp-json\/wp\/v2\/users\/2"}],"replies":[{"embeddable":true,"href":"https:\/\/www.infokuryr.cz\/n\/wp-json\/wp\/v2\/comments?post=99867"}],"version-history":[{"count":0,"href":"https:\/\/www.infokuryr.cz\/n\/wp-json\/wp\/v2\/posts\/99867\/revisions"}],"wp:featuredmedia":[{"embeddable":true,"href":"https:\/\/www.infokuryr.cz\/n\/wp-json\/wp\/v2\/media\/90658"}],"wp:attachment":[{"href":"https:\/\/www.infokuryr.cz\/n\/wp-json\/wp\/v2\/media?parent=99867"}],"wp:term":[{"taxonomy":"category","embeddable":true,"href":"https:\/\/www.infokuryr.cz\/n\/wp-json\/wp\/v2\/categories?post=99867"},{"taxonomy":"post_tag","embeddable":true,"href":"https:\/\/www.infokuryr.cz\/n\/wp-json\/wp\/v2\/tags?post=99867"}],"curies":[{"name":"wp","href":"https:\/\/api.w.org\/{rel}","templated":true}]}}