{"id":99859,"date":"2026-02-19T00:13:21","date_gmt":"2026-02-18T23:13:21","guid":{"rendered":"https:\/\/www.infokuryr.cz\/n\/?p=99859"},"modified":"2026-02-18T13:02:00","modified_gmt":"2026-02-18T12:02:00","slug":"erik-best-nezodpovedne-vydaje-na-obranu-jsou-zodpovedne","status":"publish","type":"post","link":"https:\/\/www.infokuryr.cz\/n\/2026\/02\/19\/erik-best-nezodpovedne-vydaje-na-obranu-jsou-zodpovedne\/","title":{"rendered":"Erik Best: Nezodpov\u011bdn\u00e9 v\u00fddaje na obranu jsou zodpov\u011bdn\u00e9"},"content":{"rendered":"<div id=\"fb-root\"><\/div>\n<p>Jako kandid\u00e1t opozice na funkci prezidenta v\u00a0roce 2028 si prezident Petr Pavel p\u0159ipravuje p\u016fdu pro sv\u016fj dal\u0161\u00ed postoj proti nov\u00e9 vl\u00e1d\u011b, kter\u00fdm m\u00e1 b\u00fdt vetov\u00e1n\u00ed rozpo\u010dtu na rok 2026.<\/p>\n<p>Pavel p\u0159ed t\u00fddnem v\u00a0\u010cesk\u00fdch Bud\u011bjovic\u00edch prohl\u00e1sil, \u017ee se zd\u00e1, \u017ee n\u00e1vrh z\u00e1kona o\u00a0st\u00e1tn\u00edm rozpo\u010dtu je\u00a0<a href=\"https:\/\/www.echo24.cz\/a\/H4sS9\/zpravy-domov-statni-rozpocet-neodpovedny-porusuje-zakon-kupka-rakusan-jediny-realny-kontruje-schillerova\" target=\"_blank\" rel=\"noopener\">v\u00a0rozporu se z\u00e1konem<\/a>\u00a0o\u00a0rozpo\u010dtov\u00e9 odpov\u011bdnosti. V\u010dera v\u00a0Praze \u0159ekl, \u017ee by bylo\u00a0<a href=\"https:\/\/www.novinky.cz\/clanek\/domaci-snizovat-vydaje-na-obranu-je-nezodpovedne-pavel-zkritizoval-navrh-rozpoctu-40563026#dop_ab_variant=0&amp;dop_source_zone_name=novinky.web.nexttoart\" target=\"_blank\" rel=\"noopener\">nezodpov\u011bdn\u00e9<\/a>\u00a0sni\u017eovat v\u00fddaje na obranu a\u00a0tak\u00e9, \u017ee zem\u011b s\u00a0rozpo\u010dtov\u00fdmi probl\u00e9my nem\u00e1 na to, aby aspirovala na\u00a0<a href=\"https:\/\/www.irozhlas.cz\/sport\/olympijske-hry\/cesko-se-potyka-s-rozpoctovymi-problemy-na-poradani-olympijskych-her-nemame-mini_2602171727_ntu?utm_source=www.seznam.cz&amp;utm_medium=sekce-z-internetu\" target=\"_blank\" rel=\"noopener\">po\u0159\u00e1d\u00e1n\u00ed olympijsk\u00fdch her<\/a>.<\/p>\n<p>B\u011bhem p\u00e1te\u010dn\u00ed panelov\u00e9 diskuse na t\u00e9ma populismus na\u00a0<a href=\"https:\/\/securityconference.org\/en\/msc-2026\/agenda\/event\/vox-populi-responding-to-the-rise-of-populism\/\" target=\"_blank\" rel=\"noopener\">Mnichovsk\u00e9 bezpe\u010dnostn\u00ed konferenci<\/a>\u00a0uvedl, \u017ee\u00a0<a href=\"https:\/\/www.youtube.com\/live\/rqMFtTqRtbI?t=2404s\" target=\"_blank\" rel=\"noopener\">sou\u010dasn\u00e1 \u010desk\u00e1 vl\u00e1da<\/a>\u00a0bohu\u017eel nevyu\u017e\u00edv\u00e1 p\u0159\u00edle\u017eitosti poskytovan\u00e9 Evropskou uni\u00ed \u010dlensk\u00fdm st\u00e1t\u016fm ohledn\u011b nezapo\u010d\u00edt\u00e1v\u00e1n\u00ed do deficit\u016f st\u00e1tn\u00edch rozpo\u010dt\u016f t\u011bch\u00a0<a href=\"https:\/\/www.consilium.europa.eu\/cs\/press\/press-releases\/2025\/07\/08\/council-activates-flexibility-in-eu-fiscal-rules-for-15-member-states-to-increase-defence-spending\/\" target=\"_blank\" rel=\"noopener\">v\u00fddaj\u016f na obranu, kter\u00e9 p\u0159esahuj\u00ed 2 % HDP<\/a>.<\/p>\n<p>Toto prohl\u00e1\u0161en\u00ed objas\u0148uje, jak\u00e9 je skute\u010dn\u00e9 Pavlovo poselstv\u00ed, pokud jde o\u00a0rozpo\u010det. Chce vy\u0161\u0161\u00ed v\u00fddaje na obranu, i\u00a0kdy\u017e by to mohlo b\u00fdt nezodpov\u011bdn\u00e9, proto\u017ee EU rozhodla, \u017ee \u017e\u00e1dn\u00e1 v\u00fd\u0161e v\u00fddaj\u016f na obranu nen\u00ed ve skute\u010dnosti nezodpov\u011bdn\u00e1.<\/p>\n<p><a href=\"https:\/\/www.fsfinalword.cz\/?page=archive&amp;day=2026-02-18\">Erik Best<\/a><\/p>\n<p><img decoding=\"async\" loading=\"lazy\" class=\"alignnone  wp-image-1179\" src=\"http:\/\/www.infokuryr.cz\/n\/wp-content\/uploads\/2021\/04\/erik-best.jpg\" alt=\"\" width=\"126\" height=\"142\" \/><\/p>\n<p>&nbsp;<\/p>\n","protected":false},"excerpt":{"rendered":"<p>Jako kandid\u00e1t opozice na funkci prezidenta v\u00a0roce 2028 si prezident Petr Pavel p\u0159ipravuje p\u016fdu pro&#8230;<\/p>\n","protected":false},"author":2,"featured_media":49432,"comment_status":"closed","ping_status":"closed","sticky":false,"template":"","format":"standard","meta":[],"categories":[6],"tags":[1173,477,338],"_links":{"self":[{"href":"https:\/\/www.infokuryr.cz\/n\/wp-json\/wp\/v2\/posts\/99859"}],"collection":[{"href":"https:\/\/www.infokuryr.cz\/n\/wp-json\/wp\/v2\/posts"}],"about":[{"href":"https:\/\/www.infokuryr.cz\/n\/wp-json\/wp\/v2\/types\/post"}],"author":[{"embeddable":true,"href":"https:\/\/www.infokuryr.cz\/n\/wp-json\/wp\/v2\/users\/2"}],"replies":[{"embeddable":true,"href":"https:\/\/www.infokuryr.cz\/n\/wp-json\/wp\/v2\/comments?post=99859"}],"version-history":[{"count":0,"href":"https:\/\/www.infokuryr.cz\/n\/wp-json\/wp\/v2\/posts\/99859\/revisions"}],"wp:featuredmedia":[{"embeddable":true,"href":"https:\/\/www.infokuryr.cz\/n\/wp-json\/wp\/v2\/media\/49432"}],"wp:attachment":[{"href":"https:\/\/www.infokuryr.cz\/n\/wp-json\/wp\/v2\/media?parent=99859"}],"wp:term":[{"taxonomy":"category","embeddable":true,"href":"https:\/\/www.infokuryr.cz\/n\/wp-json\/wp\/v2\/categories?post=99859"},{"taxonomy":"post_tag","embeddable":true,"href":"https:\/\/www.infokuryr.cz\/n\/wp-json\/wp\/v2\/tags?post=99859"}],"curies":[{"name":"wp","href":"https:\/\/api.w.org\/{rel}","templated":true}]}}