{"id":99851,"date":"2026-02-19T00:21:21","date_gmt":"2026-02-18T23:21:21","guid":{"rendered":"https:\/\/www.infokuryr.cz\/n\/?p=99851"},"modified":"2026-02-18T13:20:15","modified_gmt":"2026-02-18T12:20:15","slug":"sokujici-kriminalita-na-zeleznici-nemecko-ma-problem-s-cizinci","status":"publish","type":"post","link":"https:\/\/www.infokuryr.cz\/n\/2026\/02\/19\/sokujici-kriminalita-na-zeleznici-nemecko-ma-problem-s-cizinci\/","title":{"rendered":"\u0160okuj\u00edc\u00ed kriminalita na \u017eeleznici: N\u011bmecko m\u00e1 probl\u00e9m s cizinci"},"content":{"rendered":"<div id=\"fb-root\"><\/div>\n<p><strong><span dir=\"auto\">Po brut\u00e1ln\u00edm a smrteln\u00e9m \u00fatoku na 36let\u00e9ho vlakov\u00e9ho pr\u016fvod\u010d\u00edho Serkana C. zve\u0159ejnila feder\u00e1ln\u00ed policie \u00fadaje o n\u00e1sil\u00ed v n\u011bmeck\u00e9 \u017eelezni\u010dn\u00ed doprav\u011b. Ty ukazuj\u00ed, \u017ee N\u011bmecko m\u00e1 v t\u00e9to oblasti zna\u010dn\u00fd probl\u00e9m s cizinci<\/span><\/strong><span dir=\"auto\">\u00a0.<\/span><\/p>\n<p><span dir=\"auto\">N\u00e1siln\u00e9 \u00fatoky na vlakov\u00fdch n\u00e1dra\u017e\u00edch a ve vlac\u00edch v N\u011bmecku se opakuj\u00ed. Mnoh\u00e9 z nich se kv\u016fli sv\u00e9 brutalit\u011b dost\u00e1vaj\u00ed na tituln\u00ed str\u00e1nky novin. Tak tomu bylo i v p\u0159\u00edpad\u011b smrteln\u00e9ho \u00fatoku na pr\u016fvod\u010d\u00edho Serkana C. za\u010d\u00e1tkem \u00fanora. (Podez\u0159el\u00fd, \u0158ek, m\u011bl\u00a0<\/span><a href=\"https:\/\/www.tichyseinblick.de\/kolumnen\/aus-aller-welt\/bluttat-homburg-taeter-albanischer-herkunft\/\" target=\"_blank\" rel=\"noreferrer noopener\"><span dir=\"auto\">alb\u00e1nsk\u00e9 ko\u0159eny<\/span><\/a><span dir=\"auto\"> .) Prov\u00e1d\u011bl pouze rutinn\u00ed kontrolu j\u00edzdenek v region\u00e1ln\u00edm rychl\u00edku v Por\u00fdn\u00ed-Falci a zaplatil za to \u017eivotem.<\/span><\/p>\n<figure class=\"wp-block-embed is-type-rich is-provider-twitter wp-block-embed-twitter\">\n<div class=\"wp-block-embed__wrapper\">\n<div class=\"twitter-tweet twitter-tweet-rendered\"><iframe id=\"twitter-widget-0\" class=\"\" title=\"X P\u0159\u00edsp\u011bvek\" src=\"https:\/\/platform.twitter.com\/embed\/Tweet.html?dnt=true&amp;embedId=twitter-widget-0&amp;features=eyJ0ZndfdGltZWxpbmVfbGlzdCI6eyJidWNrZXQiOltdLCJ2ZXJzaW9uIjpudWxsfSwidGZ3X2ZvbGxvd2VyX2NvdW50X3N1bnNldCI6eyJidWNrZXQiOnRydWUsInZlcnNpb24iOm51bGx9LCJ0ZndfdHdlZXRfZWRpdF9iYWNrZW5kIjp7ImJ1Y2tldCI6Im9uIiwidmVyc2lvbiI6bnVsbH0sInRmd19yZWZzcmNfc2Vzc2lvbiI6eyJidWNrZXQiOiJvbiIsInZlcnNpb24iOm51bGx9LCJ0ZndfZm9zbnJfc29mdF9pbnRlcnZlbnRpb25zX2VuYWJsZWQiOnsiYnVja2V0Ijoib24iLCJ2ZXJzaW9uIjpudWxsfSwidGZ3X21peGVkX21lZGlhXzE1ODk3Ijp7ImJ1Y2tldCI6InRyZWF0bWVudCIsInZlcnNpb24iOm51bGx9LCJ0ZndfZXhwZXJpbWVudHNfY29va2llX2V4cGlyYXRpb24iOnsiYnVja2V0IjoxMjA5NjAwLCJ2ZXJzaW9uIjpudWxsfSwidGZ3X3Nob3dfYmlyZHdhdGNoX3Bpdm90c19lbmFibGVkIjp7ImJ1Y2tldCI6Im9uIiwidmVyc2lvbiI6bnVsbH0sInRmd19kdXBsaWNhdGVfc2NyaWJlc190b19zZXR0aW5ncyI6eyJidWNrZXQiOiJvbiIsInZlcnNpb24iOm51bGx9LCJ0ZndfdXNlX3Byb2ZpbGVfaW1hZ2Vfc2hhcGVfZW5hYmxlZCI6eyJidWNrZXQiOiJvbiIsInZlcnNpb24iOm51bGx9LCJ0ZndfdmlkZW9faGxzX2R5bmFtaWNfbWFuaWZlc3RzXzE1MDgyIjp7ImJ1Y2tldCI6InRydWVfYml0cmF0ZSIsInZlcnNpb24iOm51bGx9LCJ0ZndfbGVnYWN5X3RpbWVsaW5lX3N1bnNldCI6eyJidWNrZXQiOnRydWUsInZlcnNpb24iOm51bGx9LCJ0ZndfdHdlZXRfZWRpdF9mcm9udGVuZCI6eyJidWNrZXQiOiJvbiIsInZlcnNpb24iOm51bGx9fQ%3D%3D&amp;frame=false&amp;hideCard=false&amp;hideThread=false&amp;id=2023329145116111342&amp;lang=cs&amp;origin=https%3A%2F%2Freport24.news%2Fschockierende-kriminalitaet-im-bahnverkehr-wir-haben-ein-auslaenderproblem%2F&amp;sessionId=533a8b26bd0a9db7db7e5f519df4977b1a76e7a1&amp;theme=light&amp;widgetsVersion=2615f7e52b7e0%3A1702314776716&amp;width=550px\" frameborder=\"0\" scrolling=\"no\" allowfullscreen=\"allowfullscreen\" data-tweet-id=\"2023329145116111342\" data-mce-fragment=\"1\"><\/iframe><\/div>\n<\/div>\n<\/figure>\n<p><span dir=\"auto\">\u00dadaje spolkov\u00e9 policie, o kter\u00fdch informoval\u00a0<\/span><a href=\"https:\/\/deutschlandkurier.de\/2026\/02\/tatort-bahn-auslaender-begehen-8mal-haeufiger-sexualdelikte-sind-6mal-oefter-beim-messern-und-5mal-mehr-bei-sonstiger-gewalt-dabei\/\"><span dir=\"auto\">den\u00edk Deutschlandkurier<\/span><\/a><span dir=\"auto\">\u00a0, ukazuj\u00ed, \u017ee v lo\u0148sk\u00e9m roce do\u0161lo v N\u011bmecku na vlakov\u00fdch n\u00e1dra\u017e\u00edch a ve vlac\u00edch k v\u00edce ne\u017e 5 600 n\u00e1siln\u00fdm trestn\u00fdm \u010din\u016fm. Mezi nimi bylo p\u0159ibli\u017en\u011b 980 trestn\u00fdch \u010din\u016f s no\u017eem a kolem 2 200 sexu\u00e1ln\u00edch trestn\u00fdch \u010din\u016f. Z\u00e1rove\u0148 se v\u0161ak ukazuje i velmi jasn\u00fd obraz.<\/span><\/p>\n<p><span dir=\"auto\">Cizinci jsou osmkr\u00e1t \u010dast\u011bji zapojeni do sexu\u00e1ln\u00edch trestn\u00fdch \u010din\u016f, \u0161estkr\u00e1t \u010dast\u011bji do \u00fatok\u016f no\u017eem a p\u011btkr\u00e1t \u010dast\u011bji do jin\u00fdch n\u00e1siln\u00fdch trestn\u00fdch \u010din\u016f ne\u017e n\u011bme\u010dt\u00ed ob\u010dan\u00e9, a proto jsou v\u00fdrazn\u011b nadm\u011brn\u011b zastoupeni. Vzhledem k t\u011bmto \u010d\u00edsl\u016fm lze \u0159\u00edci, \u017ee existuje zna\u010dn\u00fd probl\u00e9m s p\u00e1ch\u00e1n\u00edm t\u011bchto typ\u016f trestn\u00fdch \u010din\u016f cizinci.<\/span><\/p>\n<p><span dir=\"auto\">Podle zpr\u00e1vy jsou hlavn\u00ed vlakov\u00e1 n\u00e1dra\u017e\u00ed v Lipsku (859 registrovan\u00fdch n\u00e1siln\u00fdch trestn\u00fdch \u010din\u016f), Dortmundu (735) a Berl\u00edn\u011b (654) pova\u017eov\u00e1na za ohniska kriminality. N\u00e1sleduj\u00ed Kol\u00edn nad R\u00fdnem, Hannover, Hamburk, Mnichov, Norimberk, Frankfurt nad Mohanem a D\u00fcsseldorf. To sotva lze ozna\u010dit za bezpe\u010dnost cestuj\u00edc\u00edch.<\/span><\/p>\n<figure class=\"wp-block-embed is-type-rich is-provider-twitter wp-block-embed-twitter\">\n<div class=\"wp-block-embed__wrapper\">\n<div class=\"twitter-tweet twitter-tweet-rendered\"><iframe id=\"twitter-widget-1\" class=\"\" title=\"X P\u0159\u00edsp\u011bvek\" src=\"https:\/\/platform.twitter.com\/embed\/Tweet.html?dnt=true&amp;embedId=twitter-widget-1&amp;features=eyJ0ZndfdGltZWxpbmVfbGlzdCI6eyJidWNrZXQiOltdLCJ2ZXJzaW9uIjpudWxsfSwidGZ3X2ZvbGxvd2VyX2NvdW50X3N1bnNldCI6eyJidWNrZXQiOnRydWUsInZlcnNpb24iOm51bGx9LCJ0ZndfdHdlZXRfZWRpdF9iYWNrZW5kIjp7ImJ1Y2tldCI6Im9uIiwidmVyc2lvbiI6bnVsbH0sInRmd19yZWZzcmNfc2Vzc2lvbiI6eyJidWNrZXQiOiJvbiIsInZlcnNpb24iOm51bGx9LCJ0ZndfZm9zbnJfc29mdF9pbnRlcnZlbnRpb25zX2VuYWJsZWQiOnsiYnVja2V0Ijoib24iLCJ2ZXJzaW9uIjpudWxsfSwidGZ3X21peGVkX21lZGlhXzE1ODk3Ijp7ImJ1Y2tldCI6InRyZWF0bWVudCIsInZlcnNpb24iOm51bGx9LCJ0ZndfZXhwZXJpbWVudHNfY29va2llX2V4cGlyYXRpb24iOnsiYnVja2V0IjoxMjA5NjAwLCJ2ZXJzaW9uIjpudWxsfSwidGZ3X3Nob3dfYmlyZHdhdGNoX3Bpdm90c19lbmFibGVkIjp7ImJ1Y2tldCI6Im9uIiwidmVyc2lvbiI6bnVsbH0sInRmd19kdXBsaWNhdGVfc2NyaWJlc190b19zZXR0aW5ncyI6eyJidWNrZXQiOiJvbiIsInZlcnNpb24iOm51bGx9LCJ0ZndfdXNlX3Byb2ZpbGVfaW1hZ2Vfc2hhcGVfZW5hYmxlZCI6eyJidWNrZXQiOiJvbiIsInZlcnNpb24iOm51bGx9LCJ0ZndfdmlkZW9faGxzX2R5bmFtaWNfbWFuaWZlc3RzXzE1MDgyIjp7ImJ1Y2tldCI6InRydWVfYml0cmF0ZSIsInZlcnNpb24iOm51bGx9LCJ0ZndfbGVnYWN5X3RpbWVsaW5lX3N1bnNldCI6eyJidWNrZXQiOnRydWUsInZlcnNpb24iOm51bGx9LCJ0ZndfdHdlZXRfZWRpdF9mcm9udGVuZCI6eyJidWNrZXQiOiJvbiIsInZlcnNpb24iOm51bGx9fQ%3D%3D&amp;frame=false&amp;hideCard=false&amp;hideThread=false&amp;id=2023169977910546572&amp;lang=cs&amp;origin=https%3A%2F%2Freport24.news%2Fschockierende-kriminalitaet-im-bahnverkehr-wir-haben-ein-auslaenderproblem%2F&amp;sessionId=533a8b26bd0a9db7db7e5f519df4977b1a76e7a1&amp;theme=light&amp;widgetsVersion=2615f7e52b7e0%3A1702314776716&amp;width=550px\" frameborder=\"0\" scrolling=\"no\" allowfullscreen=\"allowfullscreen\" data-tweet-id=\"2023169977910546572\" data-mce-fragment=\"1\"><\/iframe><\/div>\n<\/div>\n<\/figure>\n<p><span dir=\"auto\">A jak na to reaguj\u00ed politici? No, mohli by jednodu\u0161e sn\u00ed\u017eit po\u010det kontrol toto\u017enosti\u2026<\/span><\/p>\n<p><img decoding=\"async\" loading=\"lazy\" class=\"alignnone size-full wp-image-1185\" src=\"http:\/\/www.infokuryr.cz\/n\/wp-content\/uploads\/2021\/04\/kuryr-podpis.png\" alt=\"\" width=\"84\" height=\"24\" \/><\/p>\n<p>&nbsp;<\/p>\n","protected":false},"excerpt":{"rendered":"<p>Po brut\u00e1ln\u00edm a smrteln\u00e9m \u00fatoku na 36let\u00e9ho vlakov\u00e9ho pr\u016fvod\u010d\u00edho Serkana C. zve\u0159ejnila feder\u00e1ln\u00ed policie \u00fadaje&#8230;<\/p>\n","protected":false},"author":2,"featured_media":99852,"comment_status":"closed","ping_status":"closed","sticky":false,"template":"","format":"standard","meta":[],"categories":[7],"tags":[1297,369,239,84,1533],"_links":{"self":[{"href":"https:\/\/www.infokuryr.cz\/n\/wp-json\/wp\/v2\/posts\/99851"}],"collection":[{"href":"https:\/\/www.infokuryr.cz\/n\/wp-json\/wp\/v2\/posts"}],"about":[{"href":"https:\/\/www.infokuryr.cz\/n\/wp-json\/wp\/v2\/types\/post"}],"author":[{"embeddable":true,"href":"https:\/\/www.infokuryr.cz\/n\/wp-json\/wp\/v2\/users\/2"}],"replies":[{"embeddable":true,"href":"https:\/\/www.infokuryr.cz\/n\/wp-json\/wp\/v2\/comments?post=99851"}],"version-history":[{"count":0,"href":"https:\/\/www.infokuryr.cz\/n\/wp-json\/wp\/v2\/posts\/99851\/revisions"}],"wp:featuredmedia":[{"embeddable":true,"href":"https:\/\/www.infokuryr.cz\/n\/wp-json\/wp\/v2\/media\/99852"}],"wp:attachment":[{"href":"https:\/\/www.infokuryr.cz\/n\/wp-json\/wp\/v2\/media?parent=99851"}],"wp:term":[{"taxonomy":"category","embeddable":true,"href":"https:\/\/www.infokuryr.cz\/n\/wp-json\/wp\/v2\/categories?post=99851"},{"taxonomy":"post_tag","embeddable":true,"href":"https:\/\/www.infokuryr.cz\/n\/wp-json\/wp\/v2\/tags?post=99851"}],"curies":[{"name":"wp","href":"https:\/\/api.w.org\/{rel}","templated":true}]}}