{"id":99829,"date":"2026-02-19T00:11:30","date_gmt":"2026-02-18T23:11:30","guid":{"rendered":"https:\/\/www.infokuryr.cz\/n\/?p=99829"},"modified":"2026-02-18T12:08:29","modified_gmt":"2026-02-18T11:08:29","slug":"thomas-roper-rusko-varuje-pred-vojenskou-reakci-na-pripadnou-blokadu-baltskeho-more","status":"publish","type":"post","link":"https:\/\/www.infokuryr.cz\/n\/2026\/02\/19\/thomas-roper-rusko-varuje-pred-vojenskou-reakci-na-pripadnou-blokadu-baltskeho-more\/","title":{"rendered":"Thomas R\u00f6per: Rusko varuje p\u0159ed vojenskou reakc\u00ed na p\u0159\u00edpadnou blok\u00e1du Baltsk\u00e9ho mo\u0159e"},"content":{"rendered":"<div id=\"fb-root\"><\/div>\n<p><strong><span dir=\"auto\">Otev\u0159en\u011b vyj\u00e1d\u0159en\u00e9 pl\u00e1ny Evropan\u016f zablokovat Baltsk\u00e9 mo\u0159e pro obchodn\u00ed lod\u011b sm\u011b\u0159uj\u00edc\u00ed do Ruska povedou, pokud diplomatick\u00e9 prost\u0159edky sel\u017eou, k vojensk\u00e9 reakci Ruska, jak nyn\u00ed varoval bl\u00edzk\u00fd Putin\u016fv poradce.<\/span><\/strong><\/p>\n<p><span dir=\"auto\">Nikolaj Patru\u0161ev je dlouholet\u00fdm spolupracovn\u00edkem prezidenta Putina. Nastoupil po Putinovi ve funkci \u0161\u00e9fa bezpe\u010dnostn\u00ed slu\u017eby FSB a pot\u00e9 16 let p\u016fsobil jako \u0161\u00e9f Rady n\u00e1rodn\u00ed bezpe\u010dnosti, ne\u017e se t\u00e9to funkce v roce 2024 ujal b\u00fdval\u00fd ministr obrany \u0160ojgu. Patru\u0161ev se n\u00e1sledn\u011b stal prezidentsk\u00fdm poradcem a vedouc\u00edm N\u00e1mo\u0159n\u00edho kolegia, co\u017e mnoz\u00ed vn\u00edmali jako degradaci.<\/span><\/p>\n<p><span dir=\"auto\">Kdy\u017e v\u0161ak \u010dlov\u011bk vid\u00ed, jak evropsk\u00e9 st\u00e1ty\u00a0<\/span><a href=\"https:\/\/anti-spiegel.ru\/2026\/provozierten-europaeische-staaten-in-der-ostsee-einen-krieg-mit-russland\/\"><span dir=\"auto\">od roku 2024 systematicky stup\u0148uj\u00ed nap\u011bt\u00ed v Baltsk\u00e9m mo\u0159i<\/span><\/a><span dir=\"auto\">\u00a0t\u00edm, \u017ee po\u0161kozen\u00ed podmo\u0159sk\u00fdch kabel\u016f \u2013 po\u0161kozen\u00ed, kter\u00e9 v\u017edy existovalo a nikdy se nedostalo na tituln\u00ed str\u00e1nky novin \u2013 n\u00e1hle ozna\u010duj\u00ed za \u201eruskou sabot\u00e1\u017e\u201c a pot\u00e9 ji pou\u017e\u00edvaj\u00ed jako z\u00e1minku pro neleg\u00e1ln\u00ed \u00fanos obchodn\u00edch lod\u00ed m\u00ed\u0159\u00edc\u00edch do Ruska a pos\u00edlen\u00ed p\u0159\u00edtomnosti NATO v Baltsk\u00e9m mo\u0159i, a \u017ee evropsk\u00e9 st\u00e1ty nyn\u00ed\u00a0<\/span><a href=\"https:\/\/anti-spiegel.ru\/2026\/europaeische-laender-wollen-die-ostsee-fuer-russlands-schattenflotte-sperren\/\"><span dir=\"auto\">otev\u0159en\u011b deklaruj\u00ed<\/span><\/a><span dir=\"auto\">\u00a0sv\u016fj z\u00e1m\u011br blokovat Baltsk\u00e9 mo\u0159e pro obchodn\u00ed lod\u011b m\u00ed\u0159\u00edc\u00ed do Ruska, pak je jasn\u00e9, \u017ee Patru\u0161ev dostal pozici s velkou zodpov\u011bdnost\u00ed a pravd\u011bpodobn\u011b i s velmi dobr\u00fdm p\u0159\u00edstupem k Putinovi.<\/span><\/p>\n<p><span dir=\"auto\">Bu\u010f cht\u011bj\u00ed evropsk\u00e9 st\u00e1ty vyprovokovat Rusko k vojensk\u00e9 reakci v Baltsk\u00e9m mo\u0159i, nebo jsou tak naivn\u00ed, \u017ee v\u011b\u0159\u00ed, \u017ee Rusko dovol\u00ed bez odporu blok\u00e1du jednoho ze sv\u00fdch nejd\u016fle\u017eit\u011bj\u0161\u00edch obchodn\u00edch p\u0159\u00edstav\u016f. Skute\u010dnost, \u017ee Putin jmenoval do funkce, jej\u00ed\u017e odpov\u011bdnost zahrnuje i tuto problematiku, dlouholet\u00e9ho d\u016fv\u011brn\u00edka, ukazuje, \u017ee Rusko nejen bere evropsk\u00e9 provokace v\u00e1\u017en\u011b, ale pravd\u011bpodobn\u011b si je ji\u017e stanovilo za nejvy\u0161\u0161\u00ed prioritu.<\/span><\/p>\n<p><span dir=\"auto\">Proto je\u00a0<\/span><a href=\"https:\/\/aif.ru\/politics\/russia\/-blokadu-prorvyot-vmf-patrushev-o-zashchite-sudohodstva-i-morskih-granic-rf\"><span dir=\"auto\">rozhovor<\/span><\/a><span dir=\"auto\">\u00a0, kter\u00fd Patru\u0161ev nyn\u00ed poskytl rusk\u00fdm novin\u00e1m a kter\u00fd jsem proto p\u0159elo\u017eil, zaj\u00edmav\u00fd a d\u016fle\u017eit\u00fd.<\/span><\/p>\n<p><em><strong><span dir=\"auto\">Za\u010d\u00e1tek p\u0159ekladu:<\/span><\/strong><\/em><\/p>\n<h2 class=\"wp-block-heading\"><span dir=\"auto\">\u201eN\u00e1mo\u0159nictvo prolom\u00ed blok\u00e1du\u201c: Patru\u0161ev o ochran\u011b rusk\u00e9 lodn\u00ed dopravy a n\u00e1mo\u0159n\u00edch hranic<\/span><\/h2>\n<p><img decoding=\"async\" loading=\"lazy\" class=\"wp-image-99831 aligncenter\" src=\"http:\/\/www.infokuryr.cz\/n\/wp-content\/uploads\/2026\/02\/poradce-putina-1-300x176.jpg\" alt=\"\" width=\"619\" height=\"363\" srcset=\"https:\/\/www.infokuryr.cz\/n\/wp-content\/uploads\/2026\/02\/poradce-putina-1-300x176.jpg 300w, https:\/\/www.infokuryr.cz\/n\/wp-content\/uploads\/2026\/02\/poradce-putina-1.jpg 634w\" sizes=\"(max-width: 619px) 100vw, 619px\" \/><\/p>\n<p><span dir=\"auto\">\u201ePokud proti nim nepodnikneme rozhodn\u00e9 kroky, Britov\u00e9, Francouzi a dokonce i pobaltsk\u00e9 st\u00e1ty brzy projev\u00ed takovou drzost, \u017ee se pokus\u00ed zcela zablokovat p\u0159\u00edstup na\u0161\u00ed zem\u011b k mo\u0159i, alespo\u0148 k Atlantiku,\u201c \u0159\u00edk\u00e1 Nikolaj Patru\u0161ev, poradce rusk\u00e9ho prezidenta a p\u0159edseda N\u00e1mo\u0159n\u00ed akademie.<\/span><\/p>\n<p><span dir=\"auto\">P\u0159ed Dnem obr\u00e1nc\u016f vlasti hovo\u0159il v exkluzivn\u00edm rozhovoru pro aif.ru o opat\u0159en\u00edch na ochranu rusk\u00e9 lodn\u00ed dopravy a n\u00e1mo\u0159n\u00edch hranic, pos\u00edlen\u00ed n\u00e1mo\u0159nictva a p\u0159il\u00e1k\u00e1n\u00ed mlad\u00fdch lid\u00ed k profesi v oblasti stavby lod\u00ed a n\u00e1mo\u0159nictv\u00ed. (\u00a0<\/span><em><span dir=\"auto\">Pozn\u00e1mka p\u0159ekladatele: Den obr\u00e1nc\u016f vlasti je podobn\u00fd rusk\u00e9 verzi Dne otc\u016f, sv\u00e1tku pro mu\u017ee, a\u010dkoli v posledn\u00edch letech se v\u00edce prosazuje star\u00e1 tradice uct\u00edv\u00e1n\u00ed mu\u017e\u016f, kte\u0159\u00ed slou\u017e\u00ed nebo slou\u017eili v arm\u00e1d\u011b a bezpe\u010dnostn\u00edch slo\u017ek\u00e1ch.<\/span><\/em><span dir=\"auto\">\u00a0)<\/span><\/p>\n<p><em><span dir=\"auto\">\u201eV kl\u00ed\u010dov\u00fdch n\u00e1mo\u0159n\u00edch oblastech, v\u010detn\u011b region\u016f vzd\u00e1len\u00fdch od Ruska, mus\u00ed b\u00fdt trvale rozm\u00edst\u011bny siln\u00e9 ozbrojen\u00e9 s\u00edly, aby se zabr\u00e1nilo \u00fatok\u016fm z\u00e1padn\u00edch korz\u00e1r\u016f.\u201c Nikolaj Patru\u0161ev<\/span><\/em><\/p>\n<h3 class=\"wp-block-heading\"><span dir=\"auto\">\u201eOchlazen\u00ed horlivosti z\u00e1padn\u00edch korz\u00e1r\u016f\u201c<\/span><\/h3>\n<p><strong><span dir=\"auto\">Vitalij Tsepljajev, aif.ru: Nikolaji Platonovi\u010di, situace na sv\u011btov\u00fdch oce\u00e1nech se vyhrotila do takov\u00e9 m\u00edry, \u017ee n\u011bkte\u0159\u00ed experti hovo\u0159\u00ed o \u201eotev\u0159en\u00ed nov\u00e9 fronty Z\u00e1padem v konfliktu s Ruskem\u201c. Sta\u010d\u00ed se pod\u00edvat na zabaven\u00ed lod\u00ed pluj\u00edc\u00edch pod ruskou vlajkou a p\u0159epravuj\u00edc\u00edch rusk\u00fd n\u00e1klad. Jak\u00e1 je va\u0161e p\u0159edpov\u011b\u010f? Jak Rusko zareaguje?<\/span><\/strong><\/p>\n<p><span dir=\"auto\">Nikolaj Patru\u0161ev: Tyto \u00fatoky na rusk\u00fd n\u00e1mo\u0159n\u00ed obchod, v podstat\u011b pir\u00e1tstv\u00ed, ukazuj\u00ed, \u017ee z\u00e1padn\u00ed protivn\u00edci hodlaj\u00ed za\u00fato\u010dit a ochromit jedno z nejd\u016fle\u017eit\u011bj\u0161\u00edch odv\u011btv\u00ed rusk\u00e9 ekonomiky: zahrani\u010dn\u00ed obchod. Podle dostupn\u00fdch informac\u00ed se tyto akce zintenzivn\u00ed a \u00fatoky na na\u0161e lod\u011b a n\u00e1klad se zv\u00fd\u0161\u00ed. Pokud nebudeme reagovat rozhodn\u011b, Britov\u00e9, Francouzi a dokonce i pobaltsk\u00e9 st\u00e1ty brzy projev\u00ed takovou drzost, \u017ee se pokus\u00ed zcela zablokovat p\u0159\u00edstup na\u0161\u00ed zem\u011b k mo\u0159i, alespo\u0148 k Atlantiku. Reakce na z\u00e1padn\u00ed \u00fatoky se p\u0159irozen\u011b vyv\u00edjej\u00ed mimo jin\u00e9 i v r\u00e1mci N\u00e1mo\u0159n\u00ed akademie. Jsme p\u0159esv\u011bd\u010deni, \u017ee n\u00e1mo\u0159nictvo z\u016fst\u00e1v\u00e1 nejlep\u0161\u00ed z\u00e1rukou n\u00e1mo\u0159n\u00ed bezpe\u010dnosti. V kl\u00ed\u010dov\u00fdch n\u00e1mo\u0159n\u00edch oblastech, v\u010detn\u011b region\u016f vzd\u00e1len\u00fdch od Ruska, mus\u00ed b\u00fdt trvale rozm\u00edst\u011bny mocn\u00e9 s\u00edly, aby se zabr\u00e1nilo \u00fatok\u016fm z\u00e1padn\u00edch soukromn\u00edk\u016f.<\/span><\/p>\n<h3><strong><span dir=\"auto\">M\u00e1me dostatek zdroj\u016f?<\/span><\/strong><\/h3>\n<p><span dir=\"auto\">Netaj\u00edm se t\u00edm, \u017ee na\u0161e n\u00e1mo\u0159nictvo je v sou\u010dasn\u00e9 dob\u011b za zna\u010dn\u00e9 n\u00e1klady nasazeno k ochran\u011b n\u00e1mo\u0159n\u00edho obchodu. Pot\u0159ebujeme mnohem v\u00edce lod\u00ed pro d\u00e1lkov\u00e9 n\u00e1mo\u0159n\u00ed operace a operace na voln\u00e9m mo\u0159i, schopn\u00fdch autonomn\u00edho provozu po del\u0161\u00ed dobu a ve velk\u00fdch vzd\u00e1lenostech od sv\u00fdch domovsk\u00fdch z\u00e1kladen. Sou\u010dasn\u00e1 situace ukazuje, \u017ee n\u00e1mo\u0159nictvo je nejmocn\u011bj\u0161\u00edm a nejflexibiln\u011bj\u0161\u00edm geopolitick\u00fdm n\u00e1strojem ze v\u0161ech slo\u017eek ozbrojen\u00fdch sil, schopn\u00fdm aktivn\u00edho nasazen\u00ed jak v dob\u011b m\u00edru, tak v ozbrojen\u00e9m konfliktu. Vlastnictv\u00ed flotily, schopnost chr\u00e1nit na\u0161i ekonomickou \u010dinnost na mo\u0159i a v\u00fdvoz na\u0161\u00ed ropy, obil\u00ed a hnojiv jsou nezbytn\u00e9 pro norm\u00e1ln\u00ed fungov\u00e1n\u00ed st\u00e1tu. V t\u00e9to souvislosti integrujeme p\u0159\u00edslu\u0161n\u00e9 po\u017eadavky na rozvoj flotily do aktualizovan\u00e9ho programu stavby lod\u00ed do roku 2050, kter\u00fd se v sou\u010dasn\u00e9 dob\u011b dokon\u010duje a bude brzy p\u0159edlo\u017een prezidentovi, kter\u00fd ji\u017e schv\u00e1lil novou strategii rozvoje n\u00e1mo\u0159nictva a program stavby lod\u00ed.<\/span><\/p>\n<p><em><span dir=\"auto\">\u201eRusko pot\u0159ebuje vyv\u00e1\u017eenou flotilu, kter\u00e1 dok\u00e1\u017ee \u010delit v\u0161em nal\u00e9hav\u00fdm v\u00fdzv\u00e1m a dr\u017eet krok s dobou, zejm\u00e9na s t\u011bmi technologick\u00fdmi.\u201c Nikolaj Patru\u0161ev<\/span><\/em><\/p>\n<h3><strong><span dir=\"auto\">Jakou flotilu Rusko pot\u0159ebuje: velkou pro glob\u00e1ln\u00ed mise, nebo kompaktn\u00ed pro obranu pob\u0159e\u017e\u00ed?<\/span><\/strong><\/h3>\n<p><span dir=\"auto\">Rusko pot\u0159ebuje vyv\u00e1\u017eenou flotilu schopnou \u010delit v\u0161em nal\u00e9hav\u00fdm v\u00fdzv\u00e1m a dr\u017eet krok s dobou, zejm\u00e9na s technologickou. \u017dijeme v dob\u011b hlubok\u00fdch zm\u011bn v n\u00e1mo\u0159nictvu. Bezpilotn\u00ed ponorky byly do flotil zavedeny teprve ned\u00e1vno, ale v bl\u00edzk\u00e9 budoucnosti budou p\u0159edn\u00ed sv\u011btov\u00e1 n\u00e1mo\u0159nictva vybavena velk\u00fdm po\u010dtem bezpilotn\u00edch plavidel, p\u0159inejmen\u0161\u00edm t\u0159\u00eddy korvet. Budou zavedeny des\u00edtky dal\u0161\u00edch \u0161pi\u010dkov\u00fdch technologi\u00ed, kter\u00e9 z\u00e1sadn\u011b prom\u011bn\u00ed n\u00e1mo\u0159n\u00ed v\u00e1l\u010den\u00ed. V t\u00e9to souvislosti se mus\u00edme zam\u011b\u0159it na budov\u00e1n\u00ed high-tech flotily. Proto je technologick\u00e9 veden\u00ed jednou z na\u0161ich priorit, jak je uvedeno ve v\u00fd\u0161e zm\u00edn\u011bn\u00fdch dokumentech.<\/span><\/p>\n<h3 class=\"wp-block-heading\"><span dir=\"auto\">\u201eI n\u00e1s by mohlo zaj\u00edmat, co a kam p\u0159epravuj\u00ed.\u201c<\/span><\/h3>\n<p><strong><span dir=\"auto\">Zm\u00ednil jste sc\u00e9n\u00e1\u0159 blok\u00e1dy. Francouzsk\u00fd n\u00e1\u010deln\u00edk gener\u00e1ln\u00edho \u0161t\u00e1bu Mandon ned\u00e1vno prohl\u00e1sil, \u017ee Baltsk\u00e9 mo\u0159e je nyn\u00ed zcela pod kontrolou NATO a mohlo by b\u00fdt pro Rusko kdykoli uzav\u0159eno. Jak na to zareagujeme?<\/span><\/strong><\/p>\n<p><span dir=\"auto\">Situace v Pobalt\u00ed samoz\u0159ejm\u011b nen\u00ed jednoduch\u00e1. NATO fakticky buduje mnohon\u00e1rodn\u00ed s\u00edly zam\u011b\u0159en\u00e9 na \u00fato\u010dn\u00e9 operace. Finov\u00e9 nap\u0159\u00edklad po\u0159izuj\u00ed korvety vybaven\u00e9 \u00fato\u010dn\u00fdmi zbran\u011bmi, kter\u00e9 snadno dos\u00e1hnou severoz\u00e1padn\u00edch oblast\u00ed na\u0161\u00ed zem\u011b. Pl\u00e1ny NATO zahrnuj\u00ed mimo jin\u00e9 blok\u00e1du Kaliningradsk\u00e9 oblasti, zabaven\u00ed obchodn\u00edch lod\u00ed a sabot\u00e1\u017e podvodn\u00ed komunikace, z \u010deho\u017e n\u00e1s pak cynicky vin\u00ed.<\/span><\/p>\n<p><em><span dir=\"auto\">\u201ePokud nebude mo\u017en\u00e9 m\u00edrov\u00e9 \u0159e\u0161en\u00ed, n\u00e1mo\u0159nictvo prolom\u00ed blok\u00e1du a flotilu zlikviduje.\u201c Nikolaj Patru\u0161ev<\/span><\/em><\/p>\n<p><span dir=\"auto\">Jak\u00fdkoli pokus o zaveden\u00ed n\u00e1mo\u0159n\u00ed blok\u00e1dy na\u0161\u00ed zem\u011b je podle mezin\u00e1rodn\u00edho pr\u00e1va naprosto nez\u00e1konn\u00fd a koncept \u201est\u00ednov\u00e9 flotily\u201c, kter\u00fdm z\u00e1stupci EU neust\u00e1le m\u00e1vaj\u00ed, je pr\u00e1vn\u00ed fikc\u00ed. Nicm\u00e9n\u011b jako prvn\u00ed krok pou\u017eijeme obecn\u011b uzn\u00e1van\u00e9 politick\u00e9, diplomatick\u00e9 a pr\u00e1vn\u00ed mechanismy. Bu\u010fme ale up\u0159\u00edmn\u00ed, u\u017e t\u00e9m\u011b\u0159 nezb\u00fdv\u00e1 \u017e\u00e1dn\u00e1 nad\u011bje, \u017ee si Z\u00e1pad zachoval by\u0165 jen \u0161petku respektu k diplomacii a pr\u00e1vn\u00edmu st\u00e1tu.<\/span><\/p>\n<h3><strong><span dir=\"auto\">A co kdy\u017e sel\u017eou diplomacie a pr\u00e1vo?<\/span><\/strong><\/h3>\n<p><span dir=\"auto\">Evropan\u00e9 v podstat\u011b realizac\u00ed sv\u00fdch pl\u00e1n\u016f na n\u00e1mo\u0159n\u00ed blok\u00e1du z\u00e1m\u011brn\u011b sleduj\u00ed sc\u00e9n\u00e1\u0159 vojensk\u00e9 eskalace, zkou\u0161ej\u00ed na\u0161i trp\u011blivost a vyvol\u00e1vaj\u00ed aktivn\u00ed odvetu. \u201ePokud nebude mo\u017en\u00e9 m\u00edrov\u00e9 \u0159e\u0161en\u00ed, n\u00e1mo\u0159nictvo blok\u00e1du prolom\u00ed a flotilu zlikviduje. Nezapom\u00ednejme, \u017ee mnoho lod\u00ed pluje pod evropsk\u00fdmi vlajkami. I n\u00e1s by mohlo zaj\u00edmat, co a kam p\u0159epravuj\u00ed.\u201c<\/span><\/p>\n<h3><strong><span dir=\"auto\">Stanou se sv\u011btov\u00e9 oce\u00e1ny, jako p\u0159ed stalet\u00edmi, op\u011bt boji\u0161t\u011bm m\u00edsto m\u00edsta spolupr\u00e1ce?<\/span><\/strong><\/h3>\n<p><span dir=\"auto\">Fakta ukazuj\u00ed, \u017ee mo\u0159e se op\u011bt st\u00e1v\u00e1 d\u011bji\u0161t\u011bm vojensk\u00e9 agrese. Star\u00e1 praxe \u201ediplomacie d\u011blov\u00fdch \u010dlun\u016f\u201c se vrac\u00ed, jak ukazuj\u00ed ud\u00e1losti ve Venezuele a kolem \u00cdr\u00e1nu. Nem\u011bli bychom se v\u0161ak d\u00edvat pouze na jedn\u00e1n\u00ed z\u00e1padn\u00edch zem\u00ed. Z\u00e1pad dominoval mo\u0159\u00edm po dlouhou dobu, a\u017e do za\u010d\u00e1tku tohoto stolet\u00ed, ale jeho hegemonie je nyn\u00ed z velk\u00e9 \u010d\u00e1sti minulost\u00ed.<\/span><\/p>\n<p><span dir=\"auto\">Dnes je \u00fast\u0159edn\u00edm \u00fakolem nastolit multipol\u00e1rn\u00ed sv\u011btov\u00fd \u0159\u00e1d ve sv\u011btov\u00fdch oce\u00e1nech a Rusko a jeho podobn\u011b sm\u00fd\u0161lej\u00edc\u00ed partne\u0159i na tomto c\u00edli aktivn\u011b pracuj\u00ed. Prost\u0159ednictv\u00edm N\u00e1mo\u0159n\u00ed akademie pravideln\u011b diskutujeme s na\u0161imi zahrani\u010dn\u00edmi partnery. V\u0161\u00edm\u00e1m si, \u017ee rusk\u00e9 n\u00e1vrhy v oblasti n\u00e1mo\u0159n\u00ed spolupr\u00e1ce, obchodn\u00edho lo\u010fstva, rozvoje p\u0159\u00edstavn\u00ed infrastruktury, stavby lod\u00ed, mo\u0159sk\u00e9 v\u011bdy, technologi\u00ed a vzd\u011bl\u00e1v\u00e1n\u00ed jsou p\u0159ij\u00edm\u00e1ny velmi pozitivn\u011b. Vyu\u017eijme potenci\u00e1l zem\u00ed BRICS, kter\u00e9 by nyn\u00ed m\u011bly vytvo\u0159it komplexn\u00ed strategick\u00fd n\u00e1mo\u0159n\u00ed rozm\u011br. V lednu se v ji\u017en\u00edm Atlantiku konalo prvn\u00ed n\u00e1mo\u0159n\u00ed cvi\u010den\u00ed BRICS \u201eV\u016fle k m\u00edru 2026\u201c za \u00fa\u010dasti Ruska, \u010c\u00edny, \u00cdr\u00e1nu, Spojen\u00fdch arabsk\u00fdch emir\u00e1t\u016f a Jihoafrick\u00e9 republiky. N\u00e1mo\u0159nictvo si procvi\u010dovalo spolupr\u00e1ci p\u0159i ochran\u011b st\u00e1le v\u00edce ohro\u017een\u00fdch obchodn\u00edch cest, v\u010detn\u011b t\u011bch, kter\u00e9 p\u0159edstavuje z\u00e1padn\u00ed pir\u00e1tstv\u00ed. Obzvl\u00e1\u0161t\u011b relevantn\u00ed bylo cvi\u010den\u00ed \u201eN\u00e1mo\u0159n\u00ed bezpe\u010dnostn\u00ed p\u00e1s 2026\u201c v Hormuzsk\u00e9m pr\u016flivu, na kter\u00e9 Rusko, \u010c\u00edna a \u00cdr\u00e1n vyslaly sv\u00e9 lod\u011b.<\/span><\/p>\n<p><em><span dir=\"auto\">\u201eKrom\u011b finan\u010dn\u00edch pob\u00eddek je na\u010dase o\u017eivit nad\u0161en\u00ed pro n\u00e1mo\u0159nictvo v nov\u00fdch generac\u00edch a v\u0161t\u00edpit budouc\u00edm n\u00e1mo\u0159n\u00edk\u016fm v\u010dasn\u00fd smysl pro odpov\u011bdnost v\u016f\u010di sv\u00e9 zemi.\u201c Nikolaj Patru\u0161ev<\/span><\/em><\/p>\n<h3 class=\"wp-block-heading\"><span dir=\"auto\">\u201eDynami\u010dt\u00ed mlad\u00ed lid\u00e9, mist\u0159i mo\u0159eplavectv\u00ed\u201c<\/span><\/h3>\n<p><strong><span dir=\"auto\">Kdy\u017e se vr\u00e1t\u00edme k t\u00e9matu stavby v\u00e1le\u010dn\u00fdch lod\u00ed a stavby lod\u00ed obecn\u011b, opakovan\u011b jste hovo\u0159il o pot\u0159eb\u011b vy\u0161kolit kvalifikovan\u00fd person\u00e1l. Dos\u00e1hli jste v t\u00e9to oblasti n\u011bjak\u00fdch \u00fasp\u011bch\u016f?<\/span><\/strong><\/p>\n<p><span dir=\"auto\">Na\u0161\u00ed prioritou je u\u010dinit lodn\u00ed stavitelstv\u00ed a souvisej\u00edc\u00ed odv\u011btv\u00ed atraktivn\u00edmi pro kvalifikovan\u00e9 pracovn\u00edky, a to jak finan\u010dn\u011b, tak z hlediska kari\u00e9rn\u00edch vyhl\u00eddek, pr\u00e1ce a ka\u017edodenn\u00edho \u017eivota. Ano, st\u00e1le vid\u00edme zna\u010dn\u00fd nedostatek kvalifikovan\u00fdch pracovn\u00edk\u016f s odbornou a akademickou kvalifikac\u00ed, ale z\u00e1rove\u0148 roste po\u010det student\u016f na n\u00e1mo\u0159n\u00edch vysok\u00fdch \u0161kol\u00e1ch a univerzit\u00e1ch. Pracovn\u00ed s\u00edla v tomto odv\u011btv\u00ed je st\u00e1le mlad\u0161\u00ed. Lod\u011bnice proch\u00e1zej\u00ed transformac\u00ed; mnoh\u00e9 z nich jsou nyn\u00ed m\u00edsty, kter\u00e1 lid\u00e9 r\u00e1di nav\u0161t\u011bvuj\u00ed, kde lid\u00e9 r\u00e1di pracuj\u00ed a jejich pr\u00e1ce je cen\u011bna. Pokud chceme z\u016fstat v\u00fdznamnou n\u00e1mo\u0159n\u00ed velmoc\u00ed, mus\u00ed se lodn\u00ed stavitelstv\u00ed t\u011b\u0161it presti\u017ei a respektu, nemluv\u011b o materi\u00e1ln\u00edch v\u00fdhod\u00e1ch.<\/span><\/p>\n<h3><strong><span dir=\"auto\">Maj\u00ed mlad\u00ed lid\u00e9 z\u00e1jem o vstup do tohoto odv\u011btv\u00ed?<\/span><\/strong><\/h3>\n<p><span dir=\"auto\">Je\u0161t\u011b p\u0159ed dv\u011bma nebo t\u0159emi lety byli mlad\u00ed profesion\u00e1lov\u00e9 v lodn\u00edm stavitelstv\u00ed sp\u00ed\u0161e v\u00fdjimkou, a to nejen kv\u016fli pracovn\u00edm podm\u00ednk\u00e1m, ale i kv\u016fli p\u0159edsudk\u016fm. Stavba lod\u00ed byla pova\u017eov\u00e1na za z\u00e1le\u017eitost star\u0161\u00edch a zku\u0161en\u011bj\u0161\u00edch lid\u00ed. Jeden mana\u017eer se zasm\u00e1l a \u0159ekl, \u017ee mlad\u00ed lid\u00e9 ani neum\u00ed pou\u017e\u00edvat telefon s oto\u010dn\u00fdm \u010d\u00edseln\u00edkem. Ve skute\u010dnosti jsou na\u0161i mlad\u00ed profesion\u00e1lov\u00e9 kompetentn\u00ed, dynami\u010dt\u00ed a vysoce kvalifikovan\u00ed v oblastech orientovan\u00fdch na budoucnost, jako je digitalizace a um\u011bl\u00e1 inteligence, a vyzna\u010duj\u00ed se neobvykl\u00fdmi a inovativn\u00edmi p\u0159\u00edstupy k pr\u00e1ci. Ned\u00e1vno jsme otev\u0159eli moskevskou lod\u011bnici. Jej\u00ed p\u016fvodn\u00ed n\u00e1vrh a konstrukce elektrick\u00fdch lod\u00ed, kter\u00e9 se zde vyr\u00e1b\u011bj\u00ed, poch\u00e1zej\u00ed od architekt\u016f a design\u00e9r\u016f s pr\u016fm\u011brn\u00fdm v\u011bkem n\u011bco m\u00e1lo p\u0159es 30 let. Mysl\u00edm, \u017ee to je nejlep\u0161\u00ed p\u0159\u00edklad omlazen\u00ed tohoto odv\u011btv\u00ed.<\/span><\/p>\n<h3><strong><span dir=\"auto\">Je tento trend p\u0159\u00edtomen i mezi jachta\u0159i?<\/span><\/strong><\/h3>\n<p><span dir=\"auto\">N\u00e1mo\u0159nictvo i civiln\u00ed flotila jsou posilov\u00e1ny slibn\u00fdmi a motivovan\u00fdmi profesion\u00e1ly. V lednu jsem nav\u0161t\u00edvil fregatu Tichomo\u0159sk\u00e9 flotily \u201eMar\u0161\u00e1l \u0160apo\u0161nikov\u201c. N\u00e1mo\u0159n\u00edci m\u011b pozvali na n\u00e1v\u0161t\u011bvu a prohl\u00eddku lodi. Mluvil jsem s d\u016fstojn\u00edky v d\u016fstojnick\u00e9 j\u00eddeln\u011b a s pot\u011b\u0161en\u00edm jsem zjistil, \u017ee v\u011bt\u0161ina z nich jsou energi\u010dt\u00ed mlad\u00ed mu\u017ei, mist\u0159i n\u00e1mo\u0159nictv\u00ed, kte\u0159\u00ed tak\u00e9 kladou inteligentn\u00ed a n\u00e1ro\u010dn\u00e9 ot\u00e1zky a strategicky mysl\u00ed.<\/span><\/p>\n<p><span dir=\"auto\">Mlad\u00ed lid\u00e9 se tak\u00e9 r\u00e1di zapojuj\u00ed do civiln\u00ed flotily. To je p\u0159edev\u0161\u00edm d\u00edky n\u00e1rodn\u00edmu syst\u00e9mu n\u00e1mo\u0159n\u00edho v\u00fdcviku, kter\u00fd se modernizuje tak, aby spl\u0148oval sou\u010dasn\u00e9 po\u017eadavky. V\u00fdcvik budouc\u00edch n\u00e1mo\u0159n\u00edk\u016f a stavitel\u016f lod\u00ed se stal skute\u010dn\u011b vzru\u0161uj\u00edc\u00edm z\u00e1\u017eitkem. V\u00fdcvik prob\u00edh\u00e1 na nejmodern\u011bj\u0161\u00edch simul\u00e1torech, kter\u00e9 jsou celosv\u011btov\u011b unik\u00e1tn\u00ed. Otev\u00edraj\u00ed se pr\u016fmyslov\u00e9 laborato\u0159e, kde studenti mohou absolvovat praktick\u00fd v\u00fdcvik a realizovat vlastn\u00ed v\u00fdzkumn\u00e9 projekty. To v\u0161e vid\u00edm na vlastn\u00ed o\u010di p\u0159i sv\u00fdch n\u00e1v\u0161t\u011bv\u00e1ch presti\u017en\u00edch univerzit v Korabelce, Makarovce a dal\u0161\u00edch.<\/span><\/p>\n<h3><strong><span dir=\"auto\">Ale byly doby, kdy mlad\u00ed lid\u00e9 jezdili na mo\u0159e p\u0159edev\u0161\u00edm z romantick\u00fdch d\u016fvod\u016f\u2026<\/span><\/strong><\/h3>\n<p><span dir=\"auto\">Samoz\u0159ejm\u011b, a pr\u00e1v\u011b z tohoto d\u016fvodu, krom\u011b finan\u010dn\u00edch pob\u00eddek, je na\u010dase o\u017eivit romantick\u00e9ho ducha v nov\u00fdch generac\u00edch n\u00e1mo\u0159n\u00edk\u016f, v\u0161t\u00edpit budouc\u00edm mari\u0148\u00e1k\u016fm ran\u00fd smysl pro odpov\u011bdnost v\u016f\u010di sv\u00e9 zemi a zprost\u0159edkovat mlad\u00fdm stavitel\u016fm lod\u00ed radost z jejich \u00fasp\u011bch\u016f. Mus\u00edme zv\u00fd\u0161it pov\u011bdom\u00ed o n\u00e1mo\u0159n\u00edch profes\u00edch mezi mlad\u00fdmi lidmi a \u0161\u00ed\u0159it \u0161ir\u0161\u00ed pov\u011bdom\u00ed o historii rusk\u00e9ho mo\u0159eplavectv\u00ed a stavby lod\u00ed.<\/span><\/p>\n<p><span dir=\"auto\">Mimochodem, letos si p\u0159ipom\u00edn\u00e1me st\u00e9 v\u00fdro\u010d\u00ed narozen\u00ed Igora Spassk\u00e9ho, skv\u011bl\u00e9ho a talentovan\u00e9ho v\u011bdce, in\u017een\u00fdra a konstrukt\u00e9ra v\u00edce ne\u017e dvou set rusk\u00fdch ponorek. Jeho oddanost vlasti a loajalita k n\u00e1mo\u0159nictvu slou\u017e\u00ed jako vzor pro dne\u0161n\u00ed generaci n\u00e1mo\u0159n\u00edk\u016f a in\u017een\u00fdr\u016f.<\/span><\/p>\n<p><span dir=\"auto\">Rok 2026 je bohat\u00fd i na dal\u0161\u00ed v\u00fdro\u010d\u00ed a v\u00fdznamn\u00e1 data v n\u00e1mo\u0159n\u00ed oblasti. V b\u0159eznu oslavuje rusk\u00e9 n\u00e1mo\u0159nictvo 120. v\u00fdro\u010d\u00ed zalo\u017een\u00ed sv\u00e9 ponorkov\u00e9 flotily. A samoz\u0159ejm\u011b si letos p\u0159ipom\u00edn\u00e1me 330. v\u00fdro\u010d\u00ed rusk\u00e9ho n\u00e1mo\u0159nictva, za jeho\u017e zalo\u017een\u00ed Rusko vd\u011b\u010d\u00ed na\u0161emu prvn\u00edmu c\u00edsa\u0159i. Petr Velik\u00fd mimo jin\u00e9 \u0159ekl: \u201eTi, kdo doufaj\u00ed v m\u00edr, nesm\u00ed ve vojensk\u00fdch z\u00e1le\u017eitostech polevit.\u201c R\u00e1d bych toto prohl\u00e1\u0161en\u00ed s obzvl\u00e1\u0161tn\u00edm v\u00fdznamem citoval p\u0159ed Dnem obr\u00e1nc\u016f vlasti a vyj\u00e1d\u0159il vd\u011b\u010dnost v\u0161em, kte\u0159\u00ed dnes p\u0159ibli\u017euj\u00ed v\u00edt\u011bzstv\u00ed, kte\u0159\u00ed vedou bojov\u00e9 operace v arm\u00e1d\u011b a n\u00e1mo\u0159nictvu a kte\u0159\u00ed pracuj\u00ed v obrann\u00e9m pr\u016fmyslu. Z cel\u00e9ho srdce p\u0159eji v\u00e1m a va\u0161im rodin\u00e1m zdrav\u00ed, \u0161t\u011bst\u00ed, m\u00edr a pohodu.<\/span><\/p>\n<p><em><strong><span dir=\"auto\">Konec p\u0159ekladu<\/span><\/strong><\/em><\/p>\n<p><a href=\"https:\/\/anti-spiegel.ru\/2026\/russland-warnt-vor-militaerischer-reaktion-auf-eine-blockade-der-ostsee\/\">Thomas R\u00f6per<\/a><\/p>\n<p><img decoding=\"async\" loading=\"lazy\" class=\"alignnone  wp-image-22016\" src=\"http:\/\/www.infokuryr.cz\/n\/wp-content\/uploads\/2023\/01\/Thomas-Roper-298x300.jpg\" alt=\"\" width=\"147\" height=\"148\" srcset=\"https:\/\/www.infokuryr.cz\/n\/wp-content\/uploads\/2023\/01\/Thomas-Roper-298x300.jpg 298w, https:\/\/www.infokuryr.cz\/n\/wp-content\/uploads\/2023\/01\/Thomas-Roper-150x150.jpg 150w, https:\/\/www.infokuryr.cz\/n\/wp-content\/uploads\/2023\/01\/Thomas-Roper.jpg 596w\" sizes=\"(max-width: 147px) 100vw, 147px\" \/><\/p>\n<p>&nbsp;<\/p>\n","protected":false},"excerpt":{"rendered":"<p>Otev\u0159en\u011b vyj\u00e1d\u0159en\u00e9 pl\u00e1ny Evropan\u016f zablokovat Baltsk\u00e9 mo\u0159e pro obchodn\u00ed lod\u011b sm\u011b\u0159uj\u00edc\u00ed do Ruska povedou, pokud&#8230;<\/p>\n","protected":false},"author":2,"featured_media":88962,"comment_status":"closed","ping_status":"closed","sticky":false,"template":"","format":"standard","meta":[],"categories":[7],"tags":[1042,2262,569,2524,22],"_links":{"self":[{"href":"https:\/\/www.infokuryr.cz\/n\/wp-json\/wp\/v2\/posts\/99829"}],"collection":[{"href":"https:\/\/www.infokuryr.cz\/n\/wp-json\/wp\/v2\/posts"}],"about":[{"href":"https:\/\/www.infokuryr.cz\/n\/wp-json\/wp\/v2\/types\/post"}],"author":[{"embeddable":true,"href":"https:\/\/www.infokuryr.cz\/n\/wp-json\/wp\/v2\/users\/2"}],"replies":[{"embeddable":true,"href":"https:\/\/www.infokuryr.cz\/n\/wp-json\/wp\/v2\/comments?post=99829"}],"version-history":[{"count":1,"href":"https:\/\/www.infokuryr.cz\/n\/wp-json\/wp\/v2\/posts\/99829\/revisions"}],"predecessor-version":[{"id":99832,"href":"https:\/\/www.infokuryr.cz\/n\/wp-json\/wp\/v2\/posts\/99829\/revisions\/99832"}],"wp:featuredmedia":[{"embeddable":true,"href":"https:\/\/www.infokuryr.cz\/n\/wp-json\/wp\/v2\/media\/88962"}],"wp:attachment":[{"href":"https:\/\/www.infokuryr.cz\/n\/wp-json\/wp\/v2\/media?parent=99829"}],"wp:term":[{"taxonomy":"category","embeddable":true,"href":"https:\/\/www.infokuryr.cz\/n\/wp-json\/wp\/v2\/categories?post=99829"},{"taxonomy":"post_tag","embeddable":true,"href":"https:\/\/www.infokuryr.cz\/n\/wp-json\/wp\/v2\/tags?post=99829"}],"curies":[{"name":"wp","href":"https:\/\/api.w.org\/{rel}","templated":true}]}}