{"id":998,"date":"2021-04-21T04:15:00","date_gmt":"2021-04-21T02:15:00","guid":{"rendered":"http:\/\/www.infokuryr.cz\/n\/?p=998"},"modified":"2021-04-21T07:16:40","modified_gmt":"2021-04-21T05:16:40","slug":"ve-stredu-praha-muze-vyhlasit-dalsi-vyhosteni-diplomatu-nato-se-bude-zabyvat-cesko-ruskym-sporem","status":"publish","type":"post","link":"https:\/\/www.infokuryr.cz\/n\/2021\/04\/21\/ve-stredu-praha-muze-vyhlasit-dalsi-vyhosteni-diplomatu-nato-se-bude-zabyvat-cesko-ruskym-sporem\/","title":{"rendered":"Ve st\u0159edu Praha m\u016f\u017ee vyhl\u00e1sit dal\u0161\u00ed vyho\u0161t\u011bn\u00ed diplomat\u016f. NATO se bude zab\u00fdvat \u010desko-rusk\u00fdm sporem"},"content":{"rendered":"<div id=\"fb-root\"><\/div>\n<div class=\"article__header\">\n<div class=\"article__announce-text\"><strong>Podle \u010desk\u00fdch m\u00e9di\u00ed ji\u017e dnes Ministerstvo zahrani\u010dn\u00edch v\u011bc\u00ed \u010cR m\u016f\u017ee ozn\u00e1mit vyho\u0161t\u011bn\u00ed dal\u0161\u00ed skupiny rusk\u00fdch diplomat\u016f. Jakub Landovsk\u00fd, velvyslanec \u010cR p\u0159i NATO informoval, \u017ee ve \u010dtvrtek m\u00e1 prob\u011bhnout dal\u0161\u00ed zased\u00e1n\u00ed, na n\u011bm\u017e p\u0159edstavitel\u00e9 aliance projednaj\u00ed sou\u010dasn\u00e9 nap\u011bt\u00ed ve vztaz\u00edch mezi \u010ceskou republikou a Ruskou federac\u00ed.<\/strong><\/div>\n<div><\/div>\n<\/div>\n<div class=\"article__body\">\n<div class=\"article__block\" data-type=\"text\">\n<div class=\"article__text\">Nejbli\u017e\u0161\u00ed dny mohou p\u0159in\u00e9st dal\u0161\u00ed kolo eskalace ve vztaz\u00edch mezi Prahou a Moskvou. \u010cesko toti\u017e p\u0159ipravuje dal\u0161\u00ed vyho\u0161t\u011bn\u00ed zam\u011bstnanc\u016f rusk\u00e9ho velvyslanectv\u00ed, informuj\u00ed\u00a0m\u00e9dia\u00a0s odvol\u00e1n\u00edm na vlastn\u00ed zdroje. Uv\u00e1d\u00ed se rovn\u011b\u017e, \u017ee prezident Milo\u0161 Zeman jmenuje nov\u00e9ho ministra zahrani\u010d\u00ed, j\u00edm\u017e se m\u00e1 st\u00e1t Jakub Kulh\u00e1nek. Pot\u00e9 bude \u00fadajn\u011b vyhl\u00e1\u0161ena dal\u0161\u00ed tzv. \u010distka rusk\u00e9 ambas\u00e1dy. Vyho\u0161t\u011bn\u00ed se p\u0159itom nedotkne samotn\u00e9ho rusk\u00e9ho velvyslance Alexandra Zmejevsk\u00e9ho.<\/div>\n<div><\/div>\n<\/div>\n<div class=\"article__block\" data-type=\"text\">\n<div class=\"article__text\">Dnes prvn\u00ed m\u00edstop\u0159edseda \u010desk\u00e9 vl\u00e1dy Jan Ham\u00e1\u010dek, kter\u00fd je tak\u00e9 pov\u011b\u0159en \u0159\u00edzen\u00edm ministerstva zahrani\u010d\u00ed,\u00a0prohl\u00e1sil, \u017ee nevylu\u010duje mo\u017enost vyho\u0161t\u011bn\u00ed v\u0161ech rusk\u00fdch diplomat\u016f z Prahy. \u201e\u010cekal jsem trochu jinou reakci z rusk\u00e9 strany, ale dobr\u00e1. Mus\u00edme to f\u00e1zovat. Dnes p\u0159i\u0161el Rosatom, kter\u00fd je nepot\u011b\u0161\u00ed. A mus\u00edme se poradit o dal\u0161\u00edch variant\u00e1ch. J\u00e1 jsem p\u0159ipraven na v\u0161e. I na budov\u00e1n\u00ed vztah\u016f \u00fapln\u011b od za\u010d\u00e1tku. To znamen\u00e1, \u017ee je po\u0161leme dom\u016f v\u0161echny,\u201c prohl\u00e1sil Ham\u00e1\u010dek.<\/div>\n<\/div>\n<\/div>\n<div><\/div>\n<div><strong>NATO projedn\u00e1 konflikt mezi \u010ceskem a Ruskem<\/strong><\/div>\n<div><\/div>\n<div>\n<div class=\"article__block\" data-type=\"text\">\n<div class=\"article__text\">Na dne\u0161n\u00edm zased\u00e1n\u00ed p\u0159edstavitel\u016f \u010dlensk\u00fdch zem\u00ed NATO \u010desk\u00fd velvyslanec p\u0159i Severoatlantick\u00e9 alianci Jakub Landovsk\u00fd\u00a0sd\u011blil\u00a0sv\u00fdm partner\u016fm bli\u017e\u0161\u00ed informace t\u00fdkaj\u00edc\u00ed se sporu mezi \u010ceskou republikou a Ruskou federac\u00ed a d\u016fvod\u016f vyho\u0161t\u011bn\u00ed 18 rusk\u00fdch diplomat\u016f. Landovsk\u00fd tak\u00e9 informoval o reakci Moskvy a vyho\u0161t\u011bn\u00ed 20 zam\u011bstnanc\u016f \u010desk\u00e9ho velvyslanectv\u00ed v Moskv\u011b.<\/div>\n<\/div>\n<\/div>\n<div>\n<div class=\"article__block\" data-type=\"text\">\n<div><\/div>\n<div class=\"article__text\">Uvedl, \u017ee \u010dlenov\u00e9 aliance vyj\u00e1d\u0159ili ochotu znovu projednat t\u00e9ma vyhrocen\u00ed \u010desko-rusk\u00fdch vztah\u016f. P\u0159\u00ed\u0161t\u00ed jedn\u00e1n\u00ed by se m\u011blo konat ji\u017e ve \u010dtvrtek.<\/div>\n<div><\/div>\n<\/div>\n<div class=\"article__block\" data-type=\"quote\">\n<div class=\"article__quote\">\n<div class=\"article__quote-text\">\u201eSpojenci se k tomu cht\u011bj\u00ed sej\u00edt je\u0161t\u011b jednou a to je podle m\u011b dobr\u00e1 zpr\u00e1va, bude to rezonovat je\u0161t\u011b na jednom zased\u00e1n\u00ed Severoatlantick\u00e9 rady jako regul\u00e9rn\u00ed bod,\u201d \u0159ekl Landovsk\u00fd.<\/div>\n<\/div>\n<\/div>\n<\/div>\n<div><\/div>\n<div><a href=\"https:\/\/cz.sputniknews.com\/20210420\/ve-stredu-praha-muze-vyhlasit-dalsi-vyhosteni-diplomatu-nato-se-bude-zabyvat-cesko-ruskym-sporem-14203361.html\">ZDROJ<\/a><\/div>\n<div><\/div>\n<div><\/div>\n<div><\/div>\n<div>\n<div class=\"article__block\" data-type=\"banner\" data-position=\"desktop\">\n<div class=\"banner m-article-body m-article-desktop\" data-position=\"article_desktop_content-1\" data-infinity=\"1\" data-ab=\"b\" data-changed-id=\"adfox_desktop_body_14203361\">\n<div class=\"banner__content\">\n<div id=\"taboola-mid-article-reco-reel-1\" class=\" trc_related_container trc_spotlight_widget trc_elastic trc_elastic_thumbnails-mid-reco \" data-placement-name=\"Mid-article Reco Reel b 1\">\n<div class=\"trc_rbox_container story-widget tbl-story-desktop \">\n<div>\n<div id=\"trc_wrapper_46925\" class=\"trc_rbox thumbnails-mid-reco trc-content-sponsored \">\n<div id=\"outer_46925\" class=\"trc_rbox_outer\">\n<div id=\"rbox-t2m\" class=\"trc_rbox_div trc_rbox_border_elm\">\n<div id=\"internal_trc_46925\">\n<figure id=\"taboola-mid-article-reco-reel-1-video\">\n<div id=\"_cm-css-reset\" class=\"_cm-div\" data-tracked=\"true\"><\/div>\n<\/figure>\n<div class=\"videoCube trc_spotlight_item origin-default thumbnail_top syndicatedItem textItem videoCube_1_child trc-first-recommendation trc-spotlight-first-recommendation trc_excludable\" data-item-id=\"~~V1~~1383531732526135135~~Mweq2cMk-teNgSbzviyq9eSwThSOS8UOrUXhs4WGJeQndpXq_nTToVci-tV_1bYyPVPbFHdycXfyr1VxmozLcV7JbGFbjtizQN29Zpin8p1JlawpbYFtoRw_FVSAoDPy8yoVX_ZV1DUzrU9mgEqIxVpt34vkyVLCqQj-j_6Ik-WFwt9_72reDSrMsTKuuUo50C6pp4hNeLiy6Ra70A096IkcLJNfNREbg2vSxECkM7vpO35Yn4seujCl7uFd2je6FdUjUx8dITbsb-m5nyvh1TwBwbVzqx5qDQAj-sfT0Dldfv4VW3eeNYdDhGLCDAyU\" data-item-title=\"Apple, Amazon, Tesla a\u00a0dal\u0161\u00ed spole\u010dnosti. Nau\u010dte se investovat do akci\u00ed bez placen\u00ed provize.\" data-item-thumb=\"https:\/\/media.gettyimages.com\/photos\/man-looking-at-camera-on-street-picture-id1197870409?b=1&amp;k=6&amp;m=1197870409&amp;s=170667a&amp;w=0&amp;h=5PpEAThbJS9tRPD8EEjk0vro40IKmh7N_ntoO6eRxY8=\" data-item-syndicated=\"true\">\n<div class=\"thumbBlock_holder\">\n<div class=\"thumbBlock_placeholder\"><\/div>\n<\/div>\n<\/div>\n<\/div>\n<\/div>\n<\/div>\n<\/div>\n<\/div>\n<\/div>\n<\/div>\n<\/div>\n<\/div>\n<\/div>\n<\/div>\n<div><\/div>\n","protected":false},"excerpt":{"rendered":"<p>Podle \u010desk\u00fdch m\u00e9di\u00ed ji\u017e dnes Ministerstvo zahrani\u010dn\u00edch v\u011bc\u00ed \u010cR m\u016f\u017ee ozn\u00e1mit vyho\u0161t\u011bn\u00ed dal\u0161\u00ed skupiny rusk\u00fdch&#8230;<\/p>\n","protected":false},"author":2,"featured_media":591,"comment_status":"closed","ping_status":"closed","sticky":false,"template":"","format":"standard","meta":[],"categories":[6],"tags":[76,39,22,145],"_links":{"self":[{"href":"https:\/\/www.infokuryr.cz\/n\/wp-json\/wp\/v2\/posts\/998"}],"collection":[{"href":"https:\/\/www.infokuryr.cz\/n\/wp-json\/wp\/v2\/posts"}],"about":[{"href":"https:\/\/www.infokuryr.cz\/n\/wp-json\/wp\/v2\/types\/post"}],"author":[{"embeddable":true,"href":"https:\/\/www.infokuryr.cz\/n\/wp-json\/wp\/v2\/users\/2"}],"replies":[{"embeddable":true,"href":"https:\/\/www.infokuryr.cz\/n\/wp-json\/wp\/v2\/comments?post=998"}],"version-history":[{"count":0,"href":"https:\/\/www.infokuryr.cz\/n\/wp-json\/wp\/v2\/posts\/998\/revisions"}],"wp:featuredmedia":[{"embeddable":true,"href":"https:\/\/www.infokuryr.cz\/n\/wp-json\/wp\/v2\/media\/591"}],"wp:attachment":[{"href":"https:\/\/www.infokuryr.cz\/n\/wp-json\/wp\/v2\/media?parent=998"}],"wp:term":[{"taxonomy":"category","embeddable":true,"href":"https:\/\/www.infokuryr.cz\/n\/wp-json\/wp\/v2\/categories?post=998"},{"taxonomy":"post_tag","embeddable":true,"href":"https:\/\/www.infokuryr.cz\/n\/wp-json\/wp\/v2\/tags?post=998"}],"curies":[{"name":"wp","href":"https:\/\/api.w.org\/{rel}","templated":true}]}}