{"id":99781,"date":"2026-02-18T00:34:48","date_gmt":"2026-02-17T23:34:48","guid":{"rendered":"https:\/\/www.infokuryr.cz\/n\/?p=99781"},"modified":"2026-02-17T18:32:17","modified_gmt":"2026-02-17T17:32:17","slug":"vitejte-v-eussr-nepopularni-evropske-rezimy-souperici-o-moc-tvrde-potlacuji-disent","status":"publish","type":"post","link":"https:\/\/www.infokuryr.cz\/n\/2026\/02\/18\/vitejte-v-eussr-nepopularni-evropske-rezimy-souperici-o-moc-tvrde-potlacuji-disent\/","title":{"rendered":"V\u00edtejte v \u201eEUSSR\u201c: Nepopul\u00e1rn\u00ed evropsk\u00e9 re\u017eimy soupe\u0159\u00edc\u00ed o moc tvrd\u011b potla\u010duj\u00ed disent"},"content":{"rendered":"<div id=\"fb-root\"><\/div>\n<div class=\"elementor-element elementor-element-1fb4c2c elementor-widget elementor-widget-theme-post-content\" data-id=\"1fb4c2c\" data-element_type=\"widget\" data-e-type=\"widget\" data-widget_type=\"theme-post-content.default\">\n<div class=\"elementor-widget-container\">\n<p><span dir=\"auto\">Vl\u00e1dnouc\u00ed elity v Evrop\u011b, kter\u00e9 se st\u00e1le v\u00edce podobaj\u00ed EUSSR (Evropsk\u00e9 unii sov\u011btsk\u00fdch socialistick\u00fdch republik) v z\u00e1vod\u011b o sestup, se st\u00e1vaj\u00ed st\u00e1le m\u00e9n\u011b popul\u00e1rn\u00edmi. Jejich m\u00edra nesouhlasu prudce stoup\u00e1. Ve Francii 77 % ve\u0159ejnosti nesouhlas\u00ed s prezidentem Emmanuelem Macronem. Ve Velk\u00e9 Brit\u00e1nii 68 % nesouhlas\u00ed s premi\u00e9rem Keirem Starmerem. V N\u011bmecku 64 % nesouhlas\u00ed s kancl\u00e9\u0159em Friedrichem Merzem a ve \u0160pan\u011blsku m\u00e1 61 % premi\u00e9ra Pedra S\u00e1ncheze dost.<\/span><\/p>\n<p><span dir=\"auto\">V jin\u00fdch \u010d\u00e1stech Evropy, jako je N\u011bmecko a Francie, se vytv\u00e1\u0159ej\u00ed nejr\u016fzn\u011bj\u0161\u00ed pseudopr\u00e1vn\u00ed manipulace, aby se zabr\u00e1nilo politick\u00fdm oponent\u016fm v kandidatu\u0159e na vysok\u00e9 funkce (jako zde a zde).<\/span><\/p>\n<p><span dir=\"auto\">Co tedy d\u011blat, kdy\u017e jste nepopul\u00e1rn\u00ed re\u017eim, kter\u00fd se zoufale dr\u017e\u00ed moci? Je to docela jednoduch\u00e9! Ajatoll\u00e1hov\u00e9 \u00cdr\u00e1nu, \u010d\u00ednsk\u00fd Si \u0164in-pching, rusk\u00fd Vladimir Lenin, Josif Stalin a Vladimir Putin by v\u00e1m to mohli \u0159\u00edct. Prost\u011b \u2013 v\u00edce ne\u017e kdy jindy \u2013 tvrd\u011b zasahuj\u00ed proti svobod\u011b projevu a disentu!<\/span><\/p>\n<p><span dir=\"auto\">V takzvan\u00fdch demokraci\u00edch tato nejnov\u011bj\u0161\u00ed \u201ev\u00fdhoda\u201c pro v\u00e1\u0161 lid \u2013 \u201edemokratick\u00fd\u201c p\u0159\u00edstup k jedn\u00e1n\u00ed s disidenty \u2013 znamen\u00e1, \u017ee m\u00edsto palebn\u00e9 s\u00edly se k potla\u010dov\u00e1n\u00ed svobody projevu pou\u017e\u00edv\u00e1 technologie.<\/span><\/p>\n<p><span dir=\"auto\">Pokud jde o v\u011bkov\u00e9 limity pro d\u011bti, lze p\u0159esv\u011bd\u010div\u011b argumentovat, \u017ee celodenn\u00ed z\u00edr\u00e1n\u00ed do obrazovek z\u0159ejm\u011b zhor\u0161uje vzd\u011bl\u00e1n\u00ed cel\u00e9 generace a jej\u00ed schopnost socializovat se s n\u011bk\u00fdm jin\u00fdm ne\u017e s chim\u00e9rou um\u011bl\u00e9 inteligence, narkoticky naprogramovanou algoritmem, aby souhlasila se v\u0161\u00edm, co se nahraje, v\u010detn\u011b nejlep\u0161\u00edch zp\u016fsob\u016f, jak ukon\u010dit sv\u016fj mlad\u00fd, zd\u00e1nliv\u011b nedostate\u010dn\u00fd \u017eivot.\u00a0<\/span><a href=\"https:\/\/www.gatestoneinstitute.org\/22265\/europe-crackdown-on-dissent\" target=\"_blank\" rel=\"noreferrer noopener\"><span dir=\"auto\">gatestoneinstitute+1<\/span><\/a><\/p>\n<p><span dir=\"auto\">Jak napsal zakladatel a gener\u00e1ln\u00ed \u0159editel Telegramu Pavel Durov na X:\u00a0<\/span><a href=\"https:\/\/www.reuters.com\/business\/media-telecom\/telegrams-durov-says-spanish-social-media-plans-weaponise-safety-2026-02-04\/\" target=\"_blank\" rel=\"noreferrer noopener\"><span dir=\"auto\">reuters+1<\/span><\/a><\/p>\n<p><span dir=\"auto\">Telegram dnes upozornil v\u0161echny sv\u00e9 u\u017eivatele ve \u0160pan\u011blsku t\u00edmto varov\u00e1n\u00edm:\u00a0<\/span><a href=\"https:\/\/www.reuters.com\/business\/media-telecom\/telegrams-durov-says-spanish-social-media-plans-weaponise-safety-2026-02-04\/\" target=\"_blank\" rel=\"noreferrer noopener\"><span dir=\"auto\">reuters+1<\/span><\/a><\/p>\n<p><span dir=\"auto\">Vl\u00e1da Pedra S\u00e1ncheze prosazuje nebezpe\u010dn\u00e1 nov\u00e1 na\u0159\u00edzen\u00ed, kter\u00e1 ohro\u017euj\u00ed va\u0161e online svobody. Tato opat\u0159en\u00ed, ozn\u00e1men\u00e1 teprve v\u010dera, by mohla \u0160pan\u011blsko prom\u011bnit ve st\u00e1t sledovan\u00fd pod rou\u0161kou \u201eochrany\u201c. Zde je d\u016fvod, pro\u010d jsou varovn\u00fdm sign\u00e1lem pro svobodu projevu a soukrom\u00ed:\u00a0<\/span><a href=\"https:\/\/www.reuters.com\/business\/media-telecom\/telegrams-durov-says-spanish-social-media-plans-weaponise-safety-2026-02-04\/\" target=\"_blank\" rel=\"noreferrer noopener\"><span dir=\"auto\">reuters+1<\/span><\/a><\/p>\n<p><span dir=\"auto\">1.Z\u00e1kaz soci\u00e1ln\u00edch m\u00e9di\u00ed pro osoby mlad\u0161\u00ed 16 let s povinn\u00fdm ov\u011b\u0159en\u00edm v\u011bku: Net\u00fdk\u00e1 se to jen d\u011bt\u00ed \u2013 platformy jsou zav\u00e1z\u00e1ny k p\u0159\u00edsn\u00fdm kontrol\u00e1m, jako je p\u0159edkl\u00e1d\u00e1n\u00ed doklad\u016f toto\u017enosti nebo biometrick\u00fdch \u00fadaj\u016f.<\/span><\/p>\n<p><span dir=\"auto\">Nebezpe\u010d\u00ed: To povede k nadm\u011brn\u00e9 cenzu\u0159e \u2013 platformy budou mazat cokoli by\u0165 jen vzd\u00e1len\u011b kontroverzn\u00edho, aby se vyhnuly rizik\u016fm, a t\u00edm uml\u010d\u00ed politick\u00fd disent, \u017eurnalistiku a ka\u017edodenn\u00ed n\u00e1zory. V\u00e1\u0161 hlas by mohl b\u00fdt dal\u0161\u00ed, pokud zpochybn\u00ed status quo\u2026<\/span><\/p>\n<p><span dir=\"auto\">Nebezpe\u010d\u00ed: Vl\u00e1dy v\u00e1m budou diktovat, co vid\u00edte, potla\u010dovat odli\u0161n\u00e9 n\u00e1zory a vytv\u00e1\u0159et st\u00e1tem kontrolovan\u00e9 ozv\u011bnov\u00e9 komory. Voln\u00e9 zkoum\u00e1n\u00ed my\u0161lenek? Pry\u010d \u2013 nahrazeno kur\u00e1torovanou propagandou.<\/span><\/p>\n<p><span dir=\"auto\">Nebezpe\u010d\u00ed: Nejasn\u00e9 definice \u201enen\u00e1visti\u201c by mohly ozna\u010dit kritiku vl\u00e1dy za rozd\u011bluj\u00edc\u00ed a v\u00e9st k uzav\u0159en\u00ed podnik\u016f nebo pokut\u00e1m. M\u016f\u017ee to b\u00fdt n\u00e1stroj k potla\u010den\u00ed opozice. Nejedn\u00e1 se o ochrann\u00e1 opat\u0159en\u00ed, ale o kroky k \u00fapln\u00e9 kontrole. Tento sc\u00e9n\u00e1\u0159 jsme ji\u017e vid\u011bli \u2013 vl\u00e1dy pou\u017e\u00edvaj\u00ed \u201ebezpe\u010dnost\u201c jako zbra\u0148 k cenzu\u0159e kritik\u016f.<\/span><\/p>\n<p><span dir=\"auto\">Po\u017eadujte transparentnost a bojujte za sv\u00e1 pr\u00e1va. \u0160i\u0159te informace \u2013 ne\u017e bude p\u0159\u00edli\u0161 pozd\u011b.<\/span><\/p>\n<p><span dir=\"auto\">Mimochodem, Durov, narozen\u00fd v roce 1984 \u2013 ze v\u0161ech let zrovna v tom orwellovsk\u00e9m roce! \u2013 v Sov\u011btsk\u00e9m svazu, opustil Rusko v roce 2014 pot\u00e9, co rusk\u00e1 bezpe\u010dnostn\u00ed slu\u017eba FSB po\u017eadovala, aby jeho spole\u010dnost VKontakte p\u0159edala osobn\u00ed \u00fadaje ukrajinsk\u00fdch demonstrant\u016f Euromajdanu a opozi\u010dn\u00edch osobnost\u00ed, a tak\u00e9 proto, \u017ee odm\u00edtl cenzurovat p\u0159\u00edsp\u011bvky na sv\u00e9m webu.<\/span><\/p>\n<p><span dir=\"auto\">Ve \u0160pan\u011blsku vl\u00e1da S\u00e1ncheze krom\u011b pravd\u011bpodobn\u011b opr\u00e1vn\u011bn\u00e9ho z\u00e1kazu soci\u00e1ln\u00edch m\u00e9di\u00ed pro osoby mlad\u0161\u00ed 16 let zav\u00e1d\u00ed bal\u00ed\u010dek z\u00e1kon\u016f sest\u00e1vaj\u00edc\u00ed z p\u011bti pozm\u011b\u0148ovac\u00edch n\u00e1vrh\u016f, kter\u00e9 maj\u00ed cenzurovat online n\u00e1zory.<\/span><\/p>\n<p><span dir=\"auto\">Zaprv\u00e9, vedouc\u00ed pracovn\u00edci platforem soci\u00e1ln\u00edch m\u00e9di\u00ed nebudou \u010delit pouze pokut\u00e1m za to, \u017ee v\u010das neodstran\u00ed \u201enez\u00e1konn\u00fd, nen\u00e1vistn\u00fd nebo \u0161kodliv\u00fd\u201c obsah ze sv\u00fdch platforem, ale budou nyn\u00ed tak\u00e9 trestn\u011b odpov\u011bdn\u00ed, v\u010detn\u011b mo\u017en\u00fdch trest\u016f odn\u011bt\u00ed svobody. Jak varuje Durov:<\/span><\/p>\n<p><span dir=\"auto\">\u201eTo povede k nadm\u011brn\u00e9 cenzu\u0159e \u2013 platformy budou mazat cokoli by\u0165 jen vzd\u00e1len\u011b kontroverzn\u00edho, aby se vyhnuly rizik\u016fm, a t\u00edm uml\u010d\u00ed politick\u00fd disent, \u017eurnalistiku a ka\u017edodenn\u00ed n\u00e1zory. V\u00e1\u0161 hlas by mohl b\u00fdt dal\u0161\u00ed, pokud zpochybn\u00ed status quo.\u201c<\/span><\/p>\n<p><span dir=\"auto\">\u201eSanchez,\u201c \u0159ekl Elon Musk je\u0161t\u011b p\u0159\u00edmo\u010da\u0159eji, \u201eje skute\u010dn\u00fd fa\u0161istick\u00fd totalit\u00e1\u0159.\u201c<\/span><\/p>\n<p><span dir=\"auto\">Za druh\u00e9, \u0161\u00ed\u0159en\u00ed \u201eneleg\u00e1ln\u00edho\u201c nebo \u201e\u0161kodliv\u00e9ho\u201c obsahu pomoc\u00ed algoritm\u016f se st\u00e1v\u00e1 trestn\u00fdm \u010dinem.\u00a0<\/span><a href=\"https:\/\/www.reuters.com\/business\/media-telecom\/telegrams-durov-says-spanish-social-media-plans-weaponise-safety-2026-02-04\/\" target=\"_blank\" rel=\"noreferrer noopener\"><span dir=\"auto\">reuters+1<\/span><\/a><\/p>\n<p><span dir=\"auto\">\u201eZ algoritmick\u00e9 manipulace a amplifikace neleg\u00e1ln\u00edho obsahu ud\u011bl\u00e1me nov\u00fd trestn\u00fd \u010din,\u201c \u0159ekl Sanchez.<\/span><\/p>\n<p><span dir=\"auto\">&#8222;U\u017e \u017e\u00e1dn\u00e9 schov\u00e1v\u00e1n\u00ed se za k\u00f3d. U\u017e \u017e\u00e1dn\u00e9 p\u0159edst\u00edr\u00e1n\u00ed, \u017ee technologie je neutr\u00e1ln\u00ed.&#8220;<\/span><\/p>\n<p><span dir=\"auto\">Za t\u0159et\u00ed, podle Sancheze:<\/span><\/p>\n<p><span dir=\"auto\">\u201eZavedeme syst\u00e9m stopy nen\u00e1visti a polarizace, kter\u00fd bude sledovat, kvantifikovat a odhalovat, jak digit\u00e1ln\u00ed platformy p\u0159i\u017eivuj\u00ed rozpory a zesiluj\u00ed nen\u00e1vist. P\u0159\u00edli\u0161 dlouho byla nen\u00e1vist pova\u017eov\u00e1na za neviditelnou a nevysledovatelnou, ale to zm\u011bn\u00edme.\u201c<\/span><\/p>\n<p><span dir=\"auto\">Probl\u00e9m je samoz\u0159ejm\u011b v tom, \u017ee \u201enen\u00e1vist\u201c obvykle nen\u00ed nikdy definov\u00e1na \u2013 co\u017e znamen\u00e1, \u017ee cokoli a v\u0161echno lze ozna\u010dit za \u201enen\u00e1vist\u201c, a \u010dasto to tak i je. \u00dasudky o tom, co p\u0159edstavuje \u201enen\u00e1vist\u201c, se st\u00e1vaj\u00ed zcela subjektivn\u00edmi a hroz\u00ed, \u017ee existuj\u00ed pouze \u201ev oku pozorovatele\u201c.<\/span><\/p>\n<p><span dir=\"auto\">Nap\u0159\u00edklad v S\u00fad\u00e1nu byla britsk\u00e1 u\u010ditelka na z\u00e1kladn\u00ed \u0161kole odsouzena k 40 ran\u00e1m bi\u010dem a v\u011bzen\u00ed za to, \u017ee dovolila sv\u00fdm \u017e\u00e1k\u016fm pojmenovat ply\u0161ov\u00e9ho medv\u00eddka Mohamed. V \u00cdr\u00e1nu jsou dnes lid\u00e9, kte\u0159\u00ed protestovali proti re\u017eimu, odsouzeni k smrti za \u201ev\u00e1lku proti Bohu\u201c.<\/span><\/p>\n<p><span dir=\"auto\">Spojen\u00e9 st\u00e1ty ofici\u00e1ln\u011b zakotvuj\u00ed svobodu projevu v prvn\u00edm dodatku \u00fastavy:<\/span><\/p>\n<p><span dir=\"auto\">\u201eKongres nesm\u00ed vydat \u017e\u00e1dn\u00fd z\u00e1kon, kter\u00fd by ukl\u00e1dal st\u00e1tn\u00ed n\u00e1bo\u017eenstv\u00ed nebo zakazoval svobodn\u00e9 vyzn\u00e1v\u00e1n\u00ed takov\u00e9ho n\u00e1bo\u017eenstv\u00ed; nebo omezoval svobodu projevu nebo tisku; nebo pr\u00e1vo lidu pokojn\u011b se shroma\u017e\u010fovat a pod\u00e1vat st\u00ed\u017enosti vl\u00e1d\u011b.\u201c<\/span><\/p>\n<p><span dir=\"auto\">Americk\u00e9 soudy rozhodly, \u017ee zak\u00e1zan\u00e1 je pouze d\u011btsk\u00e1 pornografie a bezprost\u0159edn\u00ed, p\u0159\u00edm\u00e9 a v\u011brohodn\u00e9 v\u00fdhr\u016f\u017eky, spolu s n\u011bkolika dal\u0161\u00edmi omezen\u00edmi.<\/span><\/p>\n<p><span dir=\"auto\">N\u011bkter\u00e9 vl\u00e1dnouc\u00ed elity ve \u0160pan\u011blsku z\u0159ejm\u011b cht\u011bj\u00ed X tam \u00fapln\u011b zak\u00e1zat.\u00a0<\/span><a href=\"https:\/\/www.reuters.com\/business\/media-telecom\/telegrams-durov-says-spanish-social-media-plans-weaponise-safety-2026-02-04\/\" target=\"_blank\" rel=\"noreferrer noopener\"><span dir=\"auto\">reuters+1<\/span><\/a><\/p>\n<p><span dir=\"auto\">\u201eDal\u0161\u00ed bitva by se m\u011bla zam\u011b\u0159it na omezen\u00ed Twitteru\u2026 a pravd\u011bpodobn\u011b i na jeho z\u00e1kaz,\u201c prohl\u00e1sila ministryn\u011b pro ml\u00e1de\u017e a d\u011bti Sira Rego.<\/span><\/p>\n<p><span dir=\"auto\">\u0160pan\u011blsk\u00e1 m\u00edstop\u0159edsedkyn\u011b vl\u00e1dy Yolanda D\u00edaz ozn\u00e1mila, \u017ee opustila X a \u017ee ka\u017ed\u00fd, kdo na X z\u016fst\u00e1v\u00e1, \u201e\u017eiv\u00ed nen\u00e1vistnou politiku\u201c.<\/span><\/p>\n<p><span dir=\"auto\">Francie pl\u00e1nuje podobn\u00fd krok \u201ek z\u00e1kazu p\u0159\u00edstupu nezletil\u00fdch na Instagram a TikTok\u201c a N\u011bmecko tak\u00e9 v\u00e1\u017en\u011b zva\u017euje zaveden\u00ed takov\u00e9ho z\u00e1kazu. K\u0159es\u0165anskodemokratick\u00e1 unie N\u011bmecka \u2013 konzervativn\u00ed strana veden\u00e1 kancl\u00e9\u0159em Friedrichem Merzem a nejv\u011bt\u0161\u00ed ve vl\u00e1dn\u00ed koalici \u2013 m\u00e1 \u00fadajn\u011b o t\u00e9to ot\u00e1zce diskutovat na sv\u00e9 celost\u00e1tn\u00ed stranick\u00e9 konferenci ve dnech 20. a 21. \u00fanora 2026.<\/span><\/p>\n<p><span dir=\"auto\">D\u00e1nsko, \u0158ecko a Velk\u00e1 Brit\u00e1nie se tak\u00e9 nach\u00e1zej\u00ed v r\u016fzn\u00fdch f\u00e1z\u00edch bu\u010f zaveden\u00ed X, nebo v\u00e1\u017en\u00e9ho zva\u017eov\u00e1n\u00ed jeho z\u00e1kazu, zat\u00edmco evropsk\u00e9 \u00fa\u0159ady se sou\u010dasn\u011b sna\u017e\u00ed p\u0159ij\u00edt s jin\u00fdmi zp\u016fsoby, jak X zastavit.<\/span><\/p>\n<p><span dir=\"auto\">Za\u010d\u00e1tkem \u00fanora provedly francouzsk\u00e9 \u00fa\u0159ady a Evropsk\u00e1 policejn\u00ed agentura Europol razii v kancel\u00e1\u0159\u00edch spole\u010dnosti X v Pa\u0159\u00ed\u017ei, jak uvedl \u010dasopis Time.<\/span><\/p>\n<p><span dir=\"auto\">Podle den\u00edku The Telegraph byl razie \u201eprim\u00e1rn\u011b iniciov\u00e1n poslancem ze strany Emmanuela Macrona, kter\u00fd si po Muskov\u011b koupi st\u011b\u017eoval, \u017ee X \u201esn\u00ed\u017eil rozmanitost hlas\u016f\u201c, a tak\u00e9 samostatnou st\u00ed\u017enost\u00ed, \u017ee webov\u00e1 str\u00e1nka hostovala \u201eodporn\u00fd politick\u00fd obsah\u201c.<\/span><\/p>\n<p><span dir=\"auto\">Ve Spojen\u00e9m kr\u00e1lovstv\u00ed zah\u00e1jil \u00da\u0159ad komisa\u0159e pro informace vy\u0161et\u0159ov\u00e1n\u00ed deepfakes na platform\u011b X, kter\u00e9 prob\u00edh\u00e1 soub\u011b\u017en\u011b s vy\u0161et\u0159ov\u00e1n\u00edm platformy ze strany Ofcomu. Liz Kendallov\u00e1, ministryn\u011b technologi\u00ed, uvedla, \u017ee vl\u00e1da nab\u00eddne svou \u201eplnou podporu\u201c, pokud se regula\u010dn\u00ed org\u00e1n rozhodne zablokovat p\u0159\u00edstup k webu ve Spojen\u00e9m kr\u00e1lovstv\u00ed, a obvinila odp\u016frce opat\u0159en\u00ed, \u017ee se \u201espojuj\u00ed s t\u011bmi, kte\u0159\u00ed pova\u017euj\u00ed vytv\u00e1\u0159en\u00ed a zve\u0159ej\u0148ov\u00e1n\u00ed sexu\u00e1ln\u011b manipulovan\u00fdch obr\u00e1zk\u016f \u017een a d\u011bt\u00ed za p\u0159ijateln\u00e9\u201c.<\/span><\/p>\n<p><span dir=\"auto\">To v\u0161e p\u0159ich\u00e1z\u00ed nad r\u00e1mec pokuty ve v\u00fd\u0161i 120 milion\u016f eur, kterou spole\u010dnosti X ulo\u017eila Evropsk\u00e1 komise na z\u00e1klad\u011b sv\u00e9ho z\u00e1kona o digit\u00e1ln\u00edch slu\u017eb\u00e1ch \u201eSmazat. Uml\u010det. Zru\u0161it\u201c.<\/span><\/p>\n<p><strong><em><span dir=\"auto\">Od Tylera Durdena<\/span><\/em><\/strong><\/p>\n<\/div>\n<\/div>\n<div class=\"elementor-element elementor-element-8c57238 quelle dc-has-condition dc-condition-empty elementor-widget elementor-widget-heading\" data-id=\"8c57238\" data-element_type=\"widget\" data-e-type=\"widget\" data-widget_type=\"heading.default\">\n<div class=\"elementor-widget-container\">\n<h3 class=\"elementor-heading-title elementor-size-default\"><span style=\"font-size: 10pt;\"><a href=\"https:\/\/www.zerohedge.com\/geopolitical\/welcome-eussr-unpopular-european-regimes-grasping-power-crack-down-dissent\" target=\"_blank\" rel=\"nofollow noopener\"><span dir=\"auto\">Zdroj<\/span><\/a><\/span><\/h3>\n<p>&nbsp;<\/p>\n<\/div>\n<\/div>\n","protected":false},"excerpt":{"rendered":"<p>Vl\u00e1dnouc\u00ed elity v Evrop\u011b, kter\u00e9 se st\u00e1le v\u00edce podobaj\u00ed EUSSR (Evropsk\u00e9 unii sov\u011btsk\u00fdch socialistick\u00fdch republik)&#8230;<\/p>\n","protected":false},"author":2,"featured_media":99782,"comment_status":"closed","ping_status":"closed","sticky":false,"template":"","format":"standard","meta":[],"categories":[7],"tags":[63,41,1503,48],"_links":{"self":[{"href":"https:\/\/www.infokuryr.cz\/n\/wp-json\/wp\/v2\/posts\/99781"}],"collection":[{"href":"https:\/\/www.infokuryr.cz\/n\/wp-json\/wp\/v2\/posts"}],"about":[{"href":"https:\/\/www.infokuryr.cz\/n\/wp-json\/wp\/v2\/types\/post"}],"author":[{"embeddable":true,"href":"https:\/\/www.infokuryr.cz\/n\/wp-json\/wp\/v2\/users\/2"}],"replies":[{"embeddable":true,"href":"https:\/\/www.infokuryr.cz\/n\/wp-json\/wp\/v2\/comments?post=99781"}],"version-history":[{"count":0,"href":"https:\/\/www.infokuryr.cz\/n\/wp-json\/wp\/v2\/posts\/99781\/revisions"}],"wp:featuredmedia":[{"embeddable":true,"href":"https:\/\/www.infokuryr.cz\/n\/wp-json\/wp\/v2\/media\/99782"}],"wp:attachment":[{"href":"https:\/\/www.infokuryr.cz\/n\/wp-json\/wp\/v2\/media?parent=99781"}],"wp:term":[{"taxonomy":"category","embeddable":true,"href":"https:\/\/www.infokuryr.cz\/n\/wp-json\/wp\/v2\/categories?post=99781"},{"taxonomy":"post_tag","embeddable":true,"href":"https:\/\/www.infokuryr.cz\/n\/wp-json\/wp\/v2\/tags?post=99781"}],"curies":[{"name":"wp","href":"https:\/\/api.w.org\/{rel}","templated":true}]}}