{"id":99778,"date":"2026-02-18T00:29:26","date_gmt":"2026-02-17T23:29:26","guid":{"rendered":"https:\/\/www.infokuryr.cz\/n\/?p=99778"},"modified":"2026-02-17T13:10:47","modified_gmt":"2026-02-17T12:10:47","slug":"miroslav-petr-dopis-prezidentovi-protokolar-sokuje-svym-prohlasenim","status":"publish","type":"post","link":"https:\/\/www.infokuryr.cz\/n\/2026\/02\/18\/miroslav-petr-dopis-prezidentovi-protokolar-sokuje-svym-prohlasenim\/","title":{"rendered":"Miroslav Petr: Dopis prezidentovi. Protokol\u00e1\u0159 \u0161okuje sv\u00fdm prohl\u00e1\u0161en\u00edm!"},"content":{"rendered":"<div id=\"fb-root\"><\/div>\n<p>Stru\u010dn\u00fd v\u00fdpis dopisu z internetu, psan\u00fd nejen prezidentovi, ale aby o n\u011bm v\u011bd\u011bl cel\u00fd n\u00e1rod. &#8222;&#8230;poda\u0159ilo se v\u00e1m rozb\u00edt \u00fapln\u011b a rozd\u011blit spole\u010dnost, v\u010detn\u011b rodinn\u00fdch vztah\u016f. Nep\u0159eb\u00edr\u00e1m n\u00e1zory n\u011bkter\u00fdch m\u00e9di\u00ed, ale p\u00ed\u0161u na z\u00e1klad\u011b osobn\u00edch zku\u0161enost\u00ed. Nikdy by m\u011b nenapadlo, \u017ee budu v t\u011b\u017ek\u00e9m n\u00e1zorov\u00e9m st\u0159etu s rodinou, resp. d\u011btmi.<\/p>\n<p>Rozeb\u00edrat \u00fastavu mi nep\u0159\u00edslu\u0161\u00ed, nejsem pr\u00e1vn\u00edk. Selsk\u00fd rozum mi \u0159\u00edk\u00e1, \u017ee poru\u0161ujete \u00fastavu, min. \u010dl. 68. Jak byste vedl arm\u00e1du, kdy\u017e v\u00e1m polovina lid\u00ed nev\u011b\u0159\u00ed. Nem\u00e1-li velitel autoritu a p\u0159esv\u011bd\u010den\u00e9 vojsko, \u017ee se bije za spr\u00e1vnou v\u011bc, tak z historie vypl\u00fdv\u00e1, \u017ee skon\u010dil s kulkou v z\u00e1dech od vlastn\u00edch voj\u00e1k\u016f. Nejde o vyhro\u017eov\u00e1n\u00ed. M\u011bl byste v\u011bd\u011bt, \u017ee nestmelen\u00e1 jednotka m\u00ed\u0159\u00ed k z\u00e1niku. Mysl\u00edte si, \u017ee \u017eeny, pro kter\u00e9 jste fe\u0161\u00e1k, p\u016fjdou za v\u00e1s bojovat? Kr\u00e1l nechodil jen za sv\u00fdmi p\u0159\u00edvr\u017eenci, ale chodil i mezi oby\u010dejn\u00fd lid. Pak v\u011bd\u011bl, co se v podhrad\u00ed d\u011bje. M\u00e1ma mi v d\u011btstv\u00ed \u010detla poh\u00e1dky, v\u00e1\u0161 otec v\u00e1m vysv\u011btloval vstup arm\u00e1d Var\u0161avsk\u00e9 smlouvy do \u010ceskoslovenska. Kdy\u017e m\u016f\u017ee b\u00fdt podle v\u00e1s listovn\u00ed tajemstv\u00ed ve\u0159ejn\u00fdm, tak tento dopis rozes\u00edl\u00e1m kamar\u00e1d\u016fm a zn\u00e1m\u00fdm. S pozdravem arch. Franti\u0161ek Strnad. S pozdravem M\u00edrov\u00e9 nebe nad hlavou.&#8220;<\/p>\n<p>Prezident, pardon, protoKol\u00e1\u0159 \u0161okoval sv\u00fdm neuv\u011b\u0159iteln\u011b arogantn\u00edm v\u00fdrokem: &#8222;Nem\u016f\u017eeme nechat lidi, kte\u0159\u00ed jsou v podstat\u011b s p o d i n o u spole\u010dnosti, aby si tady d\u011blali co cht\u011bj\u00ed!&#8220;<br \/>\nMezin\u00e1rodn\u00ed olympijsk\u00fd v\u00fdbor chce p\u0159e\u0159adit n\u011bkter\u00e9 letn\u00ed sporty, nap\u0159. p\u0159espoln\u00ed b\u011bh, co\u017e by pomohlo k v\u011bt\u0161\u00ed \u00fa\u010dasti Afri\u010dan\u016f na hr\u00e1ch, t\u00edm p\u00e1dem i k z\u00e1jmu africk\u00fdch m\u00e9di\u00ed. Um\u00edte si p\u0159edstavit \u010dernocha b\u011b\u017e\u00edc\u00edho v letn\u00edm dresu v zimn\u00edch z\u00e1v\u011bj\u00edch.<\/p>\n<p>P\u00e1vek st\u00e1le prov\u00e1d\u00ed \u00fastavn\u00ed p\u0159evrat, kdy\u017e poru\u0161uje z\u00e1kony, stavu, opovrhuje demokratick\u00fdmi volbami a zcela viditeln\u011b slou\u017e\u00ed jin\u00fdm velmoc\u00edm, co\u017e je bezesporu velezrada. Politicky z\u00e1visl\u00e9mu proti\u00fastavn\u00edmu soudu to nevad\u00ed. Bohu\u017eel st\u00e1le je\u0161t\u011b chyb\u00ed velmi nal\u00e9hav\u00fd z\u00e1kon o odvolatelnosti soudc\u016f.<\/p>\n<p>V \u010dervnu za\u010dne platit Migra\u010dn\u00ed pakt. Do \u0160pan\u011blska u\u017e te\u010f p\u0159iplouvaj\u00ed masy &#8222;host\u016f&#8220;. Nep\u0159ijedou jen muslimov\u00e9 a \u010derno\u0161i z Afriky, ale i ze S\u00fad\u00e1nu, Gambie, Senegalu, Som\u00e1lska a Mali. Vyhl\u00e1s\u00ed-li n\u011bkter\u00e1 zem\u011b nouzov\u00fd stav, EU na\u0159\u00edd\u00ed povinn\u00e9 p\u0159erozd\u011blov\u00e1n\u00ed do cel\u00e9 EU. A\u017e u n\u00e1s propukne kriminalita ve velk\u00e9m, co bude\u0161 d\u011blat Mafi\u00e1ne? Jak bude\u0161 chr\u00e1nit na\u0161e men\u0161iny, kter\u00e9 oni k smrti nen\u00e1vid\u00ed? Jak bude\u0161 chr\u00e1nit na\u0161e d\u011bti a \u017eeny, a\u017e budou zn\u00e1sil\u0148ov\u00e1ny? Nev\u00ed\u0161, \u017ee se p\u0159ipravuje Norimberk 2? V celosv\u011btov\u00e9m m\u011b\u0159\u00edtku prokazuj\u00ed tyto n\u00e1rody nejni\u017e\u0161\u00ed IQ na \u00farovni lehk\u00e9 ment\u00e1ln\u00ed retardace. Dal\u0161\u00ed invaze bude z Maroka, Banglad\u00e9\u0161e, P\u00e1kist\u00e1nu a Indie. Jde o smlouvu z Brusele. Kdysi jsme m\u011bli dokonale chr\u00e1n\u011bn\u00e9 hranice. U\u017e v\u00e1m doch\u00e1z\u00ed, pro\u010d se zru\u0161ila arm\u00e1da a otev\u0159ely hranice doko\u0159\u00e1n? Z Brusele nen\u00ed t\u0159eba odch\u00e1zet, rozpad\u00e1 se sama. Je\u0161t\u011b neuzr\u00e1l \u010das, jak \u0159\u00edk\u00e1 Orb\u00e1n.<\/p>\n<p>Druh\u00fdm d\u016fvodem je z\u00e1kaz plynu a z\u00e1kaz topen\u00ed ve\u0161ker\u00fdm \/!\/ palivem kv\u016fli uhl\u00edkov\u00e9 stop\u011b. P\u0159itom n\u00e1m zat\u00edm p\u0159it\u00e9k\u00e1 2x v\u00edc rusk\u00e9ho plynu ne\u017e loni. Od roku 2027 bude definitivn\u011b zak\u00e1z\u00e1n rusk\u00fd plyn. Vid\u011bli jste, \u017ee by dvousvetrovka v parlamentu mrzla a m\u011bla dva svetry?<\/p>\n<p>Od doby, kdy za\u010dal v New Yorku vl\u00e1dnout muslim, je tam neuklizen\u00fd zamrzl\u00fd sn\u00edh, led a hory odpadk\u016f. Nikdo neodv\u00e1\u017e\u00ed popelnice, pytle pln\u00e9 odpadk\u016f zavaz\u00ed na chodn\u00edc\u00edch. Am\u00edk\u016f je tam m\u00e9n\u011b ne\u017e muslim\u016f, proto vyhr\u00e1l tento &#8222;host&#8220;. Donald n\u00e1s zbyte\u010dn\u011b nevaruje. P\u0159esto se polovina n\u00e1roda t\u011b\u0161\u00ed na tyto hosty&#8230; Desetitis\u00edce lid\u00ed tam doma mrznou bez topen\u00ed a tepl\u00e9 vody.<\/p>\n<p>V USA se vyr\u00e1b\u00ed jen 2% elektroaut kv\u016fli velk\u00e9mu nez\u00e1jmu. V\u00fdroba neskon\u010d\u00ed, dokud budou dotace&#8230;<\/p>\n<p>Nestl\u00e9 a dal\u0161\u00ed v\u00fdrobci d\u011btsk\u00e9 v\u00fd\u017eivy museli st\u00e1hnout sv\u00e9 v\u00fdrobky, obsahuj\u00edc\u00ed toxiny. Pam\u011btn\u00edci velmi dob\u0159e v\u011bd\u00ed, \u017ee v ka\u017ed\u00e9m podniku, kde se zpracov\u00e1valy potraviny, byla velmi p\u0159\u00edsn\u00e1 kontrola, kter\u00e1 nep\u0159etr\u017eit\u011b po celou pracovn\u00ed dobu sledovala kvalitu potravin, aby odpov\u00eddala nejp\u0159\u00edsn\u011bj\u0161\u00ed norm\u011b na sv\u011bt\u011b?<\/p>\n<p>Kanada schv\u00e1lila geneticky modifikovan\u00e9 vep\u0159ov\u00e9 maso pro lidskou spot\u0159ebu. Maso poch\u00e1z\u00ed z geneticky upraven\u00fdch zv\u00ed\u0159at \/o\u010dkov\u00e1n\u00edm, krmivem\/. Bude prod\u00e1v\u00e1no bez ozna\u010den\u00ed. Kalergi by m\u011bl radost.<\/p>\n<p>EU zakazuje ke\u010dup, majon\u00e9zu, ho\u0159\u010dici, cukr, smetanu aj. v mal\u00fdch obalech. Tak tohle je ten probl\u00e9m, kter\u00fd tr\u00e1p\u00ed p\u016fl milionu obyvatel EU?<\/p>\n<p>V Bruseli pracuje 60 000 lid\u00ed. P\u0159esto p\u0159ij\u00edmaj\u00ed dal\u0161\u00edch 2 500 \u00fa\u0159edn\u00edk\u016f. Proto pot\u0159ebuj\u00ed i v\u00edce pen\u011bz z na\u0161ich dan\u00ed. Vid\u011bli jste v Evrop\u011b tak obrovskou budovu, \u017ee se do n\u00ed vejde cel\u00e9 mal\u00e9 m\u011bste\u010dko?<\/p>\n<p>Makaron i Merz za\u010d\u00ednaj\u00ed obracet a cht\u011bj\u00ed jednat s Putinem. Merz tvrd\u00ed, \u017ee Evropa pot\u0159ebuje levn\u011bj\u0161\u00ed energie. P\u0159itom chce prosazovat f\u00e9rovou ekonomickou sout\u011b\u017e proti levn\u00e9mu dovozu z oblast\u00ed mimo EU? Tak co vlastn\u011b chce? M\u00edr a prosperitu krachuj\u00edc\u00edho N\u011bmecka nebo v\u00e1lku? \u017de by kone\u010dn\u011b aspo\u0148 Makaron pochopil, \u017ee kon\u010d\u00ed Star\u00fd sv\u011bt a za\u010d\u00edn\u00e1 Nov\u00fd?<\/p>\n<p>Jeden Had se pro\u0159ekl, \u017ee d\u00edky arogantn\u00edmu chov\u00e1n\u00ed k politik\u016fm si apan\u00e1\u017e politru\u010dka sama vynutila! Skute\u010dn\u011b nen\u00ed Dikt\u00e1tor pod pantoflem?<\/p>\n<p>EU pl\u00e1nuje, \u017ee ukrajinsk\u00e1 arm\u00e1da ochr\u00e1n\u00ed Evropu. P\u0159itom Zelen\u00e1\u010d n\u00e1sil\u00edm odvl\u00e9k\u00e1 ka\u017ed\u00e9ho mu\u017ee bez ohledu na v\u011bk, aby v\u016fbec n\u011bkdo v\u00e1l\u010dil. Ukrajinsk\u00e1 arm\u00e1da m\u00e1 nahradit kon\u010d\u00edc\u00ed NATO. Nebo by \u0161lo o &#8222;arm\u00e1du&#8220; slo\u017eenou z banderovc\u016f, kdy oproti nim byl \u00c1da skute\u010dn\u011b hodn\u00fd str\u00fd\u010dek? B\u016fh n\u00e1s ochra\u0148uj!<br \/>\nEU Ma\u010farsku zakazuje hlasovat o tom, aby Ukrajina nemohla do EU. Jej\u00edm vstupem do EU v\u0161echny st\u00e1ty EU maj\u00ed povinnost p\u0159eb\u00edrat ve\u0161ker\u00e9 jej\u00ed astronomick\u00e9 dluhy spolu s n\u00e1sledky v\u00e1lky. Orb\u00e1ne, \u010das k rozpadu EU se nezadr\u017eiteln\u011b bl\u00ed\u017e\u00ed.<\/p>\n<p>Bulha\u0159i si st\u011b\u017euj\u00ed, \u017ee od zaveden\u00ed Eura ztratili n\u00e1rodn\u00ed suverenitu, v\u0161e se zdra\u017eilo a jsou sv\u00e1z\u00e1ni s dluhem EU. P\u0159ed vstupem do EU to byla raj\u010datov\u00e1 velmoc, dnes je mus\u00ed dov\u00e1\u017eet.<\/p>\n<p>V p\u00e1kist\u00e1nsk\u00e9 komunit\u011b v Brit\u00e1nii, jej\u00ed\u017e n\u00e1v\u0161t\u011bva \u010dek\u00e1 i n\u00e1s, je drtiv\u00e1 v\u011bt\u0161ina genetick\u00fdch vad u t\u00e9to n\u00e1rodnosti. P\u0159\u00edbuzensk\u00e9 s\u0148atky p\u0159in\u00e1\u0161ej\u00ed fyzick\u00e1 a ment\u00e1ln\u00ed posti\u017een\u00ed. V m\u011bstech, kde p\u0159eva\u017euje tato komunita, jsou tyto s\u0148atky otev\u0159en\u011b podporov\u00e1ny.<\/p>\n<p>Necht\u011bl jsem v\u011b\u0159it, \u017ee politicky z\u00e1visl\u00ed soudci zav\u00edraj\u00ed jen kv\u016fli jednomu p\u00edsmenku. Je trestn\u00fdm \u010dinem podle z\u00e1kon\u00edku no\u0161en\u00ed jednoho p\u00edsmena na oble\u010den\u00ed? Schv\u00e1lil-li to n\u011bkdo, pak mus\u00ed b\u00fdt du\u0161evn\u011b chor\u00fd a do politiky v\u016fbec nepat\u0159\u00ed. T\u00fdk\u00e1 se i takov\u00fdch soudc\u016f. A je\u0161t\u011b tomu tlesk\u00e1 polovina n\u00e1roda. Tak proto je m\u00e1lo psychiatr\u016f&#8230;<\/p>\n<p>EU p\u0159evzala spl\u00e1cen\u00ed dluhu Ukrajin\u011b ve v\u00fd\u0161i 90 milion\u016f Eur. \u0160koda, \u017ee neexistuje z\u00e1kon o hmotn\u00e9 odpov\u011bdnosti politik\u016f, v\u0161ichni by byli bezdomovci.<\/p>\n<p>2x v\u00edc o\u010dkovan\u00e9 D\u00e1nsko m\u00e1 2x hor\u0161\u00ed pr\u016fb\u011bh leto\u0161n\u00ed ch\u0159ipky ne\u017e 2x m\u00e9n\u011b proo\u010dkovan\u00e1 \u010cR. Tak\u00e9 Irsko a \u0160pan\u011blsko dokazuj\u00ed, \u017ee ch\u0159ipka neovliv\u0148uje \u017e\u00e1dn\u00e9 o\u010dkov\u00e1n\u00ed. Tohle v\u0161echno &#8222;zapomn\u011bla&#8220; \u0159\u00edct soudru\u017eka B\u00e1belov\u00e1 v po\u0159adu V\u00e9ny Moravcov\u00e9 Moje odpov\u011bdi. Ve \u0160pan\u011blsku, kde je v\u00edc horko ne\u017e zimy, je t\u00e9m\u011b\u0159 5x vy\u0161\u0161\u00ed \u00famrtnost na ch\u0159ipku ne\u017e v \u010cR.<\/p>\n<p>\u010c\u00e1ste\u010dn\u00fd seznam prezidentov\u00fdch poradc\u016f: vlastizr\u00e1dkyn\u011b a prosazovatelka cenzury soudru\u017eka Courov\u00e1, skute\u010dn\u00fd prezident-protoKol\u00e1\u0159, nula Pehe \/kdo to vlastn\u011b je?\/, darmo\u0161lap, kter\u00fd v \u017eivot\u011b nepracoval a nev\u00ed, jak vypad\u00e1 lopata-soudruh \u017dantovsk\u00fd.<\/p>\n<p>Den\u00edk N pojmenoval ned\u011bln\u00ed pokryteckou fra\u0161ku na FB p\u0159esn\u011b: &#8222;37 let po listopadu 1989, kdy lid\u00e9 demonstrovali proti bol\u0161evik\u016fm za svobodn\u00e9 volby, se v Praze demonstruje za bol\u0161evika proti v\u00fdsledku svobodn\u00fdch voleb.&#8220; To nevymysl\u00ed\u0161. V\u00e9no, pro\u010d tak usedav\u011b pl\u00e1\u010de\u0161?<\/p>\n<p><a href=\"https:\/\/www.czechfreepress.cz\/dalsi-blogy\/dopis-prezidentovi-protokolar-sokuje-svym-prohlasenim.html\">Miroslav Petr<\/a><\/p>\n<p>&nbsp;<\/p>\n","protected":false},"excerpt":{"rendered":"<p>Stru\u010dn\u00fd v\u00fdpis dopisu z internetu, psan\u00fd nejen prezidentovi, ale aby o n\u011bm v\u011bd\u011bl cel\u00fd n\u00e1rod&#8230;.<\/p>\n","protected":false},"author":2,"featured_media":98257,"comment_status":"closed","ping_status":"closed","sticky":false,"template":"","format":"standard","meta":[],"categories":[6],"tags":[680,4438,1503,1173,122],"_links":{"self":[{"href":"https:\/\/www.infokuryr.cz\/n\/wp-json\/wp\/v2\/posts\/99778"}],"collection":[{"href":"https:\/\/www.infokuryr.cz\/n\/wp-json\/wp\/v2\/posts"}],"about":[{"href":"https:\/\/www.infokuryr.cz\/n\/wp-json\/wp\/v2\/types\/post"}],"author":[{"embeddable":true,"href":"https:\/\/www.infokuryr.cz\/n\/wp-json\/wp\/v2\/users\/2"}],"replies":[{"embeddable":true,"href":"https:\/\/www.infokuryr.cz\/n\/wp-json\/wp\/v2\/comments?post=99778"}],"version-history":[{"count":0,"href":"https:\/\/www.infokuryr.cz\/n\/wp-json\/wp\/v2\/posts\/99778\/revisions"}],"wp:featuredmedia":[{"embeddable":true,"href":"https:\/\/www.infokuryr.cz\/n\/wp-json\/wp\/v2\/media\/98257"}],"wp:attachment":[{"href":"https:\/\/www.infokuryr.cz\/n\/wp-json\/wp\/v2\/media?parent=99778"}],"wp:term":[{"taxonomy":"category","embeddable":true,"href":"https:\/\/www.infokuryr.cz\/n\/wp-json\/wp\/v2\/categories?post=99778"},{"taxonomy":"post_tag","embeddable":true,"href":"https:\/\/www.infokuryr.cz\/n\/wp-json\/wp\/v2\/tags?post=99778"}],"curies":[{"name":"wp","href":"https:\/\/api.w.org\/{rel}","templated":true}]}}