{"id":99759,"date":"2026-02-18T00:13:32","date_gmt":"2026-02-17T23:13:32","guid":{"rendered":"https:\/\/www.infokuryr.cz\/n\/?p=99759"},"modified":"2026-02-17T12:34:33","modified_gmt":"2026-02-17T11:34:33","slug":"erik-best-mluvka-lipavsky","status":"publish","type":"post","link":"https:\/\/www.infokuryr.cz\/n\/2026\/02\/18\/erik-best-mluvka-lipavsky\/","title":{"rendered":"Erik Best: Mluvka Lipavsk\u00fd"},"content":{"rendered":"<div id=\"fb-root\"><\/div>\n<p>Europoslanec Alexandr Vondra (ODS)\u00a0<a href=\"https:\/\/www.fsfinalword.cz\/?page=archive&amp;show=1&amp;day=2026-2-12\" target=\"_blank\" rel=\"noopener\">opra\u0161uje argumenty<\/a>\u00a0z\u00a0\u00e9ry George W. Bushe na podporu obrann\u00fdch z\u00e1jm\u016f USA a\u00a0v\u0161ude,\u00a0<a href=\"https:\/\/plus.rozhlas.cz\/nedodrzovani-zavazku-vyprazdnuje-nato-rika-vondra-hlavni-je-konsolidace-ceska-9596108\" target=\"_blank\" rel=\"noopener\">kam chod\u00ed<\/a>, varuje, \u017ee pln\u011bn\u00ed americk\u00fdch po\u017eadavk\u016f je z\u00e1sadn\u00ed pro budoucnost Severoatlantick\u00e9 aliance.<\/p>\n<p>Stejn\u011b jako v\u00a0letech 2006-2008 ani te\u010f Vondra nevyn\u00e1\u0161\u00ed jm\u00e9na konkr\u00e9tn\u00edch americk\u00fdch p\u0159edstavitel\u016f, kte\u0159\u00ed mu takov\u00e9 my\u0161lenky nasazuj\u00ed do hlavy. To v\u0161ak neplat\u00ed pro jednoho z\u00a0jeho n\u00e1stupc\u016f na post ministra zahrani\u010d\u00ed Jana Lipavsk\u00e9ho (nestr. za ODS). V\u00a0p\u00e1tek v\u00a0<a href=\"https:\/\/www.iprima.cz\/serialy\/360\/360-5\/44-360\" target=\"_blank\" rel=\"noopener\">CNN Prima News<\/a>\u00a0\u0159ekl, \u017ee se na jedn\u00e9 spole\u010densk\u00e9 akci m\u011bl mo\u017enost potkat s\u00a0americk\u00fdm velvyslancem Nicholasem Merrickem a\u00a0ten pr\u00fd byl \u201evelmi rozezlen\u00fd t\u00edm, jak\u00fdm zp\u016fsobem tato vl\u00e1da p\u0159istupuje k\u00a0obran\u011b a\u00a0k bezpe\u010dnosti\u201c.<\/p>\n<p>M\u011bl t\u00edm na mysli tvrzen\u00ed, \u017ee c\u00edl NATO ve v\u00fd\u0161i 5 % je z\u00e1vazkem Fialova kabinetu, a\u00a0nikoli jej\u00edm vlastn\u00edm. Poslanec Radek Vondr\u00e1\u010dek (ANO), kter\u00fd \u0161\u00e9fuje zahrani\u010dn\u00edmu v\u00fdboru Sn\u011bmovny, se ohradil s\u00a0t\u00edm, \u017ee n\u00e1m pan Lipavsk\u00fd nalh\u00e1v\u00e1 n\u011bco o\u00a0postoj\u00edch americk\u00e9ho velvyslance a\u00a0\u017ee se s\u00a0n\u00edm tak\u00e9 setkal.<\/p>\n<p>Merrick minul\u00fd m\u011bs\u00edc v\u00a0Kalifornii prohl\u00e1sil, \u017ee sou\u010d\u00e1st\u00ed jeho pr\u00e1ce je b\u00fdt \u201e<a href=\"https:\/\/www.youtube.com\/watch?v=GMoc2GgUONE&amp;t=811s\" target=\"_blank\" rel=\"noopener\">partnerem pro odpov\u011bdnost<\/a>\u201c, kter\u00fd \u010cech\u016fm pom\u00e1h\u00e1 dodr\u017eovat jejich z\u00e1vazky. Bu\u010f tedy ka\u017ed\u00e9mu \u0159\u00edk\u00e1 jen to, co sly\u0161et chce, anebo n\u011bkte\u0159\u00ed z\u00a0nich neposlouchaj\u00ed, co jim \u0159\u00edk\u00e1.<\/p>\n<p><a href=\"https:\/\/www.fsfinalword.cz\/?page=archive&amp;day=2026-02-17&amp;utm_source=utm_source%3Dnewsletter&amp;utm_medium=utm_medium%3De-mail&amp;utm_campaign=utm_campaign%3Dfinal_word_17.2.2026\">Erik Best<\/a><\/p>\n<p><img decoding=\"async\" loading=\"lazy\" class=\"alignnone  wp-image-1179\" src=\"http:\/\/www.infokuryr.cz\/n\/wp-content\/uploads\/2021\/04\/erik-best.jpg\" alt=\"\" width=\"120\" height=\"135\" \/><\/p>\n<p>&nbsp;<\/p>\n","protected":false},"excerpt":{"rendered":"<p>Europoslanec Alexandr Vondra (ODS)\u00a0opra\u0161uje argumenty\u00a0z\u00a0\u00e9ry George W. Bushe na podporu obrann\u00fdch z\u00e1jm\u016f USA a\u00a0v\u0161ude,\u00a0kam chod\u00ed,&#8230;<\/p>\n","protected":false},"author":2,"featured_media":63440,"comment_status":"closed","ping_status":"closed","sticky":false,"template":"","format":"standard","meta":[],"categories":[6],"tags":[1503,1486,5272],"_links":{"self":[{"href":"https:\/\/www.infokuryr.cz\/n\/wp-json\/wp\/v2\/posts\/99759"}],"collection":[{"href":"https:\/\/www.infokuryr.cz\/n\/wp-json\/wp\/v2\/posts"}],"about":[{"href":"https:\/\/www.infokuryr.cz\/n\/wp-json\/wp\/v2\/types\/post"}],"author":[{"embeddable":true,"href":"https:\/\/www.infokuryr.cz\/n\/wp-json\/wp\/v2\/users\/2"}],"replies":[{"embeddable":true,"href":"https:\/\/www.infokuryr.cz\/n\/wp-json\/wp\/v2\/comments?post=99759"}],"version-history":[{"count":0,"href":"https:\/\/www.infokuryr.cz\/n\/wp-json\/wp\/v2\/posts\/99759\/revisions"}],"wp:featuredmedia":[{"embeddable":true,"href":"https:\/\/www.infokuryr.cz\/n\/wp-json\/wp\/v2\/media\/63440"}],"wp:attachment":[{"href":"https:\/\/www.infokuryr.cz\/n\/wp-json\/wp\/v2\/media?parent=99759"}],"wp:term":[{"taxonomy":"category","embeddable":true,"href":"https:\/\/www.infokuryr.cz\/n\/wp-json\/wp\/v2\/categories?post=99759"},{"taxonomy":"post_tag","embeddable":true,"href":"https:\/\/www.infokuryr.cz\/n\/wp-json\/wp\/v2\/tags?post=99759"}],"curies":[{"name":"wp","href":"https:\/\/api.w.org\/{rel}","templated":true}]}}