{"id":99755,"date":"2026-02-18T00:24:19","date_gmt":"2026-02-17T23:24:19","guid":{"rendered":"https:\/\/www.infokuryr.cz\/n\/?p=99755"},"modified":"2026-02-17T12:21:03","modified_gmt":"2026-02-17T11:21:03","slug":"tunisky-recidivista-odsouzen-ve-francii-za-znasilneni-a-unos-15lete-ukrajinske-uprchlice","status":"publish","type":"post","link":"https:\/\/www.infokuryr.cz\/n\/2026\/02\/18\/tunisky-recidivista-odsouzen-ve-francii-za-znasilneni-a-unos-15lete-ukrajinske-uprchlice\/","title":{"rendered":"Tunisk\u00fd recidivista odsouzen ve Francii za zn\u00e1siln\u011bn\u00ed a \u00fanos 15let\u00e9 ukrajinsk\u00e9 uprchlice"},"content":{"rendered":"<div id=\"fb-root\"><\/div>\n<h3 class=\"s-tagline fw-tagline\"><span dir=\"auto\">Ob\u011b\u0165 teprve ned\u00e1vno dorazila do Francie se svou matkou<\/span><\/h3>\n<div class=\"e-ct-outer\">\n<div class=\"entry-content rbct clearfix is-highlight-shares\">\n<p><span dir=\"auto\">Osmadvacetilet\u00fd tunisk\u00fd migrant byl ve Francii odsouzen porotn\u00edm soudem v Seine-et-Marne k 15 let\u016fm v\u011bzen\u00ed za zn\u00e1siln\u011bn\u00ed a \u00fanos ukrajinsk\u00e9 st\u0159edo\u0161kola\u010dky v Meaux v \u010dervnu 2024.<\/span><\/p>\n<p><span dir=\"auto\">Odsouzen\u00fd mu\u017e byl v dob\u011b \u00fatoku ji\u017e vyho\u0161t\u011bn a \u00fa\u0159ad\u016fm byl zn\u00e1m pro p\u0159edchoz\u00ed trestn\u00e9 \u010diny, v\u010detn\u011b kr\u00e1de\u017ee a sexu\u00e1ln\u00edho napaden\u00ed. P\u0159edt\u00edm byl odsouzen k 18 m\u011bs\u00edc\u016fm podm\u00edn\u011bn\u00e9ho trestu za sexu\u00e1ln\u00ed napaden\u00ed dvou \u017een v pa\u0159\u00ed\u017esk\u00e9m metru a tento trest si odpyk\u00e1val i v dob\u011b zn\u00e1siln\u011bn\u00ed.<\/span><\/p>\n<p><span dir=\"auto\">Jak informoval den\u00edk\u00a0<\/span><a href=\"https:\/\/www.lefigaro.fr\/faits-divers\/seine-et-marne-un-tunisien-sous-oqtf-condamne-a-15-ans-de-prison-pour-le-viol-d-une-lyceenne-ukrainienne-20260216\"><span dir=\"auto\">Le Figaro<\/span><\/a><span dir=\"auto\">\u00a0, k \u00fatoku do\u0161lo 27. \u010dervna 2024, kdy patn\u00e1ctiletou ukrajinskou studentku, kter\u00e1 ned\u00e1vno p\u0159ijela do Francie se svou matkou po \u00fat\u011bku p\u0159ed ruskou invaz\u00ed do sv\u00e9 vlasti, v Meaux oslovil mu\u017e. Zavedl ji do sv\u00e9ho bytu v centru m\u011bsta na drink.<\/span><\/p>\n<p><span dir=\"auto\">Jakmile se dostala do bytu, byla zn\u00e1siln\u011bna. Zat\u00edmco se \u00fato\u010dn\u00edk sprchoval, d\u00edvce se poda\u0159ilo uprchnout. Uv\u011bzn\u011bn\u00e1 za sklen\u011bn\u00fdmi dve\u0159mi v p\u0159\u00edzem\u00ed za\u010dala k\u0159i\u010det o pomoc. Kolemjdouc\u00ed upozornil jin\u00e9ho mu\u017ee, kter\u00fd rozbil sklen\u011bn\u00e9 dve\u0159e, aby ji osvobodil.<\/span><\/p>\n<p><span dir=\"auto\">Ob\u011b\u0165 a \u017eena, kter\u00e1 j\u00ed pom\u00e1hala, se pot\u00e9 uch\u00fdlily do nedalek\u00e9 restaurace, kde d\u00edvka zavolala sv\u00e9 matce a sv\u011bdci kontaktovali z\u00e1chrann\u00e9 slo\u017eky.<\/span><\/p>\n<p><span dir=\"auto\">Ob\u011b\u0165 byla se zran\u011bn\u00edmi p\u0159evezena do nemocnice a m\u00edstn\u00ed \u00fa\u0159ady podez\u0159el\u00e9ho zatkly pozd\u011bji t\u00e9ho\u017e dne.<\/span><\/p>\n<p><span dir=\"auto\">Pozd\u011bji se uk\u00e1zalo, \u017ee tunisk\u00fd st\u00e1tn\u00ed p\u0159\u00edslu\u0161n\u00edk nem\u011bl pr\u00e1vo pob\u00fdvat ve Francii a v policejn\u00ed datab\u00e1zi se objevil 15kr\u00e1t kv\u016fli p\u0159edchoz\u00edm trestn\u00fdm \u010din\u016fm.<\/span><\/p>\n<p><span dir=\"auto\">Francouzsk\u00e1 m\u00e9dia informovala, jak ob\u017ealovan\u00fd b\u011bhem soudn\u00edho procesu ml\u010del, ale pozd\u011bji se p\u0159iznal k pou\u017eit\u00ed n\u00e1sil\u00ed v\u016f\u010di \u0161kola\u010dce a k \u00fanosu. Odm\u00edtl se v\u0161ak p\u0159iznat ke zn\u00e1siln\u011bn\u00ed, a\u010dkoli uznal, \u017ee ob\u011b\u0165 s pohlavn\u00edm stykem v\u00fdslovn\u011b nesouhlasila.<\/span><\/p>\n<p><span dir=\"auto\">\u201eOb\u011b\u0165 tento proces velmi o\u010dek\u00e1vala, ale co se t\u00fd\u010de vysv\u011btlen\u00ed, nesplnil jej\u00ed o\u010dek\u00e1v\u00e1n\u00ed. Je to pon\u011bkud frustruj\u00edc\u00ed a znepokojiv\u00e9. Doufali jsme alespo\u0148 v n\u011bjak\u00e9 posouzen\u00ed,\u201c \u0159ekl pr\u00e1vn\u00edk ob\u011bti po vynesen\u00ed rozsudku.<\/span><\/p>\n<p><span dir=\"auto\">B\u011bhem soudn\u00edho procesu nyn\u00ed sedmn\u00e1ctilet\u00e1 ob\u011b\u0165 p\u0159iznala, \u017ee mu\u017ee dobrovoln\u011b doprovodila do jeho bytu. Uvedla, \u017ee pozd\u011bji nad t\u00edmto rozhodnut\u00edm hluboce litovala.<\/span><\/p>\n<p><span dir=\"auto\">Krom\u011b dlouh\u00e9ho trestu odn\u011bt\u00ed svobody je Tunisanovi tak\u00e9 trvale zak\u00e1z\u00e1n vstup na francouzsk\u00e9 \u00fazem\u00ed.<\/span><\/p>\n<p><span dir=\"auto\">V\u00edce ne\u017e 18 m\u011bs\u00edc\u016f po \u00fatoku z\u016fst\u00e1v\u00e1 ob\u011b\u0165 na \u010dekac\u00ed listin\u011b na psychologick\u00e9 poradenstv\u00ed.<\/span><\/p>\n<p><img decoding=\"async\" loading=\"lazy\" class=\"alignnone size-full wp-image-1185\" src=\"http:\/\/www.infokuryr.cz\/n\/wp-content\/uploads\/2021\/04\/kuryr-podpis.png\" alt=\"\" width=\"84\" height=\"24\" \/><\/p>\n<p>&nbsp;<\/p>\n<\/div>\n<\/div>\n","protected":false},"excerpt":{"rendered":"<p>Ob\u011b\u0165 teprve ned\u00e1vno dorazila do Francie se svou matkou Osmadvacetilet\u00fd tunisk\u00fd migrant byl ve Francii&#8230;<\/p>\n","protected":false},"author":2,"featured_media":99756,"comment_status":"closed","ping_status":"closed","sticky":false,"template":"","format":"standard","meta":[],"categories":[7],"tags":[130,551,3177,366],"_links":{"self":[{"href":"https:\/\/www.infokuryr.cz\/n\/wp-json\/wp\/v2\/posts\/99755"}],"collection":[{"href":"https:\/\/www.infokuryr.cz\/n\/wp-json\/wp\/v2\/posts"}],"about":[{"href":"https:\/\/www.infokuryr.cz\/n\/wp-json\/wp\/v2\/types\/post"}],"author":[{"embeddable":true,"href":"https:\/\/www.infokuryr.cz\/n\/wp-json\/wp\/v2\/users\/2"}],"replies":[{"embeddable":true,"href":"https:\/\/www.infokuryr.cz\/n\/wp-json\/wp\/v2\/comments?post=99755"}],"version-history":[{"count":0,"href":"https:\/\/www.infokuryr.cz\/n\/wp-json\/wp\/v2\/posts\/99755\/revisions"}],"wp:featuredmedia":[{"embeddable":true,"href":"https:\/\/www.infokuryr.cz\/n\/wp-json\/wp\/v2\/media\/99756"}],"wp:attachment":[{"href":"https:\/\/www.infokuryr.cz\/n\/wp-json\/wp\/v2\/media?parent=99755"}],"wp:term":[{"taxonomy":"category","embeddable":true,"href":"https:\/\/www.infokuryr.cz\/n\/wp-json\/wp\/v2\/categories?post=99755"},{"taxonomy":"post_tag","embeddable":true,"href":"https:\/\/www.infokuryr.cz\/n\/wp-json\/wp\/v2\/tags?post=99755"}],"curies":[{"name":"wp","href":"https:\/\/api.w.org\/{rel}","templated":true}]}}