{"id":99687,"date":"2026-02-17T00:16:58","date_gmt":"2026-02-16T23:16:58","guid":{"rendered":"https:\/\/www.infokuryr.cz\/n\/?p=99687"},"modified":"2026-02-16T10:40:15","modified_gmt":"2026-02-16T09:40:15","slug":"jiri-paroubek-prazska-kavarenska-sedlina-utoci-koordinovane-na-ministra-macinku","status":"publish","type":"post","link":"https:\/\/www.infokuryr.cz\/n\/2026\/02\/17\/jiri-paroubek-prazska-kavarenska-sedlina-utoci-koordinovane-na-ministra-macinku\/","title":{"rendered":"Ji\u0159\u00ed Paroubek: Pra\u017esk\u00e1 kav\u00e1rensk\u00e1 sedlina \u00fato\u010d\u00ed koordinovan\u011b na ministra Macinku"},"content":{"rendered":"<div id=\"fb-root\"><\/div>\n<p><strong>Ministr Macinka se odv\u00e1\u017eil opravdu hodn\u011b. Na Mnichovsk\u00e9 bezpe\u010dnostn\u00ed konferenci odporoval pon\u011bkud demagogick\u00e9 b\u00fdval\u00e9 ministryni zahrani\u010dn\u00edch v\u011bc\u00ed USA a b\u00fdval\u00e9 kandid\u00e1tce na \u00fa\u0159ad prezidenta Spojen\u00fdch st\u00e1t\u016f USA Hillary Clintonov\u00e9. To se opravdu ned\u011bl\u00e1&#8230; Stejn\u011b tak se nem\u00e1 zpochyb\u0148ovat proces nominace evropsk\u00fdch komisa\u0159\u016f jednotliv\u00fdmi \u010dlensk\u00fdmi st\u00e1ty. V tomto punktu se Macinka pustil do k\u0159\u00ed\u017eku s polsk\u00fdm ministrem zahrani\u010d\u00ed Sikorskim. To v\u0161e se stalo v r\u00e1mci jednoho panelu Mnichovsk\u00e9 bezpe\u010dnostn\u00ed konference.<\/strong><\/p>\n<p style=\"font-weight: 400;\">Cel\u00e9 z\u00e1le\u017eitosti se ihned chytil \u010desk\u00fd medi\u00e1ln\u00ed mainstream a tak\u00e9 parlamentn\u00ed opozice v kompletn\u00edm slo\u017een\u00ed od pir\u00e1t\u016f a\u017e po ODS. A spustila na ministra Macinku bubnovou palbu. Skoro nebyl, kdo by se jej zastal. A p\u0159itom mn\u011b se argumenty pana ministra zd\u00e1ly velmi\u00a0 rozumn\u00e9.<\/p>\n<p style=\"font-weight: 400;\">Pokud jde o Hillary Clintonovou, ta\u00a0 hovo\u0159ila o tom, jak Ukrajina bojuje za demokracii a tak\u00e9 za n\u00e1s, a to\u00a0 v situaci, kdy jsou vra\u017ed\u011bni Rusy jej\u00ed ob\u010dan\u00e9&#8230; Jak jinak. Ano, v\u00e1lka je opravdu nechutn\u00e1 v\u011bc. Ale ameri\u010dt\u00ed demokrat\u00e9, do jejich\u017e t\u00e1bora Clintonov\u00e1 pat\u0159\u00ed, by si m\u011bli p\u0159iznat sv\u016fj d\u00edl odpov\u011bdnosti za vznik vra\u017eedn\u00e9ho konfliktu na v\u00fdchod\u011b Evropy. Oni to byli p\u0159edev\u0161\u00edm, kdo nerespektovali obavy Ruska, mohutn\u00e9 nukle\u00e1rn\u00ed velmoci, z posunov\u00e1n\u00ed hranic NATO d\u00e1l a d\u00e1l na v\u00fdchod.\u00a0 K \u010demu bylo dobr\u00e9 provokovat Rusy?<\/p>\n<p style=\"font-weight: 400;\">Severoatlantick\u00fd pakt vznikl jako obrann\u00e9 souru\u010denstv\u00ed v 50. letech, aby \u010delil rozp\u00ednavosti Sov\u011btsk\u00e9ho svazu. Od t\u00e9 doby se mnoh\u00e9 zm\u011bnilo. Sov\u011btsk\u00fd svaz se rozpadl a vlastn\u011b zde nebyl d\u016fvod, po rozpu\u0161t\u011bn\u00ed Var\u0161avsk\u00e9 smlouvy, aby d\u00e1le existovalo tak\u00e9 NATO&#8230; Alespo\u0148 tak to chv\u00edli i vypadalo. To dokonce p\u0159ipustil, aby pozd\u011bji u\u017e mluvil \u00fapln\u011b jinak, i V\u00e1clav Havel. Tedy v\u00fdhradn\u011b atlanticky. Ano, jsme sou\u010d\u00e1st\u00ed NATO. A tento fakt \u010desk\u00e1 politick\u00e1 elita mus\u00ed respektovat. Z vojensk\u00fdch pakt\u016f se nevystupuje anebo jen za ur\u010ditou, a to velmi t\u011b\u017ekou cenu. Je ot\u00e1zka, jestli m\u00e1 smysl takovou cenu vynakl\u00e1dat. Mysl\u00edm, \u017ee\u00a0 ne. Ale platit do budoucna\u00a0 5% ka\u017edoro\u010dn\u011b ze sv\u00e9ho st\u00e1tn\u00edho rozpo\u010dtu, abychom ud\u011blali radost zbroja\u0159\u016fm v \u0159ad\u011b zem\u00ed sv\u011bta, p\u0159edev\u0161\u00edm pak ve Spojen\u00fdch st\u00e1tech, to u\u017e n\u00e1m nikdo v roce 1999, kdy jsme se stali \u010dleny NATO, ne\u0159ekl. V\u011bd\u011bt to, asi bych nebyl tak nad\u0161en\u00fd z \u010dlenstv\u00ed v tomto paktu.<\/p>\n<p style=\"font-weight: 400;\">\u00a0Nepochybn\u011b ale stra\u0161en\u00ed, je\u017e se oz\u00fdv\u00e1 z \u00fast mnoha p\u0159edstavitel\u016f \u010desk\u00e9 opozice (jak jsem to sly\u0161el dneska mainstreamov\u00fdch m\u00e9di\u00edch), \u017ee kdy\u017e nebudeme platit horentn\u00ed sumy na zbrojen\u00ed, bude zle&#8230;je siln\u011b p\u0159ehnan\u00e9.\u00a0 Ministr Macinka ne\u0161el ve sv\u00fdch z\u00e1v\u011brech na konferenci zdaleka tak daleko jako j\u00e1 v tomto \u010dl\u00e1nku. Nic nezpochyb\u0148oval, tak daleko se ani nedostal. Zpochyb\u0148oval jenom to, \u017ee procesy v\u00a0 Evropsk\u00e9 unii, na z\u00e1klad\u011b kter\u00fdch jsou prov\u00e1d\u011bny nominace eurokomisa\u0159\u016f, jsou \u0161patn\u00e9. Jednozna\u010dn\u011b tento n\u00e1zor podporuji!<\/p>\n<p style=\"font-weight: 400;\">V nomina\u010dn\u00edch procesech, na z\u00e1klad\u011b kter\u00fdch jsou prov\u00e1d\u011bny nominace eurokomisa\u0159\u016f, doch\u00e1z\u00ed ke jmenov\u00e1n\u00ed vesm\u011bs velmi pr\u016fm\u011brn\u00fdch osobnost\u00ed do politick\u00fdch funkc\u00ed mimo\u0159\u00e1dn\u011b v\u00fdznamn\u00e9ho form\u00e1tu. To je nejv\u00edce vid\u011bt na Ursule von der Leyenov\u00e9. Ta byla velmi pr\u016fm\u011brnou ministryn\u00ed obrany a byla snaha se j\u00ed zbavit. Ale jak b\u00fdv\u00e1 v z\u00e1padn\u00ed Evrop\u011b obvykl\u00fdm zvykem, vykopnut\u00edm sm\u011brem nahoru. To se tak\u00e9 stalo a takto byla jmenov\u00e1na v\u011bt\u0161ina evropsk\u00e9 vl\u00e1dy, tedy v\u011bt\u0161ina evropsk\u00fdch komisa\u0159\u016f. To, \u017ee v n\u011bkter\u00fdch p\u0159\u00edpadech jsou to lid\u00e9 na sv\u00e9m m\u00edst\u011b, je sp\u00ed\u0161e v\u00fdjimka, kter\u00e1 potvrzuje pravidlo. V ka\u017ed\u00e9m p\u0159\u00edpad\u011b zp\u016fsob nominace eurokomisa\u0159\u016f je jedn\u00edm z d\u016fvod\u016f politick\u00e9 krize, ve kter\u00e9 se Evropsk\u00e1 unie moment\u00e1ln\u011b nal\u00e9z\u00e1.<\/p>\n<p style=\"font-weight: 400;\">V Evrop\u011b chyb\u00ed osobnosti, jak\u00fdmi byli nap\u0159\u00edklad francouzsk\u00fd prezident Chirak nebo n\u011bmeck\u00fd kancl\u00e9\u0159 Schr\u00f6der anebo n\u011bkdej\u0161\u00ed lucembursk\u00fd p\u0159edseda vl\u00e1dy a posl\u00e9ze \u0161\u00e9f Evropsk\u00e9 komise Juncker. Tyto politiky jsem za\u017eil osobn\u011b a v\u00edm, o \u010dem mluv\u00edm. Byli to politici s \u00farovn\u00ed o t\u0159\u00eddu v\u00fd\u0161e ne\u017eli ti evrop\u0161t\u00ed politici, kter\u00e9 vid\u00edm dnes a denn\u011b na televizn\u00edch obrazovk\u00e1ch.<\/p>\n<p style=\"font-weight: 400;\">\u00datok na ministra Macinku je koordinovan\u00fd, je pot\u0159eba vid\u011bt jej tak\u00e9 v souvislosti s t\u00edm, \u017ee Milion chvilek proti demokracii zorganizoval na des\u00edtk\u00e1ch m\u00edst po cel\u00e9m \u00fazem\u00ed republiky protivl\u00e1dn\u00ed\u00a0 demonstrace.\u00a0 Demonstrace nejsou n\u011bjak zvl\u00e1\u0161\u0165 nav\u0161t\u00edven\u00e9,\u00a0 ale maj\u00ed stup\u0148ovat nebo alespo\u0148 udr\u017eovat nap\u011bt\u00ed ve spole\u010dnosti. J\u00e1 se pt\u00e1m, komu prosp\u00edv\u00e1, \u017ee se spole\u010dnost propracov\u00e1v\u00e1 d\u00edky tomu na \u00farove\u0148 studen\u00e9 ob\u010dansk\u00e9 v\u00e1lky. Je koordinovanou snahou parlamentn\u00edho opozice s jej\u00edm zcela nevyb\u00edrav\u00fdm a konfronta\u010dn\u00edm slovn\u00edkem,\u00a0 prezidenta a n\u00e1tlakov\u00fdch operac\u00ed organizovan\u00fdm spolkem Milion chvilek, za podpory medi\u00e1ln\u00edho mainstreamu, dostat vl\u00e1du pod tlak, aby prosadila co nejm\u00e9n\u011b ze sv\u00e9ho reformn\u00edho programu. A nyla tak ne\u00fasp\u011b\u0161n\u00e1&#8230;.<\/p>\n<p style=\"font-weight: 400;\">Kdy\u017e jsem vid\u011bl ve zpr\u00e1v\u00e1ch TV Nova vy\u017eilou tv\u00e1\u0159 poradce prezidenta \u017dantovsk\u00e9ho, kter\u00fd se sna\u017eil dehonestovat ve sv\u00e9m kr\u00e1tk\u00e9m vystoupen\u00ed zesm\u011b\u0161\u0148uj\u00edc\u00ed p\u0159\u00edsp\u011bvkem ministra Macinku, musel jsem si odplivnout. Pro v\u0161echny p\u0159ipom\u00edn\u00e1m, \u017ee \u017dantovsk\u00fd byl jednu dobu nejvy\u0161\u0161\u00edm p\u0159edstavitelem nejzkorumpovan\u011bj\u0161\u00ed politick\u00e9 strany v zemi, Ob\u010dansk\u00e9 demokratick\u00e9 aliance. Moment\u00e1ln\u011b jsou nejv\u011bt\u0161\u00edm p\u0159edm\u011btem \u00fatoku pra\u017esk\u00e9 kav\u00e1rny a jejich bl\u00edzk\u00fdch spojenc\u016f v m\u00e9di\u00edch, v\u010detn\u011b lid\u00ed jako je \u017dantovsk\u00fd\u00a0 (zkompromitovan\u00fd Petr Kol\u00e1\u0159 se moud\u0159e st\u00e1hl do pozad\u00ed), p\u00e1nov\u00e9 Turek a Macinka. Tyto mu\u017ee, kte\u0159\u00ed projevili politickou odvahu a ka\u017ed\u00fd den j\u00ed opakovan\u011b projevuj\u00ed, je proto pot\u0159eba podpo\u0159it mor\u00e1ln\u011b i politicky.<\/p>\n<p><a href=\"https:\/\/vasevec.info\/domaci-politika\/prazska-kavarenska-sedlina-utoci-koordinovane-na-ministra-macinku\">Ji\u0159\u00ed Paroubek<\/a><\/p>\n<p><img decoding=\"async\" loading=\"lazy\" class=\"alignnone size-medium wp-image-2342\" src=\"http:\/\/www.infokuryr.cz\/n\/wp-content\/uploads\/2021\/06\/paroubek-300x208.jpg\" alt=\"\" width=\"300\" height=\"208\" srcset=\"https:\/\/www.infokuryr.cz\/n\/wp-content\/uploads\/2021\/06\/paroubek-300x208.jpg 300w, https:\/\/www.infokuryr.cz\/n\/wp-content\/uploads\/2021\/06\/paroubek.jpg 318w\" sizes=\"(max-width: 300px) 100vw, 300px\" \/><\/p>\n<p>&nbsp;<\/p>\n","protected":false},"excerpt":{"rendered":"<p>Ministr Macinka se odv\u00e1\u017eil opravdu hodn\u011b. Na Mnichovsk\u00e9 bezpe\u010dnostn\u00ed konferenci odporoval pon\u011bkud demagogick\u00e9 b\u00fdval\u00e9 ministryni&#8230;<\/p>\n","protected":false},"author":2,"featured_media":97714,"comment_status":"closed","ping_status":"closed","sticky":false,"template":"","format":"standard","meta":[],"categories":[6],"tags":[1503,10377,158,1863],"_links":{"self":[{"href":"https:\/\/www.infokuryr.cz\/n\/wp-json\/wp\/v2\/posts\/99687"}],"collection":[{"href":"https:\/\/www.infokuryr.cz\/n\/wp-json\/wp\/v2\/posts"}],"about":[{"href":"https:\/\/www.infokuryr.cz\/n\/wp-json\/wp\/v2\/types\/post"}],"author":[{"embeddable":true,"href":"https:\/\/www.infokuryr.cz\/n\/wp-json\/wp\/v2\/users\/2"}],"replies":[{"embeddable":true,"href":"https:\/\/www.infokuryr.cz\/n\/wp-json\/wp\/v2\/comments?post=99687"}],"version-history":[{"count":0,"href":"https:\/\/www.infokuryr.cz\/n\/wp-json\/wp\/v2\/posts\/99687\/revisions"}],"wp:featuredmedia":[{"embeddable":true,"href":"https:\/\/www.infokuryr.cz\/n\/wp-json\/wp\/v2\/media\/97714"}],"wp:attachment":[{"href":"https:\/\/www.infokuryr.cz\/n\/wp-json\/wp\/v2\/media?parent=99687"}],"wp:term":[{"taxonomy":"category","embeddable":true,"href":"https:\/\/www.infokuryr.cz\/n\/wp-json\/wp\/v2\/categories?post=99687"},{"taxonomy":"post_tag","embeddable":true,"href":"https:\/\/www.infokuryr.cz\/n\/wp-json\/wp\/v2\/tags?post=99687"}],"curies":[{"name":"wp","href":"https:\/\/api.w.org\/{rel}","templated":true}]}}