{"id":99686,"date":"2026-02-17T00:13:48","date_gmt":"2026-02-16T23:13:48","guid":{"rendered":"https:\/\/www.infokuryr.cz\/n\/?p=99686"},"modified":"2026-02-16T10:35:22","modified_gmt":"2026-02-16T09:35:22","slug":"nestaci-vymena-vlady-potrebujeme-zmenu-systemu","status":"publish","type":"post","link":"https:\/\/www.infokuryr.cz\/n\/2026\/02\/17\/nestaci-vymena-vlady-potrebujeme-zmenu-systemu\/","title":{"rendered":"Nesta\u010d\u00ed v\u00fdm\u011bna vl\u00e1dy, pot\u0159ebujeme zm\u011bnu syst\u00e9mu!"},"content":{"rendered":"<div id=\"fb-root\"><\/div>\n<p class=\"western\" align=\"justify\"><strong>N\u00e1rodn\u00ed demokracie v\u00edt\u00e1, \u017ee skon\u010dila Fialova vl\u00e1da. Pr\u00e1v\u011b vl\u00e1du Petra Fialy a jej\u00ed p\u0159edstavitele pova\u017eujeme za to nejv\u011bt\u0161\u00ed zlo, jak\u00e9 v posledn\u00edch desetilet\u00edch p\u016fsobilo na \u00da\u0159adu vl\u00e1dy \u010cR.<\/strong><\/p>\n<p class=\"western\" align=\"justify\">Nicm\u00e9n\u011b ani novou Babi\u0161ovu vl\u00e1du nepova\u017eujeme za dokonalou. Jakkoliv slibuje jednotliv\u00e9 rozumn\u00e9 kroky, je u\u017e te\u010f jasn\u00e9, \u017ee nedok\u00e1\u017ee vy\u0159e\u0161it p\u0159\u00ed\u010diny probl\u00e9m\u016f, a pokud v\u016fbec bude n\u011bco \u0159e\u0161it, tak jen jejich d\u00edl\u010d\u00ed d\u016fsledky. A to nesta\u010d\u00ed.<\/p>\n<p class=\"western\" align=\"justify\">Nesta\u010d\u00ed se postavit proti nov\u00fdm emisn\u00edm povolenk\u00e1m ETS2.\u00a0<strong>Je nutn\u00e9 zru\u0161it i ty sou\u010dasn\u00e9 emisn\u00ed povolenky ETS1<\/strong>, kter\u00e9 n\u00e1m ji\u017e dnes prodra\u017euj\u00ed \u017eivot, a zru\u0161it celou \u201eklimatickou\u201c politiku.<\/p>\n<p class=\"western\" align=\"justify\">Nesta\u010d\u00ed zv\u00fd\u0161it m\u00edru svobody a omezit st\u00edh\u00e1n\u00ed lid\u00ed\u00a0<span lang=\"cs-CZ\">z<\/span>a n\u00e1zor.\u00a0<strong>Mus\u00edme zav\u00e9st \u00faplnou svobodu slova<\/strong>, zcela zru\u0161it gumov\u00e9 paragrafy proti svobod\u011b slova (<i>\u201ehanoben\u00ed\u201c<\/i>,\u00a0<i>\u201epodn\u011bcov\u00e1n\u00ed\u201c<\/i>\u00a0apod.) a o\u010distit ty, kdo za n\u011b byli souzeni za minul\u00fdch vl\u00e1d.<\/p>\n<p class=\"western\" align=\"justify\">Nesta\u010d\u00ed omezit prost\u0159edky pos\u00edlan\u00e9 do v\u00e1lky na Ukrajin\u011b. Je pot\u0159eba zcela ukon\u010dit podporu t\u00e9to v\u00e1lky a h\u00e1jit my\u0161lenku:\u00a0<strong><i>Ani korunu a ani n\u00e1boj na Ukrajinu!<\/i><\/strong><\/p>\n<p class=\"western\" align=\"justify\">A zejm\u00e9na: Nesta\u010d\u00ed \u201eopatrn\u011b kritizovat\u201c EU a NATO, jak to d\u011bl\u00e1 Babi\u0161ova vl\u00e1da.\u00a0<strong>Pokud chceme zachovat na\u0161i st\u00e1tnost a zajistit rozvoj \u010cR, mus\u00edme z EU i NATO vystoupit a st\u00e1t se nez\u00e1visl\u00fdm a neutr\u00e1ln\u00edm st\u00e1tem.<\/strong>\u00a0Dokud toti\u017e budeme pod\u0159\u00edzeni v\u016f\u010di EU a NATO, tak budeme st\u00e1le \u010delit t\u00e9 \u201eklimatick\u00e9\u201c politice, tlaku na cenzuru, na vnucov\u00e1n\u00ed \u201egenderov\u00fdch\u201c nesmysl\u016f, na zatahov\u00e1n\u00ed \u010cR do v\u00e1lky apod.<\/p>\n<p class=\"western\" align=\"justify\">N\u00e1rodn\u00ed demokracie u\u017e od za\u010d\u00e1tku prosazuje zm\u011bnu syst\u00e9mu a vy\u0159e\u0161en\u00ed p\u0159\u00ed\u010din probl\u00e9m\u016f. Z tohoto programu neustoup\u00edme. Nov\u00e1 Babi\u0161ova vl\u00e1da je sice men\u0161\u00edm zlem ne\u017e Fialova, ale to nesta\u010d\u00ed. Pokud chceme, aby se \u010cR stala suver\u00e9nn\u00edm a sob\u011bsta\u010dn\u00fdm st\u00e1tem, mus\u00ed v p\u0159\u00ed\u0161t\u00edch volb\u00e1ch usp\u011bt skute\u010dn\u00e1 alternativa. N\u00e1rodn\u00ed demokracie tuto alternativu nab\u00edz\u00ed. Za na\u0161e postoje jsme museli \u010delit tvrd\u00e9mu tlaku syst\u00e9mu, ale nikdy jsme neuhnuli a neuhneme ani v budoucnu.<\/p>\n<p align=\"justify\"><em><a href=\"https:\/\/narodnidemokracie.cz\/nestaci-vymena-vlady-potrebujeme-zmenu-systemu\/\">N\u00e1rodn\u00ed demokracie<\/a><\/em><\/p>\n<p align=\"justify\"><img decoding=\"async\" loading=\"lazy\" class=\"alignnone size-medium wp-image-89450\" src=\"http:\/\/www.infokuryr.cz\/n\/wp-content\/uploads\/2025\/10\/narodni-demokracie-300x196.jpg\" alt=\"\" width=\"300\" height=\"196\" srcset=\"https:\/\/www.infokuryr.cz\/n\/wp-content\/uploads\/2025\/10\/narodni-demokracie-300x196.jpg 300w, https:\/\/www.infokuryr.cz\/n\/wp-content\/uploads\/2025\/10\/narodni-demokracie.jpg 665w\" sizes=\"(max-width: 300px) 100vw, 300px\" \/><\/p>\n<p align=\"justify\">\n","protected":false},"excerpt":{"rendered":"<p>N\u00e1rodn\u00ed demokracie v\u00edt\u00e1, \u017ee skon\u010dila Fialova vl\u00e1da. Pr\u00e1v\u011b vl\u00e1du Petra Fialy a jej\u00ed p\u0159edstavitele pova\u017eujeme&#8230;<\/p>\n","protected":false},"author":2,"featured_media":720,"comment_status":"closed","ping_status":"closed","sticky":false,"template":"","format":"standard","meta":[],"categories":[6],"tags":[1503,122,99,1266],"_links":{"self":[{"href":"https:\/\/www.infokuryr.cz\/n\/wp-json\/wp\/v2\/posts\/99686"}],"collection":[{"href":"https:\/\/www.infokuryr.cz\/n\/wp-json\/wp\/v2\/posts"}],"about":[{"href":"https:\/\/www.infokuryr.cz\/n\/wp-json\/wp\/v2\/types\/post"}],"author":[{"embeddable":true,"href":"https:\/\/www.infokuryr.cz\/n\/wp-json\/wp\/v2\/users\/2"}],"replies":[{"embeddable":true,"href":"https:\/\/www.infokuryr.cz\/n\/wp-json\/wp\/v2\/comments?post=99686"}],"version-history":[{"count":0,"href":"https:\/\/www.infokuryr.cz\/n\/wp-json\/wp\/v2\/posts\/99686\/revisions"}],"wp:featuredmedia":[{"embeddable":true,"href":"https:\/\/www.infokuryr.cz\/n\/wp-json\/wp\/v2\/media\/720"}],"wp:attachment":[{"href":"https:\/\/www.infokuryr.cz\/n\/wp-json\/wp\/v2\/media?parent=99686"}],"wp:term":[{"taxonomy":"category","embeddable":true,"href":"https:\/\/www.infokuryr.cz\/n\/wp-json\/wp\/v2\/categories?post=99686"},{"taxonomy":"post_tag","embeddable":true,"href":"https:\/\/www.infokuryr.cz\/n\/wp-json\/wp\/v2\/tags?post=99686"}],"curies":[{"name":"wp","href":"https:\/\/api.w.org\/{rel}","templated":true}]}}