{"id":99661,"date":"2026-02-17T00:14:34","date_gmt":"2026-02-16T23:14:34","guid":{"rendered":"https:\/\/www.infokuryr.cz\/n\/?p=99661"},"modified":"2026-02-16T10:01:11","modified_gmt":"2026-02-16T09:01:11","slug":"meta-az-konecne-padne-maska-rozpoznavani-obliceje-v-chytrych-brylich-a-zacatek-trvale-identifikovatelnosti","status":"publish","type":"post","link":"https:\/\/www.infokuryr.cz\/n\/2026\/02\/17\/meta-az-konecne-padne-maska-rozpoznavani-obliceje-v-chytrych-brylich-a-zacatek-trvale-identifikovatelnosti\/","title":{"rendered":"Meta, a\u017e kone\u010dn\u011b padne maska: Rozpozn\u00e1v\u00e1n\u00ed obli\u010deje v chytr\u00fdch br\u00fdl\u00edch a za\u010d\u00e1tek trval\u00e9 identifikovatelnosti"},"content":{"rendered":"<div id=\"fb-root\"><\/div>\n<p><span dir=\"auto\">Co na Facebooku za\u010dalo neviditelnou kontrolou obsahu, nyn\u00ed pokra\u010duje jako dal\u0161\u00ed eskalace:\u00a0<\/span><a href=\"https:\/\/www.nytimes.com\/2026\/02\/13\/technology\/meta-facial-recognition-smart-glasses.html\" target=\"_blank\" rel=\"noreferrer noopener\" data-type=\"link\" data-id=\"https:\/\/www.nytimes.com\/2026\/02\/13\/technology\/meta-facial-recognition-smart-glasses.html\"><span dir=\"auto\">nositeln\u00e9 rozpozn\u00e1v\u00e1n\u00ed obli\u010deje v b\u011b\u017en\u00fdch za\u0159\u00edzen\u00edch<\/span><\/a><span dir=\"auto\">\u00a0. Chytr\u00e9 br\u00fdle s integrovan\u00fdmi kamerami, anal\u00fdzou pomoc\u00ed um\u011bl\u00e9 inteligence a potenci\u00e1ln\u00ed identifikac\u00ed v re\u00e1ln\u00e9m \u010dase ji\u017e nejsou sci-fi sc\u00e9n\u00e1\u0159em \u2013 jsou technicky provediteln\u00e9 a p\u0159ipraven\u00e9 pro trh.<\/span><\/p>\n<p><span dir=\"auto\">A tady za\u010d\u00edn\u00e1 skute\u010dn\u00fd probl\u00e9m.<\/span><\/p>\n<p><span dir=\"auto\">Nejde o hran\u00ed si s n\u011bk\u00fdm. Nejde o \u201epohodl\u00ed\u201c. Jde o odstran\u011bn\u00ed anonymity ve ve\u0159ejn\u00fdch prostor\u00e1ch.<\/span><\/p>\n<p><strong><span dir=\"auto\">Co se m\u016f\u017ee \u2013 a stane \u2013 pokazit?<\/span><\/strong><\/p>\n<p><span dir=\"auto\">Zaprv\u00e9:\u00a0<\/span><strong><span dir=\"auto\">Konec anonymn\u00edho pohybu.<\/span><\/strong><br \/>\n<span dir=\"auto\">Pokud br\u00fdle dok\u00e1\u017e\u00ed skenovat obli\u010deje a porovn\u00e1vat je s datab\u00e1zemi, ka\u017ed\u00e1 proch\u00e1zka, ka\u017ed\u00e1 demonstrace, ka\u017ed\u00e9 setk\u00e1n\u00ed se stane potenci\u00e1ln\u011b identifikovatelnou. Klasick\u00fd p\u0159edpoklad, \u017ee se \u010dlov\u011bk m\u016f\u017ee anonymn\u011b pohybovat ve ve\u0159ejn\u00fdch prostor\u00e1ch, se hrout\u00ed.<\/span><\/p>\n<p><span dir=\"auto\">Za druh\u00e9:\u00a0<\/span><strong><span dir=\"auto\">Privatizovan\u00e9 hromadn\u00e9 sledov\u00e1n\u00ed.<\/span><\/strong><br \/>\n<span dir=\"auto\">Na rozd\u00edl od st\u00e1tn\u00edch syst\u00e9m\u016f CCTV jsou chytr\u00e9 br\u00fdle decentralizovan\u00e9. Ka\u017ed\u00fd jejich nositel se st\u00e1v\u00e1 mobiln\u00edm bodem sb\u011bru dat. To znamen\u00e1: \u017e\u00e1dn\u00e9 jasn\u00e9 kontroln\u00ed mechanismy, \u017e\u00e1dn\u00e1 transparentnost, \u017e\u00e1dn\u00fd demokratick\u00fd dohled.<\/span><\/p>\n<p><span dir=\"auto\">Za t\u0159et\u00ed:\u00a0<\/span><strong><span dir=\"auto\">Zneu\u017eit\u00ed ze strany st\u00e1t\u016f.<\/span><\/strong><br \/>\n<span dir=\"auto\">I kdy\u017e korporace zpo\u010d\u00e1tku tvrd\u00ed, \u017ee neprovozuje centr\u00e1ln\u00ed datab\u00e1zi pro rozpozn\u00e1v\u00e1n\u00ed obli\u010dej\u016f, tlak ze strany vl\u00e1dn\u00edch agentur se dostav\u00ed. Protiterorismus. Ochrana d\u011bt\u00ed. Extremismus. Argumenty jsou v\u017edy stejn\u00e9.<\/span><br \/>\n<span dir=\"auto\">Ot\u00e1zkou nen\u00ed, zda \u00fa\u0159ady budou po\u017eadovat p\u0159\u00edstup, ale kdy.<\/span><\/p>\n<p><span dir=\"auto\">Za \u010dtvrt\u00e9:\u00a0<\/span><strong><span dir=\"auto\">Zneu\u017e\u00edv\u00e1n\u00ed soukrom\u00fdmi osobami.<\/span><\/strong><br \/>\n<span dir=\"auto\">Pron\u00e1sledov\u00e1n\u00ed se st\u00e1v\u00e1 trivi\u00e1ln\u00edm. Novin\u00e1\u0159i mohou b\u00fdt identifikov\u00e1ni. Inform\u00e1to\u0159i odhaleni. Politi\u010dt\u00ed oponenti katalogizov\u00e1ni. Sta\u010d\u00ed rychl\u00fd pohled p\u0159es br\u00fdle.<\/span><\/p>\n<p><span dir=\"auto\">Za p\u00e1t\u00e9:\u00a0<\/span><strong><span dir=\"auto\">Soci\u00e1ln\u00ed v\u00fdb\u011br v re\u00e1ln\u00e9m \u010dase.<\/span><\/strong><br \/>\n<span dir=\"auto\">P\u0159edstavte si: Jeden pohled \u2013 a osoba naproti v\u00e1m vid\u00ed va\u0161e jm\u00e9no, va\u0161i profesn\u00ed pozici, politick\u00e9 dary, aktivitu na soci\u00e1ln\u00edch s\u00edt\u00edch.<\/span><br \/>\n<span dir=\"auto\">To okam\u017eit\u011b m\u011bn\u00ed mocenskou dynamiku. Diskriminace je algoritmicky zrychlena.<\/span><\/p>\n<p><span dir=\"auto\">Za \u0161est\u00e9:\u00a0<\/span><strong><span dir=\"auto\">Odrazuj\u00edc\u00ed efekt.<\/span><\/strong><br \/>\n<span dir=\"auto\">Kdy\u017e lid\u00e9 v\u011bd\u00ed nebo tu\u0161\u00ed, \u017ee jsou trvale identifikovateln\u00ed, zm\u011bn\u00ed sv\u00e9 chov\u00e1n\u00ed. M\u00e9n\u011b \u0159\u00edkaj\u00ed. M\u00e9n\u011b protestuj\u00ed. Podstupuj\u00ed m\u00e9n\u011b rizik.<\/span><br \/>\n<span dir=\"auto\">I bez aktivn\u00edho zneu\u017e\u00edv\u00e1n\u00ed vznik\u00e1 autocenzura.<\/span><\/p>\n<p><span dir=\"auto\">Za sedm\u00e9:\u00a0<\/span><strong><span dir=\"auto\">\u00daniky dat.<\/span><\/strong><br \/>\n<span dir=\"auto\">Biometrick\u00e9 \u00fadaje nejsou jako hesla. Nelze je zm\u011bnit. Pokud jsou datab\u00e1ze rozpozn\u00e1v\u00e1n\u00ed obli\u010dej\u016f ohro\u017eeny, \u0161koda je nevratn\u00e1.<\/span><\/p>\n<p><span dir=\"auto\">Za osm\u00e9:\u00a0<\/span><strong><span dir=\"auto\">Integrace s digit\u00e1ln\u00edmi identifika\u010dn\u00edmi syst\u00e9my.<\/span><\/strong><br \/>\n<span dir=\"auto\">Rozpozn\u00e1v\u00e1n\u00ed obli\u010deje je perfektn\u00edm biometrick\u00fdm kl\u00ed\u010dem pro budouc\u00ed struktury digit\u00e1ln\u00ed identity.<\/span><br \/>\n<span dir=\"auto\">Propojen\u00ed chytr\u00fdch br\u00fdl\u00ed s vl\u00e1dn\u00edmi nebo polovl\u00e1dn\u00edmi digit\u00e1ln\u00edmi identifika\u010dn\u00edmi syst\u00e9my vytv\u00e1\u0159\u00ed syst\u00e9m, kter\u00fd bezprobl\u00e9mov\u011b propojuje identitu, pohyb a chov\u00e1n\u00ed.<\/span><\/p>\n<p><span dir=\"auto\">Dev\u00e1t\u00e1:\u00a0<\/span><strong><span dir=\"auto\">Normalizace.<\/span><\/strong><br \/>\n<span dir=\"auto\">Nejnebezpe\u010dn\u011bj\u0161\u00ed nen\u00ed skand\u00e1l. Je to n\u00e1vyk.<\/span><br \/>\n<span dir=\"auto\">Nejd\u0159\u00edve jsou to dobrovoln\u00e9 funkce. Pak bezpe\u010dnostn\u00ed aktualizace. Pak regula\u010dn\u00ed po\u017eadavky. A nakonec se to stane standardem.<\/span><\/p>\n<p><strong><span dir=\"auto\">Struktur\u00e1ln\u00ed nebezpe\u010d\u00ed<\/span><\/strong><\/p>\n<p><span dir=\"auto\">Kombinace korpor\u00e1tn\u00edch z\u00e1jm\u016f, p\u0159\u00edstupu vl\u00e1dy a anal\u00fdzy um\u011bl\u00e9 inteligence vytv\u00e1\u0159\u00ed mocenskou architekturu, kter\u00e1 je historicky bezprecedentn\u00ed.<\/span><br \/>\n<span dir=\"auto\">D\u0159\u00edve musel b\u00fdt dohled drah\u00fd, viditeln\u00fd a centr\u00e1ln\u011b organizovan\u00fd.<\/span><br \/>\n<span dir=\"auto\">Dnes sta\u010d\u00ed pohled z pohledu \u017eivotn\u00edho stylu.<\/span><\/p>\n<p><span dir=\"auto\">Narativ zn\u00ed: bezpe\u010dnost, inovace, pohodl\u00ed.<\/span><br \/>\n<span dir=\"auto\">Realita: identifikovatelnost, sb\u011br dat, manipulace s chov\u00e1n\u00edm.<\/span><\/p>\n<p><span dir=\"auto\">Nejde o jednotliv\u00e9 spole\u010dnosti. Jde o konvergenci s\u00edly platforem, um\u011bl\u00e9 inteligence a biometrie. A\u017e se rozpozn\u00e1v\u00e1n\u00ed obli\u010deje stane masov\u011b dostupn\u00fdm, ve\u0159ejn\u00fd \u017eivot se stane skenovan\u00fdm prostorem.<\/span><\/p>\n<p><span dir=\"auto\">Skute\u010dnou ot\u00e1zkou tedy nen\u00ed, zda tato technologie m\u016f\u017ee b\u00fdt u\u017eite\u010dn\u00e1.<\/span><br \/>\n<span dir=\"auto\">Jde o to, zda m\u016f\u017ee p\u0159e\u017e\u00edt spole\u010dnost, v n\u00ed\u017e nikdo nem\u016f\u017ee existovat nepozorovan\u011b.<\/span><\/p>\n<p><span dir=\"auto\">Proto\u017ee jakmile se identifikovatelnost stane standardem, anonymita ji\u017e nen\u00ed pr\u00e1vem \u2013 ale v\u00fdjimkou.<\/span><\/p>\n<p><img decoding=\"async\" loading=\"lazy\" class=\"alignnone size-full wp-image-1185\" src=\"http:\/\/www.infokuryr.cz\/n\/wp-content\/uploads\/2021\/04\/kuryr-podpis.png\" alt=\"\" width=\"84\" height=\"24\" \/><\/p>\n<p>&nbsp;<\/p>\n","protected":false},"excerpt":{"rendered":"<p>Co na Facebooku za\u010dalo neviditelnou kontrolou obsahu, nyn\u00ed pokra\u010duje jako dal\u0161\u00ed eskalace:\u00a0nositeln\u00e9 rozpozn\u00e1v\u00e1n\u00ed obli\u010deje v&#8230;<\/p>\n","protected":false},"author":2,"featured_media":99662,"comment_status":"closed","ping_status":"closed","sticky":false,"template":"","format":"standard","meta":[],"categories":[7],"tags":[25,2195,1388,1430,3693],"_links":{"self":[{"href":"https:\/\/www.infokuryr.cz\/n\/wp-json\/wp\/v2\/posts\/99661"}],"collection":[{"href":"https:\/\/www.infokuryr.cz\/n\/wp-json\/wp\/v2\/posts"}],"about":[{"href":"https:\/\/www.infokuryr.cz\/n\/wp-json\/wp\/v2\/types\/post"}],"author":[{"embeddable":true,"href":"https:\/\/www.infokuryr.cz\/n\/wp-json\/wp\/v2\/users\/2"}],"replies":[{"embeddable":true,"href":"https:\/\/www.infokuryr.cz\/n\/wp-json\/wp\/v2\/comments?post=99661"}],"version-history":[{"count":0,"href":"https:\/\/www.infokuryr.cz\/n\/wp-json\/wp\/v2\/posts\/99661\/revisions"}],"wp:featuredmedia":[{"embeddable":true,"href":"https:\/\/www.infokuryr.cz\/n\/wp-json\/wp\/v2\/media\/99662"}],"wp:attachment":[{"href":"https:\/\/www.infokuryr.cz\/n\/wp-json\/wp\/v2\/media?parent=99661"}],"wp:term":[{"taxonomy":"category","embeddable":true,"href":"https:\/\/www.infokuryr.cz\/n\/wp-json\/wp\/v2\/categories?post=99661"},{"taxonomy":"post_tag","embeddable":true,"href":"https:\/\/www.infokuryr.cz\/n\/wp-json\/wp\/v2\/tags?post=99661"}],"curies":[{"name":"wp","href":"https:\/\/api.w.org\/{rel}","templated":true}]}}