{"id":99657,"date":"2026-02-17T00:12:53","date_gmt":"2026-02-16T23:12:53","guid":{"rendered":"https:\/\/www.infokuryr.cz\/n\/?p=99657"},"modified":"2026-02-16T09:56:41","modified_gmt":"2026-02-16T08:56:41","slug":"desifrovany-mnichovsky-projev-marca-rubia-imperium-upadek-a-nove-zapadni-stoleti","status":"publish","type":"post","link":"https:\/\/www.infokuryr.cz\/n\/2026\/02\/17\/desifrovany-mnichovsky-projev-marca-rubia-imperium-upadek-a-nove-zapadni-stoleti\/","title":{"rendered":"De\u0161ifrovan\u00fd mnichovsk\u00fd projev Marca Rubia: Imp\u00e9rium, \u00fapadek a nov\u00e9 z\u00e1padn\u00ed stolet\u00ed"},"content":{"rendered":"<div id=\"fb-root\"><\/div>\n<h3><strong><span dir=\"auto\">\u201eZ\u00e1pad se rozp\u00ednal p\u011bt stolet\u00ed\u201c<\/span><\/strong><\/h3>\n<p><span dir=\"auto\">Mnichovsk\u00fd projev Marca Rubia a n\u00e1vrat imperi\u00e1ln\u00edho narativu<\/span><\/p>\n<p><span dir=\"auto\">Na mnichovsk\u00e9 bezpe\u010dnostn\u00ed konferenci pronesl americk\u00fd ministr zahrani\u010d\u00ed Marco Rubio\u00a0<\/span><a href=\"https:\/\/www.state.gov\/releases\/office-of-the-spokesperson\/2026\/02\/secretary-of-state-marco-rubio-at-the-munich-security-conference\" target=\"_blank\" rel=\"noreferrer noopener\" data-type=\"link\" data-id=\"https:\/\/www.state.gov\/releases\/office-of-the-spokesperson\/2026\/02\/secretary-of-state-marco-rubio-at-the-munich-security-conference\"><span dir=\"auto\">projev<\/span><\/a><span dir=\"auto\">\u00a0, kter\u00fd byl pozoruhodn\u00fd volbou slov \u2013 a politicky v\u00fdbu\u0161n\u00fd ve sv\u00e9m historick\u00e9m kontextu.<\/span><\/p>\n<p><span dir=\"auto\">Rubio vzpom\u00ednal na \u00e9ru, \u201eve kter\u00e9 se Z\u00e1pad rozp\u00ednal\u201c \u2013 po p\u011bt stolet\u00ed. Mision\u00e1\u0159i, poutn\u00edci, voj\u00e1ci a objevitel\u00e9 \u201ep\u0159ekra\u010dovali oce\u00e1ny\u201c, \u201ekolonizovali nov\u00e9 kontinenty\u201c a \u201ebudovali obrovsk\u00e9 \u0159\u00ed\u0161e, kter\u00e9 se rozprost\u00edraly po cel\u00e9 zem\u011bkouli\u201c.<\/span><\/p>\n<figure class=\"wp-block-embed is-type-video is-provider-youtube wp-block-embed-youtube wp-embed-aspect-16-9 wp-has-aspect-ratio\">\n<div class=\"wp-block-embed__wrapper\"><iframe loading=\"lazy\" title=\"Ministr Rubio pronesl projev na Mnichovsk\u00e9 bezpe\u010dnostn\u00ed konferenci\" src=\"https:\/\/www.youtube.com\/embed\/yOjBJ89aeXA?feature=oembed\" width=\"800\" height=\"450\" frameborder=\"0\" allowfullscreen=\"allowfullscreen\" data-mce-fragment=\"1\"><\/iframe><\/div>\n<\/figure>\n<p><span dir=\"auto\">Toto zn\u011bn\u00ed nebylo jen n\u00e1hodn\u00fdm historick\u00fdm odkazem. Bylo programov\u00e9.<\/span><\/p>\n<p><span dir=\"auto\">Pro Rubia nebyl n\u00e1sledn\u00fd \u00fapadek t\u011bchto \u0159\u00ed\u0161\u00ed vykreslov\u00e1n jako mor\u00e1ln\u00ed n\u00e1prava koloni\u00e1ln\u00ed vl\u00e1dy, ale sp\u00ed\u0161e jako obdob\u00ed ztr\u00e1t. \u201eVelk\u00e9 z\u00e1padn\u00ed \u0159\u00ed\u0161e,\u201c \u0159ekl, vstoupily do \u201ekone\u010dn\u00e9ho \u00fapadku\u201c \u2013 urychlen\u00e9ho \u201ebezbo\u017en\u00fdmi komunistick\u00fdmi revolucemi\u201c a \u201eprotikoni\u00e1ln\u00edmi povst\u00e1n\u00edmi\u201c, kter\u00e1 nesla rud\u00fd srp a kladivo po velk\u00e9 \u010d\u00e1sti sv\u011bta.<\/span><\/p>\n<p><span dir=\"auto\">To z\u00e1sadn\u011b m\u011bn\u00ed perspektivu:<\/span><br \/>\n<span dir=\"auto\">Antikoloni\u00e1ln\u00ed hnut\u00ed se ji\u017e nejev\u00ed jako emancipace utla\u010dovan\u00fdch n\u00e1rod\u016f, ale jako sou\u010d\u00e1st ideologick\u00e9ho \u00fatoku na Z\u00e1pad.<\/span><\/p>\n<h2 class=\"wp-block-heading\"><span dir=\"auto\">\u201eOdm\u00edtnut\u00ed byla volba\u201c<\/span><\/h2>\n<p><span dir=\"auto\">\u00dast\u0159edn\u00ed my\u0161lenkou projevu byla tato v\u011bta:<\/span><\/p>\n<p><em><span dir=\"auto\">&#8222;Odm\u00edtnut\u00ed byla volba.&#8220;<\/span><\/em><\/p>\n<p><span dir=\"auto\">Pokles byl rozhodnut\u00ed \u2013 rozhodnut\u00ed, kter\u00e9 mus\u00ed b\u00fdt dnes znovu odm\u00edtnuto.<\/span><\/p>\n<p><span dir=\"auto\">Rubio prohl\u00e1sil, \u017ee Amerika nem\u00e1 z\u00e1jem b\u00fdt \u201ezdvo\u0159il\u00fdmi spr\u00e1vci \u0159\u00edzen\u00e9ho \u00fapadku Z\u00e1padu\u201c. M\u00edsto toho by m\u011bla \u201eobnovit nejv\u011bt\u0161\u00ed civilizaci v lidsk\u00e9 historii\u201c.<\/span><\/p>\n<p><span dir=\"auto\">Poselstv\u00ed je jasn\u00e9:<\/span><br \/>\n<span dir=\"auto\">Z\u00e1pad by se m\u011bl op\u011bt st\u00e1t dominantn\u00edm, sebev\u011bdom\u00fdm a schopn\u00fdm politick\u00fdch akc\u00ed.<\/span><\/p>\n<p><span dir=\"auto\">V\u00fdzva spo\u010d\u00edvala v tom, \u017ee Evropa by nem\u011bla b\u00fdt sv\u00e1z\u00e1na \u201evinou a studem\u201c, ale m\u011bla by b\u00fdt hrd\u00e1 na svou kulturu a d\u011bdictv\u00ed \u2013 p\u0159ipravena br\u00e1nit tuto \u201evelkou a u\u0161lechtilou civilizaci\u201c.<\/span><\/p>\n<div class=\"twitter-tweet twitter-tweet-rendered\"><iframe id=\"twitter-widget-0\" class=\"\" title=\"X Post\" src=\"https:\/\/platform.twitter.com\/embed\/Tweet.html?dnt=false&amp;embedId=twitter-widget-0&amp;features=eyJ0ZndfdGltZWxpbmVfbGlzdCI6eyJidWNrZXQiOltdLCJ2ZXJzaW9uIjpudWxsfSwidGZ3X2ZvbGxvd2VyX2NvdW50X3N1bnNldCI6eyJidWNrZXQiOnRydWUsInZlcnNpb24iOm51bGx9LCJ0ZndfdHdlZXRfZWRpdF9iYWNrZW5kIjp7ImJ1Y2tldCI6Im9uIiwidmVyc2lvbiI6bnVsbH0sInRmd19yZWZzcmNfc2Vzc2lvbiI6eyJidWNrZXQiOiJvbiIsInZlcnNpb24iOm51bGx9LCJ0ZndfZm9zbnJfc29mdF9pbnRlcnZlbnRpb25zX2VuYWJsZWQiOnsiYnVja2V0Ijoib24iLCJ2ZXJzaW9uIjpudWxsfSwidGZ3X21peGVkX21lZGlhXzE1ODk3Ijp7ImJ1Y2tldCI6InRyZWF0bWVudCIsInZlcnNpb24iOm51bGx9LCJ0ZndfZXhwZXJpbWVudHNfY29va2llX2V4cGlyYXRpb24iOnsiYnVja2V0IjoxMjA5NjAwLCJ2ZXJzaW9uIjpudWxsfSwidGZ3X3Nob3dfYmlyZHdhdGNoX3Bpdm90c19lbmFibGVkIjp7ImJ1Y2tldCI6Im9uIiwidmVyc2lvbiI6bnVsbH0sInRmd19kdXBsaWNhdGVfc2NyaWJlc190b19zZXR0aW5ncyI6eyJidWNrZXQiOiJvbiIsInZlcnNpb24iOm51bGx9LCJ0ZndfdXNlX3Byb2ZpbGVfaW1hZ2Vfc2hhcGVfZW5hYmxlZCI6eyJidWNrZXQiOiJvbiIsInZlcnNpb24iOm51bGx9LCJ0ZndfdmlkZW9faGxzX2R5bmFtaWNfbWFuaWZlc3RzXzE1MDgyIjp7ImJ1Y2tldCI6InRydWVfYml0cmF0ZSIsInZlcnNpb24iOm51bGx9LCJ0ZndfbGVnYWN5X3RpbWVsaW5lX3N1bnNldCI6eyJidWNrZXQiOnRydWUsInZlcnNpb24iOm51bGx9LCJ0ZndfdHdlZXRfZWRpdF9mcm9udGVuZCI6eyJidWNrZXQiOiJvbiIsInZlcnNpb24iOm51bGx9fQ%3D%3D&amp;frame=false&amp;hideCard=false&amp;hideThread=false&amp;id=2022877849300988392&amp;lang=cs&amp;origin=https%3A%2F%2Funcutnews.ch%2Fmarco-rubios-muenchen-rede-entschluesselt-imperium-niedergang-und-das-neue-westliche-jahrhundert%2F&amp;sessionId=78febcb2a027a70158b05c2ad8de2374bfba3a69&amp;theme=light&amp;widgetsVersion=2615f7e52b7e0%3A1702314776716&amp;width=550px\" frameborder=\"0\" scrolling=\"no\" allowfullscreen=\"allowfullscreen\" data-tweet-id=\"2022877849300988392\" data-mce-fragment=\"1\"><\/iframe><\/div>\n<p><em><span dir=\"auto\">To je \u0161\u00edlen\u00e9. Ministr zahrani\u010d\u00ed USA Marco Rubio pr\u00e1v\u011b pronesl jeden z nejzjevn\u011bji prokoloni\u00e1ln\u00edch projev\u016f, jak\u00e9 jsem v 21. stolet\u00ed vid\u011bl. Americk\u00e9 imp\u00e9rium chce, aby mu Evropa pomohla s rekolonizac\u00ed glob\u00e1ln\u00edho Jihu. Rubio chv\u00e1lil z\u00e1padn\u00ed kolonialisty za \u201eos\u00eddlov\u00e1n\u00ed nov\u00fdch kontinent\u016f a budov\u00e1n\u00ed obrovsk\u00fdch \u0159\u00ed\u0161\u00ed, kter\u00e9 se rozkl\u00e1daly po cel\u00e9 zem\u011bkouli\u201c. Pot\u00e9 pokra\u010doval v b\u011bdov\u00e1n\u00ed nad dekolonizac\u00ed glob\u00e1ln\u00edho Jihu a ozna\u010dil ji za zlov\u011bstn\u00e9 komunistick\u00e9 spiknut\u00ed. Rubio si st\u011b\u017eoval: \u201eVelk\u00e9 z\u00e1padn\u00ed \u0159\u00ed\u0161e byly v \u00fapadku, urychlen\u00e9m bezbo\u017en\u00fdmi komunistick\u00fdmi revolucemi a protikoloni\u00e1ln\u00edmi povst\u00e1n\u00edmi, kter\u00e1 zm\u011bn\u00ed sv\u011bt a v nadch\u00e1zej\u00edc\u00edch letech um\u00edst\u00ed srp a kladivo na velkou \u010d\u00e1st mapy.\u201c Rubio p\u0159ednesl tento projev na Mnichovsk\u00e9 bezpe\u010dnostn\u00ed konferenci, obklopen evropsk\u00fdmi hlavami st\u00e1t\u016f a vl\u00e1d, kter\u00e9 mu v\u011bnovaly standing ovation. Byli nad\u0161eni jeho prokoloni\u00e1ln\u00ed tir\u00e1dou. Ministr zahrani\u010d\u00ed USA zd\u016fraznil, \u017ee severoameri\u010dt\u00ed a evrop\u0161t\u00ed imperialist\u00e9 se mus\u00ed sjednotit, aby zvr\u00e1tili \u201e\u0159\u00edzen\u00fd \u00fapadek Z\u00e1padu\u201c, o\u017eivili \u201ev\u011bk z\u00e1padn\u00ed hegemonie\u201c a obnovili \u201enejv\u011bt\u0161\u00ed civilizaci v lidsk\u00fdch d\u011bjin\u00e1ch\u201c. Toto je zjevn\u00e1 v\u00fdzva americk\u00e9ho imp\u00e9ria k o\u017eiven\u00ed z\u00e1padn\u00edho kolonialismu a rekolonizaci glob\u00e1ln\u00edho Jihu (kter\u00fd p\u0159edstavuje glob\u00e1ln\u00ed v\u011bt\u0161inu). To, co americk\u00e9 imp\u00e9rium ud\u011blalo Gaze, Venezuele a nyn\u00ed Kub\u011b, hodl\u00e1 ud\u011blat cel\u00e9mu glob\u00e1ln\u00edmu Jihu. Toto je v\u00fd\u0148atek z ofici\u00e1ln\u00edho protokolu zve\u0159ejn\u011bn\u00e9ho americk\u00fdm ministerstvem zahrani\u010d\u00ed:<\/span><\/em><\/p>\n<h2 class=\"wp-block-heading\"><span dir=\"auto\">N\u00e1vrat k civiliza\u010dn\u00ed r\u00e9torice<\/span><\/h2>\n<p><span dir=\"auto\">Rubi\u016fv projev p\u0159edstavuje ideologick\u00fd rozchod s postkoloni\u00e1ln\u00ed sebekritikou posledn\u00edch desetilet\u00ed.<\/span><\/p>\n<p><span dir=\"auto\">Tam, kde se d\u0159\u00edve hovo\u0159ilo o \u201evyrovn\u00e1n\u00ed se s minulost\u00ed\u201c a \u201eglob\u00e1ln\u00ed odpov\u011bdnosti\u201c, se nyn\u00ed hovo\u0159\u00ed o expanzi, imp\u00e9riu, obnov\u011b a s\u00edle.<\/span><\/p>\n<p><span dir=\"auto\">Koloni\u00e1ln\u00ed \u00e9ra nen\u00ed problematizov\u00e1na.<\/span><br \/>\n<span dir=\"auto\">Je popisov\u00e1na jako f\u00e1ze z\u00e1padn\u00ed vitality.<\/span><\/p>\n<p><span dir=\"auto\">\u00dapadek nen\u00ed interpretov\u00e1n jako historick\u00e1 nutnost ani mor\u00e1ln\u00ed korekce, ale jako strategick\u00e1 chyba.<\/span><\/p>\n<h2 class=\"wp-block-heading\"><span dir=\"auto\">Dominance m\u00edsto \u201e\u0159\u00e1du zalo\u017een\u00e9ho na pravidlech\u201c<\/span><\/h2>\n<p><span dir=\"auto\">Rubio tak\u00e9 za\u00fato\u010dil na koncept \u201emezin\u00e1rodn\u00edho \u0159\u00e1du zalo\u017een\u00e9ho na pravidlech\u201c \u2013 term\u00edn, kter\u00fd formuje z\u00e1padn\u00ed zahrani\u010dn\u00ed politiku od konce studen\u00e9 v\u00e1lky.<\/span><\/p>\n<p><span dir=\"auto\">Je nahrazena jinou hlavn\u00ed z\u00e1sadou:<\/span><\/p>\n<ul>\n<li><span dir=\"auto\">n\u00e1rodn\u00ed suverenita<\/span><\/li>\n<li><span dir=\"auto\">strategick\u00e9 sebeprosazen\u00ed<\/span><\/li>\n<li><span dir=\"auto\">pr\u016fmyslov\u00e9 p\u0159ezbrojen\u00ed<\/span><\/li>\n<li><span dir=\"auto\">vojensk\u00e1 s\u00edla<\/span><\/li>\n<\/ul>\n<p><span dir=\"auto\">Otev\u0159en\u011b hovo\u0159il o z\u00edsk\u00e1v\u00e1n\u00ed pod\u00edlu na trhu v zem\u00edch glob\u00e1ln\u00edho Jihu, o podroben\u00ed dodavatelsk\u00fdch \u0159et\u011bzc\u016f z\u00e1padn\u00ed kontrole a o vytvo\u0159en\u00ed \u201enov\u00e9 z\u00e1padn\u00ed agendy pro toto stolet\u00ed\u201c.<\/span><\/p>\n<p><span dir=\"auto\">To zn\u00ed m\u00e9n\u011b jako multilater\u00e1ln\u00ed spolupr\u00e1ce a sp\u00ed\u0161e jako geopolitick\u00e1 sout\u011b\u017e o sf\u00e9ry vlivu.<\/span><\/p>\n<h2 class=\"wp-block-heading\"><span dir=\"auto\">Implicitn\u00ed imperi\u00e1ln\u00ed narativy<\/span><\/h2>\n<p><span dir=\"auto\">Rubio ne\u0159ekl: \u201eChceme kolonie zp\u011bt.\u201c<\/span><\/p>\n<p><span dir=\"auto\">Ale \u0159ekl:<\/span><\/p>\n<ul>\n<li><span dir=\"auto\">Z\u00e1pad se roz\u0161i\u0159oval a budoval imp\u00e9ria.<\/span><\/li>\n<li><span dir=\"auto\">\u00dapadek t\u011bchto \u0159\u00ed\u0161\u00ed byl negativn\u00ed.<\/span><\/li>\n<li><span dir=\"auto\">Odm\u00edtnut\u00ed je volba.<\/span><\/li>\n<li><span dir=\"auto\">Nyn\u00ed je pot\u0159eba Z\u00e1pad obnovit.<\/span><\/li>\n<\/ul>\n<p><span dir=\"auto\">Struktur\u00e1ln\u00ed logika je z\u0159ejm\u00e1:<\/span><br \/>\n<span dir=\"auto\">Expanze p\u0159edstavuje s\u00edlu.<\/span><br \/>\n<span dir=\"auto\">Dominance p\u0159edstavuje vitalitu.<\/span><br \/>\n<span dir=\"auto\">\u00dastup p\u0159edstavuje \u00fapadek.<\/span><\/p>\n<p><span dir=\"auto\">V tomto smyslu lze projev jist\u011b \u010d\u00edst jako rehabilitaci imperi\u00e1ln\u00ed historie \u2013 nikoli jako \u00fazemn\u011b-koloni\u00e1ln\u00ed apel, ale jako ideologick\u00fd odklon od postkoloni\u00e1ln\u00edho konsensu.<\/span><\/p>\n<h2 class=\"wp-block-heading\"><span dir=\"auto\">Evropa tlesk\u00e1<\/span><\/h2>\n<p><span dir=\"auto\">I sc\u00e9na byla pozoruhodn\u00e1:<\/span><br \/>\n<span dir=\"auto\">Rubio promluvil k evropsk\u00fdm hlav\u00e1m st\u00e1t\u016f a vl\u00e1d \u2013 a sklidil potlesk.<\/span><\/p>\n<p><span dir=\"auto\">Zda tento potlesk znamenal jednozna\u010dn\u00fd souhlas, nebo zda \u0161lo pouze o diplomatickou zdvo\u0159ilost, z\u016fst\u00e1v\u00e1 nejasn\u00e9. Jasn\u00e9 v\u0161ak je, \u017ee transatlantick\u00e1 aliance \u010del\u00ed ideologick\u00e9mu p\u0159eskupen\u00ed.<\/span><\/p>\n<h2 class=\"wp-block-heading\"><span dir=\"auto\">Nov\u00e1 f\u00e1ze pro Z\u00e1pad?<\/span><\/h2>\n<p><span dir=\"auto\">Rubi\u016fv projev nebyl technokratick\u00fdm prohl\u00e1\u0161en\u00edm o bezpe\u010dnostn\u00ed politice.<\/span><br \/>\n<span dir=\"auto\">Byl to z\u00e1sadn\u00ed projev o civilizaci.<\/span><\/p>\n<p><span dir=\"auto\">Poukazuje na:<\/span><\/p>\n<ul>\n<li><span dir=\"auto\">Odklon od globalistick\u00e9ho idealismu<\/span><\/li>\n<li><span dir=\"auto\">N\u00e1vrat k mocensk\u00e9 politice<\/span><\/li>\n<li><span dir=\"auto\">Rehabilitace z\u00e1padn\u00ed expanze<\/span><\/li>\n<li><span dir=\"auto\">D\u016fraz na kulturn\u00ed nad\u0159azenost<\/span><\/li>\n<li><span dir=\"auto\">Odm\u00edtnut\u00ed \u201e\u0159\u00edzen\u00e9ho poklesu\u201c<\/span><\/li>\n<\/ul>\n<p><span dir=\"auto\">Zda to skute\u010dn\u011b povede k nov\u00e9 hegemonn\u00ed f\u00e1zi, se teprve uvid\u00ed.<\/span><\/p>\n<p><span dir=\"auto\">Jedna v\u011bc je jist\u00e1:<\/span><br \/>\n<span dir=\"auto\">r\u00e9toriku 21. stolet\u00ed budou op\u011bt formovat pojmy, o jejich\u017e existenci mnoz\u00ed tu\u0161ili u\u017e v 19. stolet\u00ed \u2013 expanze, imp\u00e9rium, civilizace.<\/span><\/p>\n<p><span dir=\"auto\">A pr\u00e1v\u011b proto se tento projev n\u011bkter\u00fdm jev\u00ed jako ozv\u011bna minul\u00fdch epoch.<\/span><\/p>\n<p><img decoding=\"async\" loading=\"lazy\" class=\"alignnone size-full wp-image-1185\" src=\"http:\/\/www.infokuryr.cz\/n\/wp-content\/uploads\/2021\/04\/kuryr-podpis.png\" alt=\"\" width=\"84\" height=\"24\" \/><\/p>\n<p>&nbsp;<\/p>\n","protected":false},"excerpt":{"rendered":"<p>\u201eZ\u00e1pad se rozp\u00ednal p\u011bt stolet\u00ed\u201c Mnichovsk\u00fd projev Marca Rubia a n\u00e1vrat imperi\u00e1ln\u00edho narativu Na mnichovsk\u00e9&#8230;<\/p>\n","protected":false},"author":2,"featured_media":99658,"comment_status":"closed","ping_status":"closed","sticky":false,"template":"","format":"standard","meta":[],"categories":[7],"tags":[1042,1272,710,8473],"_links":{"self":[{"href":"https:\/\/www.infokuryr.cz\/n\/wp-json\/wp\/v2\/posts\/99657"}],"collection":[{"href":"https:\/\/www.infokuryr.cz\/n\/wp-json\/wp\/v2\/posts"}],"about":[{"href":"https:\/\/www.infokuryr.cz\/n\/wp-json\/wp\/v2\/types\/post"}],"author":[{"embeddable":true,"href":"https:\/\/www.infokuryr.cz\/n\/wp-json\/wp\/v2\/users\/2"}],"replies":[{"embeddable":true,"href":"https:\/\/www.infokuryr.cz\/n\/wp-json\/wp\/v2\/comments?post=99657"}],"version-history":[{"count":0,"href":"https:\/\/www.infokuryr.cz\/n\/wp-json\/wp\/v2\/posts\/99657\/revisions"}],"wp:featuredmedia":[{"embeddable":true,"href":"https:\/\/www.infokuryr.cz\/n\/wp-json\/wp\/v2\/media\/99658"}],"wp:attachment":[{"href":"https:\/\/www.infokuryr.cz\/n\/wp-json\/wp\/v2\/media?parent=99657"}],"wp:term":[{"taxonomy":"category","embeddable":true,"href":"https:\/\/www.infokuryr.cz\/n\/wp-json\/wp\/v2\/categories?post=99657"},{"taxonomy":"post_tag","embeddable":true,"href":"https:\/\/www.infokuryr.cz\/n\/wp-json\/wp\/v2\/tags?post=99657"}],"curies":[{"name":"wp","href":"https:\/\/api.w.org\/{rel}","templated":true}]}}