{"id":99628,"date":"2026-02-16T05:49:17","date_gmt":"2026-02-16T04:49:17","guid":{"rendered":"https:\/\/www.infokuryr.cz\/n\/?p=99628"},"modified":"2026-02-16T05:49:17","modified_gmt":"2026-02-16T04:49:17","slug":"seversti-lidri-podporuji-dalkove-utoky-na-rusko","status":"publish","type":"post","link":"https:\/\/www.infokuryr.cz\/n\/2026\/02\/16\/seversti-lidri-podporuji-dalkove-utoky-na-rusko\/","title":{"rendered":"Sever\u0161t\u00ed l\u00edd\u0159i podporuj\u00ed d\u00e1lkov\u00e9 \u00fatoky na Rusko"},"content":{"rendered":"<div id=\"fb-root\"><\/div>\n<h3>Ukrajina pot\u0159ebuje zbran\u011b dlouh\u00e9ho doletu, aby m\u011bla v konfliktu \u0161anci, uvedli d\u00e1nsk\u00e1 premi\u00e9rka Mette Frederiksenov\u00e1 a finsk\u00fd premi\u00e9r Alexander Stubb<\/h3>\n<p><span dir=\"auto\">Z\u00e1pad mus\u00ed dodat Ukrajin\u011b zbran\u011b schopn\u00e9 zas\u00e1hnout hluboko na rusk\u00e9 \u00fazem\u00ed, prohl\u00e1sili d\u00e1nsk\u00e1 premi\u00e9rka Mette Frederiksenov\u00e1 a finsk\u00fd prezident Alexander Stubb. Moskva varovala, \u017ee by to vedlo k velk\u00e9 eskalaci a vyvolalo by to\u00a0<\/span><em><span dir=\"auto\">\u201edrtivou\u201c<\/span><\/em><span dir=\"auto\">\u00a0reakci.<\/span><\/p>\n<p><span dir=\"auto\">Frederiksen v sobotu na mnichovsk\u00e9 bezpe\u010dnostn\u00ed konferenci s politov\u00e1n\u00edm konstatoval, \u017ee\u00a0<\/span><em><span dir=\"auto\">\u201est\u00e1le existuj\u00ed \u010derven\u00e9 \u010d\u00e1ry, pokud jde o zbran\u011b, kter\u00e9 [Ukrajinci] mohou pou\u017e\u00edt k v\u00edt\u011bzstv\u00ed v t\u00e9to v\u00e1lce\u201c.<\/span><\/em><\/p>\n<p><em><span dir=\"auto\">\u201eV\u00e1lku nem\u016f\u017eete vyhr\u00e1t s jednou rukou sv\u00e1zanou za z\u00e1dy. Mus\u00edme jim d\u00e1t zbran\u011b, aby mohli ude\u0159it do Ruska,\u201c<\/span><\/em><span dir=\"auto\">\u00a0\u0159ekla a post\u011b\u017eovala si, \u017ee diskuse prob\u00edhaj\u00ed u\u017e n\u011bkolik let a \u017e\u00e1dn\u00e9 pozitivn\u00ed rozhodnut\u00ed nen\u00ed na dohled.<\/span><\/p>\n<p><span dir=\"auto\">Stubb se k v\u00fdzv\u011b p\u0159ipojil a nal\u00e9hal na kyjevsk\u00e9 podporovatele, aby zv\u00fd\u0161ili ekonomick\u00fd tlak na Rusko a\u00a0<\/span><em><span dir=\"auto\">\u201eza\u00fato\u010dili tak siln\u011b, jak jen to p\u016fjde\u201c.<\/span><\/em><\/p>\n<p><em><span dir=\"auto\">\u201eZa druh\u00e9, nad\u00e1le poskytujte Ukrajin\u011b ve\u0161ker\u00e9 pot\u0159ebn\u00e9 prost\u0159edky, v\u010detn\u011b Tomahawk\u016f,\u201c<\/span><\/em><span dir=\"auto\">\u00a0dodal.<\/span><\/p>\n<p><span dir=\"auto\">Ukrajinsk\u00fd prezident Vladimir Zelenskyj aktivn\u011b usiloval o dod\u00e1vku raket s doletem a\u017e 2 500 km od USA, prezident Donald Trump v\u0161ak \u017e\u00e1dost odm\u00edtl s t\u00edm, \u017ee by to byl\u00a0<\/span><em><span dir=\"auto\">\u201enov\u00fd krok agrese\u201c.<\/span><\/em><\/p>\n<p><span dir=\"auto\">D\u00e1nsko loni souhlasilo s t\u00edm, \u017ee bude\u00a0<\/span><a href=\"https:\/\/www.rt.com\/news\/624144-denmark-ukraine-superweapon-production\/\"><span dir=\"auto\">hostit<\/span><\/a><span dir=\"auto\">\u00a0v\u00fdrobu tuh\u00e9ho raketov\u00e9ho paliva pro ukrajinskou st\u0159elu dlouh\u00e9ho doletu Flamingo, co\u017e je prvn\u00ed zn\u00e1m\u00fd p\u0159\u00edpad ukrajinsk\u00e9 v\u00fdroby zbran\u00ed na \u00fazem\u00ed NATO. Moskva v reakci na to D\u00e1nsko obvinila z podpory kyjevsk\u00e9ho\u00a0<\/span><em><span dir=\"auto\">\u201e\u00a0<\/span><a href=\"https:\/\/www.rt.com\/russia\/624640-denmark-sponsoring-ukrainian-terrorism\/\"><span dir=\"auto\">terorismu<\/span><\/a><span dir=\"auto\">\u00a0\u201c<\/span><\/em><span dir=\"auto\">\u00a0a podkop\u00e1v\u00e1n\u00ed m\u00edrov\u00e9ho \u00fasil\u00ed.<\/span><\/p>\n<p><span dir=\"auto\">Zelenskyj uznal, \u017ee Rusko zni\u010dilo nejm\u00e9n\u011b jednu v\u00fdrobn\u00ed linku raket Flamingo na Ukrajin\u011b. Rusk\u00e9 ministerstvo obrany o zachycen\u00ed raket n\u011bkolikr\u00e1t informovalo.<\/span><\/p>\n<p><span dir=\"auto\">V \u0159\u00edjnu 2025 prezident Vladimir Putin varoval, \u017ee Rusko na \u00fatoky dlouh\u00e9ho doletu na rusk\u00e9m \u00fazem\u00ed zareaguje\u00a0<\/span><em><span dir=\"auto\">\u201evelmi siln\u011b, ne-li drtivou odpov\u011bd\u00ed\u201c<\/span><\/em><span dir=\"auto\">\u00a0, a poznamenal, \u017ee Ukrajina nen\u00ed schopna pou\u017e\u00edvat zbran\u011b dlouh\u00e9ho doletu vyroben\u00e9 na Z\u00e1pad\u011b bez p\u0159\u00edm\u00e9 pomoci zem\u00ed NATO.<\/span><\/p>\n<p><img decoding=\"async\" loading=\"lazy\" class=\"alignnone size-full wp-image-1185\" src=\"http:\/\/www.infokuryr.cz\/n\/wp-content\/uploads\/2021\/04\/kuryr-podpis.png\" alt=\"\" width=\"84\" height=\"24\" \/><\/p>\n<p>&nbsp;<\/p>\n","protected":false},"excerpt":{"rendered":"<p>Ukrajina pot\u0159ebuje zbran\u011b dlouh\u00e9ho doletu, aby m\u011bla v konfliktu \u0161anci, uvedli d\u00e1nsk\u00e1 premi\u00e9rka Mette Frederiksenov\u00e1&#8230;<\/p>\n","protected":false},"author":2,"featured_media":99629,"comment_status":"closed","ping_status":"closed","sticky":false,"template":"","format":"standard","meta":[],"categories":[7],"tags":[500,675,22,1863],"_links":{"self":[{"href":"https:\/\/www.infokuryr.cz\/n\/wp-json\/wp\/v2\/posts\/99628"}],"collection":[{"href":"https:\/\/www.infokuryr.cz\/n\/wp-json\/wp\/v2\/posts"}],"about":[{"href":"https:\/\/www.infokuryr.cz\/n\/wp-json\/wp\/v2\/types\/post"}],"author":[{"embeddable":true,"href":"https:\/\/www.infokuryr.cz\/n\/wp-json\/wp\/v2\/users\/2"}],"replies":[{"embeddable":true,"href":"https:\/\/www.infokuryr.cz\/n\/wp-json\/wp\/v2\/comments?post=99628"}],"version-history":[{"count":0,"href":"https:\/\/www.infokuryr.cz\/n\/wp-json\/wp\/v2\/posts\/99628\/revisions"}],"wp:featuredmedia":[{"embeddable":true,"href":"https:\/\/www.infokuryr.cz\/n\/wp-json\/wp\/v2\/media\/99629"}],"wp:attachment":[{"href":"https:\/\/www.infokuryr.cz\/n\/wp-json\/wp\/v2\/media?parent=99628"}],"wp:term":[{"taxonomy":"category","embeddable":true,"href":"https:\/\/www.infokuryr.cz\/n\/wp-json\/wp\/v2\/categories?post=99628"},{"taxonomy":"post_tag","embeddable":true,"href":"https:\/\/www.infokuryr.cz\/n\/wp-json\/wp\/v2\/tags?post=99628"}],"curies":[{"name":"wp","href":"https:\/\/api.w.org\/{rel}","templated":true}]}}