{"id":99626,"date":"2026-02-16T05:47:21","date_gmt":"2026-02-16T04:47:21","guid":{"rendered":"https:\/\/www.infokuryr.cz\/n\/?p=99626"},"modified":"2026-02-16T05:47:21","modified_gmt":"2026-02-16T04:47:21","slug":"rozsireni-okupace-izrael-schvalil-rozsahly-zabor-uzemi-na-zapadnim-brehu-jordanu","status":"publish","type":"post","link":"https:\/\/www.infokuryr.cz\/n\/2026\/02\/16\/rozsireni-okupace-izrael-schvalil-rozsahly-zabor-uzemi-na-zapadnim-brehu-jordanu\/","title":{"rendered":"Roz\u0161\u00ed\u0159en\u00ed okupace: Izrael schv\u00e1lil rozs\u00e1hl\u00fd z\u00e1bor \u00fazem\u00ed na Z\u00e1padn\u00edm b\u0159ehu Jord\u00e1nu"},"content":{"rendered":"<div id=\"fb-root\"><\/div>\n<h3>Z\u00e1padn\u00ed Jeruzal\u00e9m poprv\u00e9 od roku 1967 zaregistroval rozs\u00e1hl\u00e9 oblasti na okupovan\u00fdch \u00fazem\u00edch jako \u201est\u00e1tn\u00ed majetek\u201c<\/h3>\n<p><span dir=\"auto\">Izraelsk\u00fd bezpe\u010dnostn\u00ed kabinet schv\u00e1lil n\u00e1vrh na registraci rozs\u00e1hl\u00fdch oblast\u00ed na Z\u00e1padn\u00edm b\u0159ehu Jord\u00e1nu jako\u00a0<\/span><em><span dir=\"auto\">\u201est\u00e1tn\u00edho majetku\u201c,<\/span><\/em><span dir=\"auto\">\u00a0a to poprv\u00e9 od za\u010d\u00e1tku okupace v roce 1967 po \u0161estidenn\u00ed v\u00e1lce.<\/span><\/p>\n<p><span dir=\"auto\">Nov\u00e9 rozhodnut\u00ed navazuje na krok kabinetu z minul\u00e9ho v\u00edkendu, kdy usnadnil \u017eidovsk\u00fdm osadn\u00edk\u016fm n\u00e1kup pozemk\u016f na Z\u00e1padn\u00edm b\u0159ehu Jord\u00e1nu a zru\u0161il z\u00e1kon z dob jord\u00e1nsk\u00e9 kontroly nad oblast\u00ed, kter\u00fd m\u011bl za c\u00edl u\u010dinit katastry nemovitost\u00ed ve\u0159ejn\u00fdmi, nikoli soukrom\u00fdmi.<\/span><\/p>\n<p><span dir=\"auto\">N\u00e1vrh p\u0159edlo\u017eili radik\u00e1ln\u00ed nacionalisti\u010dt\u00ed p\u0159edstavitel\u00e9, m\u00edstop\u0159edseda vl\u00e1dy a ministr spravedlnosti Jariv Levin, ministr obrany Israel Katz a ministr financ\u00ed Bezalel Smotrich. Navrhovatel\u00e9 jeho p\u0159ijet\u00ed ozna\u010dili za z\u00e1sadn\u00ed pr\u016flom a\u00a0<\/span><em><span dir=\"auto\">\u201eskute\u010dnou revoluci\u201c<\/span><\/em><span dir=\"auto\">\u00a0k urychlen\u00ed procesu urovn\u00e1n\u00ed.<\/span><\/p>\n<p><em><span dir=\"auto\">\u201eObnoven\u00ed pozemkov\u00e9 regulace v Judeji a Sama\u0159\u00ed je z\u00e1sadn\u00edm krokem v oblasti bezpe\u010dnosti a spr\u00e1vy v\u011bc\u00ed ve\u0159ejn\u00fdch, jeho\u017e c\u00edlem je zajistit izraelskou kontrolu, vym\u00e1h\u00e1n\u00ed pr\u00e1va a plnou opera\u010dn\u00ed svobodu v oblasti,\u201c<\/span><\/em><span dir=\"auto\">\u00a0uvedl Katz ve sv\u00e9m prohl\u00e1\u0161en\u00ed s odkazem na Z\u00e1padn\u00ed b\u0159eh Jord\u00e1nu jeho izraelsk\u00fdmi toponymy.<\/span><\/p>\n<p><span dir=\"auto\">C\u00edlem tohoto kroku je\u00a0<\/span><em><span dir=\"auto\">\u201eobnovit po\u0159\u00e1dek a spr\u00e1vu v\u011bc\u00ed ve\u0159ejn\u00fdch\u201c<\/span><\/em><span dir=\"auto\">\u00a0na Z\u00e1padn\u00edm b\u0159ehu Jord\u00e1nu, dodal Smotrich a ozna\u010dil toto rozhodnut\u00ed za jeden z nejv\u00fdznamn\u011bj\u0161\u00edch krok\u016f k pos\u00edlen\u00ed izraelsk\u00e9 kontroly nad regionem od \u0161estidenn\u00ed v\u00e1lky.\u00a0<\/span><em><span dir=\"auto\">\u201eSt\u00e1t Izrael p\u0159eb\u00edr\u00e1 odpov\u011bdnost za sv\u00e9 \u00fazem\u00ed a jedn\u00e1 v souladu se z\u00e1konem, transparentn\u011b a rozhodn\u011b,\u201c<\/span><\/em><span dir=\"auto\">\u00a0prohl\u00e1sil ministr.<\/span><\/p>\n<p><span dir=\"auto\">Rozhodnut\u00ed izraelsk\u00e9 vl\u00e1dy z minul\u00e9ho v\u00edkendu vyvolalo \u0161irok\u00e9 mezin\u00e1rodn\u00ed odsouzen\u00ed a \u0159ada zem\u00ed nal\u00e9hala na z\u00e1padn\u00ed Jeruzal\u00e9m, aby jej okam\u017eit\u011b zru\u0161il. Nejnov\u011bj\u0161\u00ed krok se pravd\u011bpodobn\u011b setk\u00e1 s podobnou reakc\u00ed, vzhledem k tomu, \u017ee je nez\u00e1konn\u00e9, aby okupa\u010dn\u00ed mocnost zabavovala nebo osidlovala p\u016fdu na \u00fazem\u00edch, kter\u00e1 dr\u017e\u00ed pod svou kontrolou.<\/span><\/p>\n<p><span dir=\"auto\">Izraelsk\u00e1 vl\u00e1da se ji\u017e dlouho sna\u017e\u00ed o anexi Z\u00e1padn\u00edho b\u0159ehu Jord\u00e1nu navzdory mezin\u00e1rodn\u00edmu odsouzen\u00ed a odporu sv\u00e9ho hlavn\u00edho spojence, USA. Prezident Donald Trump se proti tomuto kroku opakovan\u011b vyj\u00e1d\u0159il a trval na tom, \u017ee k anexi\u00a0<\/span><em><span dir=\"auto\">\u201enedojde\u201c.<\/span><\/em><\/p>\n<p><span dir=\"auto\">Palestinsk\u00e9 prezidentstv\u00ed ost\u0159e odsoudilo nejnov\u011bj\u0161\u00ed izraelsk\u00e9 rozhodnut\u00ed a ozna\u010dilo ho za\u00a0<\/span><em><span dir=\"auto\">\u201ev\u00e1\u017enou eskalaci\u201c.<\/span><\/em><span dir=\"auto\">\u00a0Izraelsk\u00fd krok v podstat\u011b ru\u0161\u00ed n\u011bkolik podepsan\u00fdch dohod a otev\u0159en\u011b odporuje rezoluc\u00edm Rady bezpe\u010dnosti OSN, uvedlo prezidentstv\u00ed.<\/span><\/p>\n<p><img decoding=\"async\" loading=\"lazy\" class=\"alignnone size-full wp-image-1185\" src=\"http:\/\/www.infokuryr.cz\/n\/wp-content\/uploads\/2021\/04\/kuryr-podpis.png\" alt=\"\" width=\"84\" height=\"24\" \/><\/p>\n<p>&nbsp;<\/p>\n","protected":false},"excerpt":{"rendered":"<p>Z\u00e1padn\u00ed Jeruzal\u00e9m poprv\u00e9 od roku 1967 zaregistroval rozs\u00e1hl\u00e9 oblasti na okupovan\u00fdch \u00fazem\u00edch jako \u201est\u00e1tn\u00ed majetek\u201c&#8230;<\/p>\n","protected":false},"author":2,"featured_media":99627,"comment_status":"closed","ping_status":"closed","sticky":false,"template":"","format":"standard","meta":[],"categories":[7],"tags":[107,4481,111],"_links":{"self":[{"href":"https:\/\/www.infokuryr.cz\/n\/wp-json\/wp\/v2\/posts\/99626"}],"collection":[{"href":"https:\/\/www.infokuryr.cz\/n\/wp-json\/wp\/v2\/posts"}],"about":[{"href":"https:\/\/www.infokuryr.cz\/n\/wp-json\/wp\/v2\/types\/post"}],"author":[{"embeddable":true,"href":"https:\/\/www.infokuryr.cz\/n\/wp-json\/wp\/v2\/users\/2"}],"replies":[{"embeddable":true,"href":"https:\/\/www.infokuryr.cz\/n\/wp-json\/wp\/v2\/comments?post=99626"}],"version-history":[{"count":0,"href":"https:\/\/www.infokuryr.cz\/n\/wp-json\/wp\/v2\/posts\/99626\/revisions"}],"wp:featuredmedia":[{"embeddable":true,"href":"https:\/\/www.infokuryr.cz\/n\/wp-json\/wp\/v2\/media\/99627"}],"wp:attachment":[{"href":"https:\/\/www.infokuryr.cz\/n\/wp-json\/wp\/v2\/media?parent=99626"}],"wp:term":[{"taxonomy":"category","embeddable":true,"href":"https:\/\/www.infokuryr.cz\/n\/wp-json\/wp\/v2\/categories?post=99626"},{"taxonomy":"post_tag","embeddable":true,"href":"https:\/\/www.infokuryr.cz\/n\/wp-json\/wp\/v2\/tags?post=99626"}],"curies":[{"name":"wp","href":"https:\/\/api.w.org\/{rel}","templated":true}]}}