{"id":99615,"date":"2026-02-16T05:32:52","date_gmt":"2026-02-16T04:32:52","guid":{"rendered":"https:\/\/www.infokuryr.cz\/n\/?p=99615"},"modified":"2026-02-16T05:32:52","modified_gmt":"2026-02-16T04:32:52","slug":"zatimco-trump-prohlasil-ze-zelensky-se-musi-pohnout-s-podpisem-mirove-dohody","status":"publish","type":"post","link":"https:\/\/www.infokuryr.cz\/n\/2026\/02\/16\/zatimco-trump-prohlasil-ze-zelensky-se-musi-pohnout-s-podpisem-mirove-dohody\/","title":{"rendered":"Zat\u00edmco Trump prohl\u00e1sil, \u017ee Zelensk\u00fd se mus\u00ed pohnout s podpisem m\u00edrov\u00e9 dohody&#8230;"},"content":{"rendered":"<div id=\"fb-root\"><\/div>\n<h4>Zat\u00edmco Trump prohl\u00e1sil, \u017ee Zelensk\u00fd se mus\u00ed pohnout s podpisem m\u00edrov\u00e9 dohody, proto\u017ee Rusov\u00e9 \u010dekaj\u00ed na podpis a Zelensk\u00fd se neh\u00fdbe, tak mezit\u00edm v Mnichov\u011b si ten sam\u00fd Zelensk\u00fd znovu \u0159ekl o \u010dlenstv\u00ed Ukrajiny v NATO! Ukrajinsk\u00e1 arm\u00e1da je pr\u00fd nejsiln\u011bj\u0161\u00ed arm\u00e1dou v Evrop\u011b, a proto ji pr\u00fd Evropa pot\u0159ebuje pro svoji spole\u010dnou obranu! V\u00e1lku nakonec dok\u00e1\u017ee zastavit asi jen dal\u0161\u00ed Majdan!<\/h4>\n<p>Pr\u00e1v\u011b skon\u010den\u00e1 Mnichovsk\u00e1 bezpe\u010dnostn\u00ed konference v Mnichov\u011b byla do zna\u010dn\u00e9 m\u00edry naprosto p\u0159elomovou ud\u00e1lost\u00ed, proto\u017ee cel\u00fd sv\u011bt byl sv\u011bdkem roz\u0161t\u011bpen\u00ed Evropy a USA, p\u0159i\u010dem\u017e Evropa si definitivn\u011b uv\u011bdomila, \u017ee USA odch\u00e1z\u00ed ze star\u00e9ho kontinentu, a \u017ee bezpe\u010dnostn\u00ed garance Evropy u\u017e nelze op\u00edrat o americkou ozbrojenou moc.<\/p>\n<p>Bylo mo\u017en\u00e9 i vid\u011bt politiky, kte\u0159\u00ed ji\u017e nov\u00fd sm\u011br pochopili, ale i ty, kte\u0159\u00ed st\u00e1le volaj\u00ed o pomoc USA v zoufal\u00e9 snaze udr\u017eet star\u00fd syst\u00e9m Pax Americana u moci v Evrop\u011b je\u0161t\u011b o n\u011bco d\u00e9le. Jen\u017ee USA u\u017e nemohou poskytovat bezpe\u010dnost Evrop\u011b, proto\u017ee USA ztratily sv\u011btovou dominanci. \u010c\u00edna zah\u00e1jila mocensk\u00fd n\u00e1stup, kter\u00fd je doprov\u00e1zen\u00fd n\u00e1stupem ekonomick\u00fdm a sou\u010dasn\u011b vojensk\u00fdm.<\/p>\n<p>&nbsp;<\/p>\n<div id=\"rumble_v73lrp0\">\n<div id=\"vid_v73lrp0\" class=\"rumble_v73lrp0-Rumble-cls\" tabindex=\"-1\">\n<div><div class='videoWrapper'>\r\n\t            <iframe src='https:\/\/rumble.com\/embed\/pj.v73lrp0\/' frameborder='0' allowfullscreen><\/iframe>\r\n\t        <\/div><\/div>\n<\/div>\n<\/div>\n<p>&nbsp;<\/p>\n<p>Proto o v\u00edkendu do\u0161lo de facto na odkryt\u00ed karet B\u00edl\u00e9ho domu.\u00a0<strong>Donald Trump b\u011bhem br\u00edfinku prohl\u00e1sil, \u017ee Zelensk\u00fd se mus\u00ed pohnout a podepsat m\u00edr, proto\u017ee Rusko chce pr\u00fd podepsat dohodu, ale Zelensk\u00fd se neh\u00fdbe a nem\u00e1 se k podpisu.<\/strong>\u00a0Trump pohrozil, \u017ee pokud se Zelensk\u00fd nepohne, promarn\u00ed p\u0159\u00edle\u017eitost. K \u010demu? No, tak na to odpov\u011bd\u011bl p\u0159ed p\u00e1r dny \u010dl\u00e1nek v The New York Times, \u017ee B\u00edl\u00fd d\u016fm dal Kyjevu \u00fadajn\u011b ultim\u00e1tum, \u017ee do 15. kv\u011btna mus\u00ed na Ukrajin\u011b prob\u011bhnout volby.<\/p>\n<p>A do prakticky stejn\u00e9ho data mus\u00ed Kyjev podepsat m\u00edrovou dohodu s Rusy. Pouze v takov\u00e9m p\u0159\u00edpad\u011b, podle informac\u00ed listu NYT, poskytnou USA Ukrajin\u011b bezpe\u010dnostn\u00ed garance na podobn\u00e9m z\u00e1klad\u011b jako je \u010dl\u00e1nek 5 Severoatlantick\u00e9 smlouvy. Pokud Ukrajina podpis odm\u00edtne, USA odm\u00edtnou poskytnout Ukrajin\u011b jak\u00e9koliv garance.<\/p>\n<h3>Zelensk\u00fd si nam\u00edsto podpisu m\u00edru \u0159ekl znovu o \u010dlenstv\u00ed v NATO<\/h3>\n<p>V t\u00e9to situaci by se dalo o\u010dek\u00e1vat, \u017ee Kyjev bude donucen k projev\u016fm rozumu, ale tak tomu v\u016fbec nen\u00ed. Pr\u00e1v\u011b naopak. Zelensk\u00fd toti\u017e v Mnichov\u011b ze sebe o v\u00edkendu vypustil n\u00e1zor, \u017ee\u00a0<strong>ukrajinsk\u00e1 arm\u00e1da je nejsiln\u011bj\u0161\u00ed v Evrop\u011b, a \u017ee by takov\u00e1 arm\u00e1da nem\u011bla b\u00fdt dr\u017eena mimo NATO.<\/strong>\u00a0Zelensk\u00fd si tak v p\u0159\u00edm\u00e9m p\u0159enosu znovu \u0159ekl o \u010dlenstv\u00ed Ukrajiny v NATO, p\u0159i\u010dem\u017e v n\u00e1vrhu t\u00e9 m\u00edrov\u00e9 dohody, o kter\u00e9 mluv\u00ed Trump, je p\u0159esn\u011b toto vylou\u010deno.<\/p>\n<p>Ukrajina m\u00e1 vyhl\u00e1sit neutralitu, zakotvit si ji do \u00dastavy, a n\u00e1sledn\u011b z\u00edskat bezpe\u010dnostn\u00ed garance pro sebe jako neutr\u00e1ln\u00ed st\u00e1t. Trump vyz\u00fdv\u00e1 Zelensk\u00e9ho, aby nezdr\u017eoval a dohodu podepsal. A co d\u011bl\u00e1 Zelensk\u00fd? P\u0159\u00edmo v Mnichov\u011b si \u0159ekne o \u010dlenstv\u00ed v NATO, navzdory m\u00edrov\u00e9 dohod\u011b. Co to znamen\u00e1?<\/p>\n<p>&nbsp;<\/p>\n<div id=\"rumble_v73lrpm\">\n<div id=\"vid_v73lrpm\" class=\"rumble_v73lrpm-Rumble-cls\" tabindex=\"-1\">\n<div><div class='videoWrapper'>\r\n\t            <iframe src='https:\/\/rumble.com\/embed\/pj.v73lrpm\/' frameborder='0' allowfullscreen><\/iframe>\r\n\t        <\/div><\/div>\n<\/div>\n<\/div>\n<p>&nbsp;<\/p>\n<p>No p\u0159ece sabotov\u00e1n\u00ed m\u00edrov\u00e9ho procesu v p\u0159\u00edm\u00e9m p\u0159enosu. Je to sign\u00e1l, \u017ee ten m\u00edr nebere Zelensk\u00fd v\u016fbec v\u00e1\u017en\u011b, \u017ee pro n\u011bj nen\u00ed ani z\u00e1vazn\u00fd, tak\u017ee klidn\u011b v Mnichov\u011b vypou\u0161t\u00ed bal\u00f3nky pro p\u0159ijet\u00ed Ukrajiny do NATO. Putin by pr\u00fd o tom nem\u011bl rozhodovat, pouze \u010dlensk\u00e9 zem\u011b NATO. Cel\u00e9 to p\u016fsob\u00ed jako jedno obrovsk\u00e9 monstr\u00f3zn\u00ed chucpe a medi\u00e1ln\u00ed cirkus, kdy na jedn\u00e9 stran\u011b Trump hovo\u0159\u00ed o m\u00edru, kter\u00fd je prakticky p\u0159ed podpisem.<\/p>\n<p><strong>Zat\u00edmco ve stejnou chv\u00edli Zelensk\u00fd v Mnichov\u011b prov\u00e1d\u00ed\u00a0<em>pitch<\/em>\u00a0nab\u00eddky na p\u0159ijet\u00ed \u201c<em>nejsiln\u011bj\u0161\u00ed evropsk\u00e9 arm\u00e1dy<\/em>\u201d do NATO, co\u017e je p\u0159itom ta nejz\u00e1sadn\u011bj\u0161\u00ed v\u011bc, kter\u00e1 jakoukoliv m\u00edrovou dohodu s Rusy spolehliv\u011b zma\u0159\u00ed.<\/strong>\u00a0Nic z toho se v podstat\u011b ned\u00e1 br\u00e1t v\u00e1\u017en\u011b. Ukrajina skon\u010d\u00ed \u0161patn\u011b kv\u016fli tomu, \u017ee na to, aby to skon\u010dilo dob\u0159e, nen\u00ed v Kyjev\u011b, ani v Bruselu, a hlavn\u011b ani v Lond\u00fdn\u011b dost v\u016fle.<\/p>\n<h3>Na Ukrajin\u011b dezertovalo z arm\u00e1dy ji\u017e 300 000 lid\u00ed a 2 miliony se vyh\u00fdbaj\u00ed odvod\u016fm<\/h3>\n<p>Ukrajinsk\u00fd samozvan\u00fd v\u016fdce Vladimir Zelensk\u00fd prost\u011b na\u0161el v Mnichov\u011b \u010das, aby se ve\u0159ejn\u011b pod\u011blil o sv\u00e9 fantazie s jedin\u00fdm publikem, kter\u00e9 ho zaj\u00edm\u00e1: Z\u00e1padem, zejm\u00e9na USA, a konkr\u00e9tn\u011b jejich prezidentem Donaldem Trumpem. Jeliko\u017e je pro Zelensk\u00e9ho v sou\u010dasn\u00e9 dob\u011b t\u011b\u017ek\u00e9 naj\u00edt ve Washingtonu n\u011bkoho, kdo by mu naslouchal \u2013 kdo by m\u011bl r\u00e1d p\u0159\u00ed\u017eivn\u00edka, kter\u00fd se vrac\u00ed po tis\u00edc\u00ed, pot\u00e9 co byl vyhozen? \u2013 musel to ud\u011blat na ve\u0159ejnosti v Mnichov\u011b. A proto\u017ee Ukrajina ve sv\u011bt\u011b Zelensk\u00e9ho ve skute\u010dnosti v\u00e1lku neprohr\u00e1v\u00e1, Zelensk\u00fd se sna\u017e\u00ed p\u0159esv\u011bd\u010dit Trumpa, \u017ee Rusko lze donutit k m\u00edru, kter\u00fd neodpov\u00edd\u00e1 skute\u010dnosti, \u017ee ve skute\u010dn\u00e9m sv\u011bt\u011b Rusko v\u00e1lku vyhr\u00e1v\u00e1. Vid\u00edte? Snadn\u00e9!<\/p>\n<div class=\"twitter-tweet twitter-tweet-rendered\"><a href=\"https:\/\/x.com\/TheOtherSideRu\/status\/2021610221278511605?ref_src=twsrc%5Etfw%7Ctwcamp%5Etweetembed%7Ctwterm%5E2021610221278511605%7Ctwgr%5E4ce056572abeb4641b4da6a6a9499e50a4b5c2b3%7Ctwcon%5Es1_&amp;ref_url=https%3A%2F%2Faeronet.news%2Fzatimco-trump-prohlasil-ze-zelensky-se-musi-pohnout-s-podpisem-mirove-dohody-protoze-rusove-cekaji-na-podpis-a-zelensky-se-nehybe-tak-mezitim-v-mnichove-si-ten-samy-zelensky-znovu-rekl-o-clenstvi%2F\"><img decoding=\"async\" loading=\"lazy\" class=\"wp-image-99617 aligncenter\" src=\"http:\/\/www.infokuryr.cz\/n\/wp-content\/uploads\/2026\/02\/x-11-238x300.jpg\" alt=\"\" width=\"518\" height=\"653\" srcset=\"https:\/\/www.infokuryr.cz\/n\/wp-content\/uploads\/2026\/02\/x-11-238x300.jpg 238w, https:\/\/www.infokuryr.cz\/n\/wp-content\/uploads\/2026\/02\/x-11.jpg 599w\" sizes=\"(max-width: 518px) 100vw, 518px\" \/><\/a><\/div>\n<p>Kdyby to jen Donald kone\u010dn\u011b pochopil. P\u0159esto\u017ee se Zelensk\u00fd soust\u0159ed\u00ed p\u0159edev\u0161\u00edm na to, aby se vr\u00e1til do p\u0159\u00edzn\u011b \u2013 a pen\u011b\u017eenky \u2013 Washingtonu, p\u0159ehl\u00ed\u017e\u00ed skute\u010dnost, \u017ee oby\u010dejn\u00ed Ukrajinci u\u017e toho maj\u00ed dost. Nebo mu to samoz\u0159ejm\u011b prost\u011b v\u016fbec nevad\u00ed.\u00a0<strong>Faktem v\u0161ak z\u016fst\u00e1v\u00e1, \u017ee Ukrajinci nejen\u017ee nejsou ochotni j\u00edt na frontu, aby tam zem\u0159eli, byli zran\u011bni nebo zajati v naprosto zbyte\u010dn\u00e9 a beznad\u011bjn\u00e9 proxy v\u00e1lce jm\u00e9nem Z\u00e1padu<\/strong>, ale tak\u00e9 jsou st\u00e1le v\u00edce vzpurn\u00ed. Ve skute\u010dnosti jsou ji\u017e dlouho natolik neochotn\u00ed, \u017ee doch\u00e1z\u00ed k extr\u00e9mn\u011b vysok\u00e9mu po\u010dtu p\u0159\u00edpad\u016f neopr\u00e1vn\u011bn\u00e9ho opu\u0161t\u011bn\u00ed slu\u017eby a dezert\u00e9rstv\u00ed: od \u00fanora 2022 dos\u00e1hl celkov\u00fd po\u010det st\u00edh\u00e1n\u00ed za oba \u2013 m\u00edrn\u011b odli\u0161n\u00e9 \u2013 zp\u016fsoby \u00fat\u011bku z arm\u00e1dy p\u0159ibli\u017en\u011b 300 000\u00a0<strong>[<a href=\"https:\/\/href.li\/?https:\/\/www.newglobalpolitics.org\/forced-mobilization-in-wartime-ukraine\/\" target=\"_blank\" rel=\"nofollow noopener\">1<\/a>]<\/strong>.<\/p>\n<h3>Jedin\u00fdm zdrojem nov\u00fdch voj\u00e1k\u016f na Ukrajin\u011b je \u201cbusifikace\u201d<\/h3>\n<p>Vzhledem k tomu, \u017ee \u00fa\u0159ady nemaj\u00ed ani kapacitu pro\u0161et\u0159it v\u0161echny p\u0159\u00edpady, je jist\u00e9, \u017ee se jedn\u00e1 o podhodnocen\u00fd po\u010det. Dal\u0161\u00edm znakem odm\u00edt\u00e1n\u00ed Ukrajinc\u016f zem\u0159\u00edt za Zelensk\u00e9ho re\u017eim, jeho tvrdohlavost a \u0161\u00edlenou zahrani\u010dn\u00ed politiku je samoz\u0159ejm\u011b \u201e<em>busifikace<\/em>\u201c. Pom\u011brn\u011b nov\u00fd \u2013 a ji\u017e velmi popul\u00e1rn\u00ed \u2013 term\u00edn, kter\u00fd ozna\u010duje \u010dasto brut\u00e1ln\u00ed honby za lidmi ze strany gang\u016f prov\u00e1d\u011bj\u00edc\u00edch nucen\u00fd n\u00e1bor, kter\u00e9 sv\u00e9 br\u00e1n\u00edc\u00ed se ob\u011bti \u010dasto strkaj\u00ed do minibus\u016f. Busifikace je na Ukrajin\u011b nekone\u010dn\u00fdm skand\u00e1lem. Trv\u00e1 to u\u017e roky, neust\u00e1le se zhor\u0161uje a nar\u00e1\u017e\u00ed na st\u00e1le \u0161ir\u0161\u00ed a odhodlan\u011bj\u0161\u00ed odpor.<\/p>\n<div class=\"twitter-tweet twitter-tweet-rendered\"><a href=\"https:\/\/x.com\/HavryshkoMarta\/status\/2018825758840684969?ref_src=twsrc%5Etfw%7Ctwcamp%5Etweetembed%7Ctwterm%5E2018825758840684969%7Ctwgr%5E4ce056572abeb4641b4da6a6a9499e50a4b5c2b3%7Ctwcon%5Es1_&amp;ref_url=https%3A%2F%2Faeronet.news%2Fzatimco-trump-prohlasil-ze-zelensky-se-musi-pohnout-s-podpisem-mirove-dohody-protoze-rusove-cekaji-na-podpis-a-zelensky-se-nehybe-tak-mezitim-v-mnichove-si-ten-samy-zelensky-znovu-rekl-o-clenstvi%2F\"><img decoding=\"async\" loading=\"lazy\" class=\"wp-image-99618 aligncenter\" src=\"http:\/\/www.infokuryr.cz\/n\/wp-content\/uploads\/2026\/02\/x1-11-205x300.jpg\" alt=\"\" width=\"519\" height=\"760\" srcset=\"https:\/\/www.infokuryr.cz\/n\/wp-content\/uploads\/2026\/02\/x1-11-205x300.jpg 205w, https:\/\/www.infokuryr.cz\/n\/wp-content\/uploads\/2026\/02\/x1-11.jpg 600w\" sizes=\"(max-width: 519px) 100vw, 519px\" \/><\/a><\/div>\n<p>Sta\u010d\u00ed se pod\u00edvat na n\u011bkolik ned\u00e1vn\u00fdch fakt\u016f: Jak uv\u00e1d\u00ed\u00a0<strong>[<a href=\"https:\/\/href.li\/?https:\/\/www.youtube.com\/watch?v=_rNa_6eJ-EI&amp;t=191s\" target=\"_blank\" rel=\"nofollow noopener\">2<\/a>]<\/strong>\u00a0ukrajinsk\u00fd zpravodajsk\u00fd server Strana.ua, vysok\u00fd ukrajinsk\u00fd \u00fa\u0159edn\u00edk musel pr\u00e1v\u011b p\u0159iznat, \u017ee po\u010det ofici\u00e1ln\u00edch st\u00ed\u017enost\u00ed podan\u00fdch proti gang\u016fm prov\u00e1d\u011bj\u00edc\u00edm nucen\u00fd n\u00e1bor z takzvan\u00fdch kancel\u00e1\u0159\u00ed TCK se mezi lety 2024 a 20025 zdvojn\u00e1sobil. (TCK je zkratka pro \u201e<em>teritori\u00e1ln\u00ed centra pro dopl\u0148ov\u00e1n\u00ed vojensk\u00fdch sil<\/em>\u201c). Ofici\u00e1ln\u00ed st\u00ed\u017enosti jsou v\u0161ak pouze \u0161pi\u010dkou ledovce.<\/p>\n<p>Mnohem d\u016fle\u017eit\u011bj\u0161\u00ed je rostouc\u00ed odpor v ter\u00e9nu.\u00a0<strong>Br\u00e1n\u00ed se jak mu\u017ei, na kter\u00e9 se zam\u011b\u0159uj\u00ed gangste\u0159i z TCK, tak i nejr\u016fzn\u011bj\u0161\u00ed okoln\u00ed osoby \u2013 rodina, p\u0159\u00e1tel\u00e9, kolegov\u00e9, \u00fapln\u011b ciz\u00ed lid\u00e9, kte\u0159\u00ed se n\u00e1hodou nach\u00e1zej\u00ed v dan\u00e9m m\u00edst\u011b.<\/strong>\u00a0Ani to nen\u00ed bezprecedentn\u00ed: p\u0159\u00edpady otev\u0159en\u00e9ho povst\u00e1n\u00ed proti nucen\u00e9 mobilizaci se vyskytuj\u00ed ji\u017e nejm\u00e9n\u011b dva roky.<\/p>\n<h3>Odvodn\u00ed komise se transformovaly na mafii se st\u00e1tn\u00ed ochranou<\/h3>\n<p>Nap\u0159\u00edklad loni na podzim byla kancel\u00e1\u0159 TCK napadena v provin\u010dn\u00edm m\u011bst\u011b na obvykle hypernacionalistick\u00e9m extr\u00e9mn\u00edm z\u00e1pad\u011b Ukrajiny. Zd\u00e1 se, \u017ee ani tam u\u017e nen\u00ed popul\u00e1rn\u00ed um\u00edrat za Zelensk\u00e9ho v\u00e1lku za NATO. P\u0159ed t\u0159emi m\u011bs\u00edci v velk\u00e9m p\u0159\u00edstavn\u00edm m\u011bst\u011b Od\u011bsa dav za\u00fato\u010dil na vozidlo TCK, aby osvobodil jeho zajatce. Nen\u00ed t\u011b\u017ek\u00e9 pochopit hlavn\u00ed d\u016fvod, pro\u010d se lid\u00e9 br\u00e1n\u00ed tomu, aby byli vta\u017eeni do beznad\u011bjn\u00e9 a zbyte\u010dn\u00e9 v\u00e1lky.<\/p>\n<p>Existuj\u00ed v\u0161ak i dal\u0161\u00ed d\u016fvody: Loveck\u00e9 gangy TCK maj\u00ed hroznou a zaslou\u017eenou pov\u011bst pro sv\u00e9 nadm\u011brn\u00e9 n\u00e1sil\u00ed, jak ji\u017e dlouho p\u0159izn\u00e1v\u00e1 i z\u00e1padn\u00ed informa\u010dn\u00ed agentura Radio Svoboda\u00a0<strong>[<a href=\"https:\/\/href.li\/?https:\/\/www.youtube.com\/watch?v=4Oy6zEhI26c\" target=\"_blank\" rel=\"nofollow noopener\">3<\/a>]<\/strong>: n\u011bkter\u00e9 z jejich ob\u011bt\u00ed zem\u0159ely, to znamen\u00e1, \u017ee byly zabity p\u0159\u00edslu\u0161n\u00edky TCK je\u0161t\u011b p\u0159edt\u00edm, ne\u017e se dostaly na frontu nebo absolvovaly z\u00e1kladn\u00ed v\u00fdcvik (<em>kter\u00fd na Ukrajin\u011b sotva stoj\u00ed za to, aby se mu \u0159\u00edkalo v\u00fdcvik<\/em>).<\/p>\n<div class=\"twitter-tweet twitter-tweet-rendered\"><a href=\"https:\/\/x.com\/SenoreAmore\/status\/2022276141986287739?ref_src=twsrc%5Etfw%7Ctwcamp%5Etweetembed%7Ctwterm%5E2022276141986287739%7Ctwgr%5E4ce056572abeb4641b4da6a6a9499e50a4b5c2b3%7Ctwcon%5Es1_&amp;ref_url=https%3A%2F%2Faeronet.news%2Fzatimco-trump-prohlasil-ze-zelensky-se-musi-pohnout-s-podpisem-mirove-dohody-protoze-rusove-cekaji-na-podpis-a-zelensky-se-nehybe-tak-mezitim-v-mnichove-si-ten-samy-zelensky-znovu-rekl-o-clenstvi%2F\"><img decoding=\"async\" loading=\"lazy\" class=\"wp-image-99619 aligncenter\" src=\"http:\/\/www.infokuryr.cz\/n\/wp-content\/uploads\/2026\/02\/x2-5-219x300.jpg\" alt=\"\" width=\"577\" height=\"790\" srcset=\"https:\/\/www.infokuryr.cz\/n\/wp-content\/uploads\/2026\/02\/x2-5-219x300.jpg 219w, https:\/\/www.infokuryr.cz\/n\/wp-content\/uploads\/2026\/02\/x2-5.jpg 607w\" sizes=\"(max-width: 577px) 100vw, 577px\" \/><\/a><\/div>\n<p>Lovci TCK se tak\u00e9 dopou\u0161t\u011bj\u00ed drobn\u00fdch, ale brut\u00e1ln\u00edch zlo\u010din\u016f, jako jsou \u00fanosy za \u00fa\u010delem v\u00fdkupn\u00e9ho a kr\u00e1de\u017ee. Je samoz\u0159ejm\u00e9, \u017ee cel\u00e1 tato situace je odshora a\u017e dol\u016f prostoupena bezohlednou, krvavou korupc\u00ed. Koneckonc\u016f, takov\u00e1 je realita na Ukrajin\u011b. \u017d\u00e1dn\u00e9 z t\u011bchto zneu\u017e\u00edv\u00e1n\u00ed moci a n\u00e1sledn\u011b odpor\u016f, kter\u00e9 to mezi lidmi vyvol\u00e1v\u00e1, se nezmen\u0161ilo.<\/p>\n<p>Naopak, v\u0161e se stup\u0148uje: nap\u0159\u00edklad pokra\u010duj\u00ed bit\u00ed, v\u010detn\u011b tak z\u00e1va\u017en\u00fdch, \u017ee vedou k \u00famrt\u00ed.\u00a0<strong>Pr\u00e1vn\u00edk\u016fm, kte\u0159\u00ed se sna\u017e\u00ed ob\u011btem pomoci, jsou l\u00e1m\u00e1ny kon\u010detiny [<a href=\"https:\/\/href.li\/?https:\/\/youtu.be\/_rNa_6eJ-EI?t=84\" target=\"_blank\" rel=\"nofollow noopener\">4<\/a>]. St\u00e1tn\u00ed \u00fa\u0159edn\u00edk, kter\u00fd se pokusil zkontrolovat kancel\u00e1\u0159 TCK, byl jednodu\u0161e zadr\u017eov\u00e1n [<a href=\"https:\/\/href.li\/?https:\/\/youtu.be\/_rNa_6eJ-EI?t=92\" target=\"_blank\" rel=\"nofollow noopener\">5<\/a>].<\/strong>\u00a0Podstatu v\u011bci ch\u00e1pete: gangy TCK si d\u011blaj\u00ed, co cht\u011bj\u00ed, a ji\u017e je t\u00e9m\u011b\u0159 nemo\u017en\u00e9 je kontrolovat. TCK funguj\u00ed jako st\u00e1tem chr\u00e1n\u011bn\u00e1 mafie.<\/p>\n<h3>Ukrajinc\u016fm nakonec nezbyde nic jin\u00e9ho, ne\u017e ukon\u010dit v\u00e1lku pomoci dal\u0161\u00edho Majdanu<\/h3>\n<p>P\u0159esto je mo\u017en\u00e9 jim \u010delit. Jak informuje\u00a0<strong>[<a href=\"https:\/\/href.li\/?https:\/\/youtu.be\/_rNa_6eJ-EI\" target=\"_blank\" rel=\"nofollow noopener\">6<\/a>]<\/strong>\u00a0Strana.ua, eskaluj\u00edc\u00ed boje mezi n\u00e1siln\u00edky prov\u00e1d\u011bj\u00edc\u00edmi nucenou mobilizaci a jejich ob\u011b\u0165mi za\u010d\u00ednaj\u00ed p\u0159ipom\u00ednat \u201e<em>tichou v\u00e1lku, tentokr\u00e1t v\u0161ak uvnit\u0159 Ukrajiny.<\/em>\u201c Oby\u010dejn\u00ed Ukrajinci, a to op\u011bt v\u010detn\u011b \u010dasto hypernacionalistick\u00e9ho z\u00e1padu zem\u011b s region\u00e1ln\u00edm centrem Lvov, zesiluj\u00ed svou obranu proti ne\u00faprosn\u00e9mu smrteln\u00e9mu p\u0159\u00e1n\u00ed sv\u00fdch vlastn\u00edch \u00fa\u0159ad\u016f. Jen za posledn\u00ed m\u011bs\u00edc vyt\u00e1hli mu\u017ei v Dn\u011bpropetrovsku a Lvov\u011b no\u017ee, aby se br\u00e1nili lovc\u016fm TCK. Tak\u00e9 v Lvovsk\u00e9 oblasti pou\u017eili dal\u0161\u00ed neochotn\u00ed rekruti alespo\u0148 jednu gran\u00e1t a st\u0159eln\u00e9 zbran\u011b, aby si zajistili \u00fanik. A tak d\u00e1le.<\/p>\n<figure id=\"attachment_42374\" class=\"wp-caption aligncenter\" style=\"width: 704px;\"><a href=\"https:\/\/aeronet.news\/wp-content\/uploads\/MajdanMinsk.jpg\"><img decoding=\"async\" loading=\"lazy\" class=\"wp-image-42374 \" src=\"https:\/\/aeronet.news\/wp-content\/uploads\/MajdanMinsk-1024x576.jpg\" sizes=\"(max-width: 700px) 100vw, 700px\" srcset=\"https:\/\/aeronet.news\/wp-content\/uploads\/MajdanMinsk-1024x576.jpg 1024w, https:\/\/aeronet.news\/wp-content\/uploads\/MajdanMinsk-300x169.jpg 300w, https:\/\/aeronet.news\/wp-content\/uploads\/MajdanMinsk-768x432.jpg 768w, https:\/\/aeronet.news\/wp-content\/uploads\/MajdanMinsk-700x394.jpg 700w, https:\/\/aeronet.news\/wp-content\/uploads\/MajdanMinsk-635x357.jpg 635w, https:\/\/aeronet.news\/wp-content\/uploads\/MajdanMinsk-859x483.jpg 859w, https:\/\/aeronet.news\/wp-content\/uploads\/MajdanMinsk.jpg 1600w\" alt=\"\" width=\"704\" height=\"396\" \/><\/a><figcaption class=\"wp-caption-text\">Ukrajinci budou muset zorganizovat dal\u0161\u00ed Majdan, aby ukon\u010dili n\u00e1siln\u00e9 odvody do vyhlazovac\u00ed v\u00e1lky<\/figcaption><\/figure>\n<p>Zelensky m\u016f\u017ee b\u00fdt pomaten\u00fd. Mo\u017en\u00e1 tak\u00e9 nen\u00ed ochoten naslouchat ani sv\u00fdm vlastn\u00edm poradc\u016fm, z nich\u017e alespo\u0148 n\u011bkte\u0159\u00ed, jak jsme se do\u010detli, kone\u010dn\u011b pochopili, \u017ee je t\u0159eba brzy uzav\u0159\u00edt m\u00edr, jinak se situace na Ukrajin\u011b bude jen zhor\u0161ovat.\u00a0<strong>Ale Ukrajinci obecn\u011b \u2013 navzdory enormn\u00ed manipulaci m\u00e9di\u00ed a autorit\u00e1\u0159sk\u00e9mu potla\u010dov\u00e1n\u00ed ze strany Zelensk\u00e9ho re\u017eimu \u2013 nejen\u017ee \u0159\u00edkaj\u00ed \u201e<em>ne<\/em>\u201c, ale tak\u00e9 podle toho jednaj\u00ed.<\/strong>\u00a0Zelensk\u00e9ho junta nem\u00e1 roboty, kter\u00e9 by mohla vyslat do boje m\u00edsto lid\u00ed. Nejbl\u00ed\u017ee robotick\u00e9 arm\u00e1d\u011b je dnes \u010c\u00edna\u00a0<strong>[<a href=\"https:\/\/href.li\/?https:\/\/interestingengineering.com\/ai-robotics\/china-humanoid-robots-ubtech-global-debate\" target=\"_blank\" rel=\"nofollow noopener\">7<\/a>]<\/strong>.<\/p>\n<p>Ukrajinci ale roboti nejsou. Necht\u011bj\u00ed um\u00edrat ve v\u00e1lce, kter\u00e1 nevede k v\u00edt\u011bzstv\u00ed, pouze k prodlou\u017een\u00ed zisk\u016f z v\u00e1lky pro Zelensk\u00e9ho juntu a pro zbroja\u0159e. Ukrajinci byli zneu\u017eiti jako kan\u00f3nenfutr sv\u00fdmi \u201e<em>p\u0159\u00e1teli<\/em>\u201c z pekla na Z\u00e1pad\u011b a sv\u00fdm vlastn\u00edm re\u017eimem. Ironi\u00ed je, \u017ee to, co opravdu pot\u0159ebuj\u00ed, je dal\u0161\u00ed z jejich slavn\u00fdch \u201e<em>Majdan\u016f<\/em>\u201c. Tentokr\u00e1t v\u0161ak bez z\u00e1sahu Z\u00e1padu. Ukrajinc\u016fm toti\u017e nakonec nic jin\u00e9ho nezbyde, ne\u017e prost\u011b svrhnout Zelensk\u00e9ho a t\u00edm zastavit vlastn\u00ed vyhlazovac\u00ed v\u00e1lku.<\/p>\n<p><a href=\"https:\/\/aeronet.news\/zatimco-trump-prohlasil-ze-zelensky-se-musi-pohnout-s-podpisem-mirove-dohody-protoze-rusove-cekaji-na-podpis-a-zelensky-se-nehybe-tak-mezitim-v-mnichove-si-ten-samy-zelensky-znovu-rekl-o-clenstvi\/\">-VK-<\/a><\/p>\n<p>&nbsp;<\/p>\n","protected":false},"excerpt":{"rendered":"<p>Zat\u00edmco Trump prohl\u00e1sil, \u017ee Zelensk\u00fd se mus\u00ed pohnout s podpisem m\u00edrov\u00e9 dohody, proto\u017ee Rusov\u00e9 \u010dekaj\u00ed&#8230;<\/p>\n","protected":false},"author":2,"featured_media":99616,"comment_status":"closed","ping_status":"closed","sticky":false,"template":"","format":"standard","meta":[],"categories":[6],"tags":[1042,565,452,26,1000],"_links":{"self":[{"href":"https:\/\/www.infokuryr.cz\/n\/wp-json\/wp\/v2\/posts\/99615"}],"collection":[{"href":"https:\/\/www.infokuryr.cz\/n\/wp-json\/wp\/v2\/posts"}],"about":[{"href":"https:\/\/www.infokuryr.cz\/n\/wp-json\/wp\/v2\/types\/post"}],"author":[{"embeddable":true,"href":"https:\/\/www.infokuryr.cz\/n\/wp-json\/wp\/v2\/users\/2"}],"replies":[{"embeddable":true,"href":"https:\/\/www.infokuryr.cz\/n\/wp-json\/wp\/v2\/comments?post=99615"}],"version-history":[{"count":0,"href":"https:\/\/www.infokuryr.cz\/n\/wp-json\/wp\/v2\/posts\/99615\/revisions"}],"wp:featuredmedia":[{"embeddable":true,"href":"https:\/\/www.infokuryr.cz\/n\/wp-json\/wp\/v2\/media\/99616"}],"wp:attachment":[{"href":"https:\/\/www.infokuryr.cz\/n\/wp-json\/wp\/v2\/media?parent=99615"}],"wp:term":[{"taxonomy":"category","embeddable":true,"href":"https:\/\/www.infokuryr.cz\/n\/wp-json\/wp\/v2\/categories?post=99615"},{"taxonomy":"post_tag","embeddable":true,"href":"https:\/\/www.infokuryr.cz\/n\/wp-json\/wp\/v2\/tags?post=99615"}],"curies":[{"name":"wp","href":"https:\/\/api.w.org\/{rel}","templated":true}]}}