{"id":99597,"date":"2026-02-16T00:23:12","date_gmt":"2026-02-15T23:23:12","guid":{"rendered":"https:\/\/www.infokuryr.cz\/n\/?p=99597"},"modified":"2026-02-15T14:02:50","modified_gmt":"2026-02-15T13:02:50","slug":"turecko-dodalo-do-somalska-hlavni-bitevni-tanky-americke-vyroby","status":"publish","type":"post","link":"https:\/\/www.infokuryr.cz\/n\/2026\/02\/16\/turecko-dodalo-do-somalska-hlavni-bitevni-tanky-americke-vyroby\/","title":{"rendered":"Turecko dodalo do Som\u00e1lska hlavn\u00ed bitevn\u00ed tanky americk\u00e9 v\u00fdroby"},"content":{"rendered":"<div id=\"fb-root\"><\/div>\n<p><strong><span dir=\"auto\">Turecko dodalo do Som\u00e1lska hlavn\u00ed bojov\u00e9 tanky americk\u00e9 v\u00fdroby, jak odhalila videa zve\u0159ejn\u011bn\u00e1 na soci\u00e1ln\u00edch s\u00edt\u00edch 13. \u00fanora.<\/span><\/strong><\/p>\n<p><span dir=\"auto\">Z\u00e1b\u011bry ukazuj\u00ed tanky M48 a M60 v Mogadi\u0161u, v p\u0159\u00edstavu som\u00e1lsk\u00e9 metropole a v jeho bl\u00edzkosti, kter\u00fd ned\u00e1vno obdr\u017eel dv\u011b plavidla tureck\u00e9ho n\u00e1mo\u0159nictva: TCG Sancaktar, tankovou v\u00fdsadkovou lo\u010f t\u0159\u00eddy Bayraktar, a TCG G\u00f6kova, fregatu t\u0159\u00eddy G.<\/span><\/p>\n<p><span dir=\"auto\">Pozorovatel\u00e9 odhaduj\u00ed, \u017ee bylo dod\u00e1no asi tucet tank\u016f, ale \u010d\u00edslo je pravd\u011bpodobn\u011b vy\u0161\u0161\u00ed, proto\u017ee tankov\u00e1 v\u00fdsadkov\u00e1 lo\u010f t\u0159\u00eddy Bayraktar m\u016f\u017ee n\u00e9st a\u017e 18 nebo dokonce 20 tank\u016f.<\/span><\/p>\n<p><span dir=\"auto\">Tanky M48 a M60 byly poprv\u00e9 vyrobeny v 50. letech 20. stolet\u00ed. D\u00edky 105mm kan\u00f3n\u016fm a lehk\u00e9mu panc\u00e9\u0159ov\u00e1n\u00ed jsou oba pova\u017eov\u00e1ny za zastaral\u00e9. Tureck\u00e1 arm\u00e1da vlastn\u00ed v\u00edce ne\u017e 750 tank\u016f M48 a p\u0159ibli\u017en\u011b 650 M60. Mnoho z t\u011bchto tank\u016f bylo rozs\u00e1hle modernizov\u00e1no, ale ty dodan\u00e9 do Som\u00e1lska se zdaj\u00ed b\u00fdt star\u0161\u00ed verze M48A5T2 a M60A3 TTS.<\/span><\/p>\n<p><span dir=\"auto\">Tanky jsou jednozna\u010dn\u011b ur\u010deny som\u00e1lsk\u00e9 arm\u00e1d\u011b a i kdy\u017e jsou star\u00e9, budou st\u00e1le v\u00fdznamn\u00fdm p\u0159\u00edr\u016fstkem do arzen\u00e1lu zem\u011b, kter\u00fd v sou\u010dasn\u00e9 dob\u011b neobsahuje takov\u00e9 t\u011b\u017ek\u00e9 zbran\u011b.<\/span><\/p>\n<p><iframe loading=\"lazy\" src=\"https:\/\/s1.cdnstatic.space\/wp-content\/uploads\/2026\/02\/upDxVqUgYPAYCVkF.mp4\" width=\"600\" height=\"338\" data-mce-fragment=\"1\"><\/iframe><\/p>\n<p><iframe loading=\"lazy\" src=\"https:\/\/s1.cdnstatic.space\/wp-content\/uploads\/2026\/02\/Zy-gZcr8zxqEELJC.mp4\" width=\"600\" height=\"338\" data-mce-fragment=\"1\"><\/iframe><\/p>\n<p><span dir=\"auto\">Dod\u00e1vka p\u0159i\u0161la jen n\u011bkolik t\u00fddn\u016f pot\u00e9, co Turecko nasadilo americk\u00e9 st\u00edha\u010dky F-16 na mezin\u00e1rodn\u00edm leti\u0161ti Aden Adde pobl\u00ed\u017e Mogadi\u0161u.<\/span><\/p>\n<p><span dir=\"auto\">Tureck\u00e1 arm\u00e1da v uplynul\u00e9m desetilet\u00ed vycvi\u010dila tis\u00edce som\u00e1lsk\u00fdch voj\u00e1k\u016f jak v Turecku, tak i na sv\u00e9 z\u00e1kladn\u011b v Mogadi\u0161u, zn\u00e1m\u00e9 jako Turksom, k boji proti Al-Shabaab a dal\u0161\u00edm teroristick\u00fdm skupin\u00e1m. V zemi tak\u00e9 nasadila bojov\u00e9 drony, jako nap\u0159\u00edklad TB2 Bayraktar a Akinci. Loni se tak\u00e9 objevily zpr\u00e1vy o vysl\u00e1n\u00ed t\u0159\u00ed \u00fato\u010dn\u00fdch vrtuln\u00edk\u016f T129 Atak do Mogadi\u0161u.<\/span><\/p>\n<p><span dir=\"auto\">Ned\u00e1vn\u00e1 tureck\u00e1 vojensk\u00e1 expanze v zemi \u00fadajn\u011b souvis\u00ed s pl\u00e1ny Ankary vyslat do zem\u011b ropnou pr\u016fzkumnou plo\u0161inu. Platforma za\u010dne s vrt\u00e1n\u00edm u som\u00e1lsk\u00e9ho pob\u0159e\u017e\u00ed koncem tohoto roku. Ve f\u00e1zi pl\u00e1nov\u00e1n\u00ed je tak\u00e9 projekt kosmodromu v severn\u00edm Mogadi\u0161u.<\/span><\/p>\n<p><span dir=\"auto\">Turecko se pravd\u011bpodobn\u011b tak\u00e9 sna\u017e\u00ed \u010delit vlivu Izraele, kter\u00fd se minul\u00fd m\u011bs\u00edc stal prvn\u00edm \u010dlensk\u00fdm st\u00e1tem OSN, jen\u017e form\u00e1ln\u011b uznal Somaliland, odtr\u017eenou oblast v severn\u00edm Som\u00e1lsku.<\/span><\/p>\n<p><span dir=\"auto\">Za zm\u00ednku stoj\u00ed, \u017ee Egypt tak\u00e9 pracuje na roz\u0161\u00ed\u0159en\u00ed sv\u00e9 vojensk\u00e9 p\u0159\u00edtomnosti v Som\u00e1lsku. Do zem\u011b je vysl\u00e1no p\u0159ibli\u017en\u011b 10 000 egyptsk\u00fdch voj\u00e1k\u016f, z nich\u017e polovina bude slou\u017eit v r\u00e1mci Mise Africk\u00e9 unie na podporu a stabilizaci. Druh\u00e1 polovina bude p\u016fsobit samostatn\u011b v som\u00e1lsk\u00e9m regionu Hiiraan, kter\u00fd hrani\u010d\u00ed s Etiopi\u00ed.<\/span><\/p>\n<p><span dir=\"auto\">K\u00e1hira tak\u00e9 nasazuje \u00fato\u010dn\u00e9 letouny AT-802U, \u00fato\u010dn\u00e9 vrtuln\u00edky Mi-24, transportn\u00ed vrtuln\u00edky Mi-17 a \u0161irokou \u0161k\u00e1lu m\u00edstn\u00edch dron\u016f v zemi.<\/span><\/p>\n<p><span dir=\"auto\">Egypt se sice ob\u00e1v\u00e1 rostouc\u00edho izraelsk\u00e9ho vlivu v Somalilandu, ale zd\u00e1 se, \u017ee rozs\u00e1hl\u00e9 nasazen\u00ed vojsk v zemi je nam\u00ed\u0159eno hlavn\u011b proti Etiopii, jeliko\u017e nap\u011bt\u00ed ohledn\u011b p\u0159ehrady Grand Ethiopian Renaissance Dam op\u011bt roste.<\/span><\/p>\n<p><img decoding=\"async\" loading=\"lazy\" class=\"alignnone size-full wp-image-1185\" src=\"http:\/\/www.infokuryr.cz\/n\/wp-content\/uploads\/2021\/04\/kuryr-podpis.png\" alt=\"\" width=\"84\" height=\"24\" \/><\/p>\n<p>&nbsp;<\/p>\n","protected":false},"excerpt":{"rendered":"<p>Turecko dodalo do Som\u00e1lska hlavn\u00ed bojov\u00e9 tanky americk\u00e9 v\u00fdroby, jak odhalila videa zve\u0159ejn\u011bn\u00e1 na soci\u00e1ln\u00edch&#8230;<\/p>\n","protected":false},"author":2,"featured_media":9773,"comment_status":"closed","ping_status":"closed","sticky":false,"template":"","format":"standard","meta":[],"categories":[7],"tags":[3114,1549,55,5135],"_links":{"self":[{"href":"https:\/\/www.infokuryr.cz\/n\/wp-json\/wp\/v2\/posts\/99597"}],"collection":[{"href":"https:\/\/www.infokuryr.cz\/n\/wp-json\/wp\/v2\/posts"}],"about":[{"href":"https:\/\/www.infokuryr.cz\/n\/wp-json\/wp\/v2\/types\/post"}],"author":[{"embeddable":true,"href":"https:\/\/www.infokuryr.cz\/n\/wp-json\/wp\/v2\/users\/2"}],"replies":[{"embeddable":true,"href":"https:\/\/www.infokuryr.cz\/n\/wp-json\/wp\/v2\/comments?post=99597"}],"version-history":[{"count":0,"href":"https:\/\/www.infokuryr.cz\/n\/wp-json\/wp\/v2\/posts\/99597\/revisions"}],"wp:featuredmedia":[{"embeddable":true,"href":"https:\/\/www.infokuryr.cz\/n\/wp-json\/wp\/v2\/media\/9773"}],"wp:attachment":[{"href":"https:\/\/www.infokuryr.cz\/n\/wp-json\/wp\/v2\/media?parent=99597"}],"wp:term":[{"taxonomy":"category","embeddable":true,"href":"https:\/\/www.infokuryr.cz\/n\/wp-json\/wp\/v2\/categories?post=99597"},{"taxonomy":"post_tag","embeddable":true,"href":"https:\/\/www.infokuryr.cz\/n\/wp-json\/wp\/v2\/tags?post=99597"}],"curies":[{"name":"wp","href":"https:\/\/api.w.org\/{rel}","templated":true}]}}