{"id":99568,"date":"2026-02-16T00:12:24","date_gmt":"2026-02-15T23:12:24","guid":{"rendered":"https:\/\/www.infokuryr.cz\/n\/?p=99568"},"modified":"2026-02-15T14:14:23","modified_gmt":"2026-02-15T13:14:23","slug":"elitni-pedofilni-sit-senegal-otrasa-skandal-se-zneuzivanim","status":"publish","type":"post","link":"https:\/\/www.infokuryr.cz\/n\/2026\/02\/16\/elitni-pedofilni-sit-senegal-otrasa-skandal-se-zneuzivanim\/","title":{"rendered":"Elitn\u00ed pedofiln\u00ed s\u00ed\u0165: Senegal ot\u0159\u00e1s\u00e1 skand\u00e1l se zneu\u017e\u00edv\u00e1n\u00edm"},"content":{"rendered":"<div id=\"fb-root\"><\/div>\n<p><strong><span dir=\"auto\">V Senegalu byl rozbit pedofiln\u00ed gang, jeho\u017e sou\u010d\u00e1st\u00ed byli i vysoce postaven\u00ed \u00fa\u0159edn\u00edci. Des\u00edtky d\u011bt\u00ed byly zn\u00e1siln\u011bny a n\u011bkter\u00e9 byly naka\u017eeny virem HIV. Z\u00e1rove\u0148 se v zemi hn\u011bv nam\u00ed\u0159\u00ed i proti homosexu\u00e1l\u016fm.<\/span><\/strong><\/p>\n<p><span dir=\"auto\">Abyste na\u0161li systematick\u00e9 zneu\u017e\u00edv\u00e1n\u00ed nezletil\u00fdch, nemus\u00edte se no\u0159it do spis\u016f Epsteina. D\u011bje se to po cel\u00e9m sv\u011bt\u011b v\u0161ude, kde se setk\u00e1v\u00e1 moc, pen\u00edze a pochybn\u00e1 mor\u00e1lka.\u00a0<\/span><a href=\"https:\/\/www.africanews.com\/2026\/02\/09\/police-in-senegal-arrest-14-members-of-alleged-transnational-paedophile-gang\/\"><span dir=\"auto\">To je tak\u00e9 p\u0159\u00edpad Senegalu<\/span><\/a><span dir=\"auto\"> , kde byl rozbit pedofiln\u00ed gang soust\u0159ed\u011bn\u00fd kolem dob\u0159e konexovan\u00e9ho francouzsk\u00e9ho podnikatele.<\/span><a href=\"https:\/\/x.com\/MenchOsint\/status\/2020983624187994386\/photo\/1\"><img decoding=\"async\" loading=\"lazy\" class=\"wp-image-99570 aligncenter\" src=\"http:\/\/www.infokuryr.cz\/n\/wp-content\/uploads\/2026\/02\/x-10-190x300.jpg\" alt=\"\" width=\"454\" height=\"717\" srcset=\"https:\/\/www.infokuryr.cz\/n\/wp-content\/uploads\/2026\/02\/x-10-190x300.jpg 190w, https:\/\/www.infokuryr.cz\/n\/wp-content\/uploads\/2026\/02\/x-10.jpg 582w\" sizes=\"(max-width: 454px) 100vw, 454px\" \/><\/a><\/p>\n<p><span dir=\"auto\">Ji\u017e bylo provedeno \u010dtrn\u00e1ct zat\u010den\u00ed, identifikov\u00e1ny des\u00edtky ob\u011bt\u00ed a pachateli jsou \u00fadajn\u011b p\u0159ev\u00e1\u017en\u011b takzvan\u00ed v\u00e1\u017een\u00ed \u010dlenov\u00e9 spole\u010dnosti. Tito mu\u017ei systematicky po l\u00e9ta zn\u00e1sil\u0148ovali nezletil\u00e9, toto sexu\u00e1ln\u00ed zneu\u017e\u00edv\u00e1n\u00ed dokumentovali a \u0161\u00ed\u0159ili ho po cel\u00e9m sv\u011bt\u011b.<\/span><\/p>\n<p><span dir=\"auto\">Obvin\u011bn\u00ed zahrnuj\u00ed \u201eorganizovanou pedofilii, kupl\u00ed\u0159stv\u00ed, zn\u00e1sil\u0148ov\u00e1n\u00ed nezletil\u00fdch mlad\u0161\u00edch 15 let, sodomii a \u00famysln\u00e9 \u0161\u00ed\u0159en\u00ed HIV\/AIDS\u201c. Policie uv\u00e1d\u00ed, \u017ee skupina je aktivn\u00ed od roku 2017. \u010clenov\u00e9 \u00fadajn\u011b nutili mlad\u00e9 chlapce k nechr\u00e1n\u011bn\u00e9mu sexu s mu\u017ei, z nich\u017e v\u011bt\u0161ina byla HIV pozitivn\u00ed.<\/span><\/p>\n<p><a href=\"https:\/\/x.com\/le_Parisien\/status\/2020902797726634358?ref_src=twsrc%5Etfw%7Ctwcamp%5Etweetembed%7Ctwterm%5E2020902797726634358%7Ctwgr%5E54469475ae7c0ac30978c69cbcb77f3db40e7a1c%7Ctwcon%5Es1_&amp;ref_url=https%3A%2F%2Freport24.news%2Felite-paedophilenring-missbrauchsskandal-erschuettert-den-senegal%2F\"><img decoding=\"async\" loading=\"lazy\" class=\"wp-image-99571 aligncenter\" src=\"http:\/\/www.infokuryr.cz\/n\/wp-content\/uploads\/2026\/02\/x1-10-248x300.jpg\" alt=\"\" width=\"510\" height=\"617\" srcset=\"https:\/\/www.infokuryr.cz\/n\/wp-content\/uploads\/2026\/02\/x1-10-248x300.jpg 248w, https:\/\/www.infokuryr.cz\/n\/wp-content\/uploads\/2026\/02\/x1-10.jpg 599w\" sizes=\"(max-width: 510px) 100vw, 510px\" \/><\/a><\/p>\n<p><span dir=\"auto\">Mezi zat\u010den\u00fdmi jsou vlivn\u00ed a bohat\u00ed jednotlivci, lid\u00e9 s p\u0159\u00edstupem k s\u00edt\u00edm, kter\u00e9 obvykle nab\u00edzej\u00ed ochranu a imunitu. Pr\u00e1v\u011b to d\u00e1le p\u0159i\u017eivuje hn\u011bv ve\u0159ejnosti. Na soci\u00e1ln\u00edch s\u00edt\u00edch a v ulic\u00edch propuk\u00e1 vlna vzteku, znechucen\u00ed a po\u017eadavk\u016f na maxim\u00e1ln\u00ed trest. Mnoho Senegalc\u016f vn\u00edm\u00e1 p\u0159\u00edpad nejen jako zlo\u010din, ale i jako \u00fatok na mor\u00e1ln\u00ed identitu sv\u00e9 zem\u011b.<\/span><\/p>\n<p><span dir=\"auto\">Soub\u011b\u017en\u011b s vy\u0161et\u0159ov\u00e1n\u00edm pedofiln\u00edho gangu doch\u00e1z\u00ed ke zintenzivn\u011bn\u00ed policejn\u00edch akc\u00ed proti mu\u017e\u016fm obvin\u011bn\u00fdm z homosexu\u00e1ln\u00edch \u010din\u016f. Pr\u00e1vn\u011b jsou tato \u0159\u00edzen\u00ed odd\u011blena od p\u0159\u00edpad\u016f zneu\u017e\u00edv\u00e1n\u00ed, ale ve ve\u0159ejn\u00e9m vn\u00edm\u00e1n\u00ed jsou hranice mezi nimi rozmazan\u00e9. Pro mnoho lid\u00ed se tento skand\u00e1l stal symbolem mor\u00e1ln\u00ed krize v zemi.<\/span><\/p>\n<p><img decoding=\"async\" loading=\"lazy\" class=\"alignnone size-full wp-image-1185\" src=\"http:\/\/www.infokuryr.cz\/n\/wp-content\/uploads\/2021\/04\/kuryr-podpis.png\" alt=\"\" width=\"84\" height=\"24\" \/><\/p>\n<p>&nbsp;<\/p>\n","protected":false},"excerpt":{"rendered":"<p>V Senegalu byl rozbit pedofiln\u00ed gang, jeho\u017e sou\u010d\u00e1st\u00ed byli i vysoce postaven\u00ed \u00fa\u0159edn\u00edci. Des\u00edtky d\u011bt\u00ed&#8230;<\/p>\n","protected":false},"author":2,"featured_media":99569,"comment_status":"closed","ping_status":"closed","sticky":false,"template":"","format":"standard","meta":[],"categories":[7],"tags":[3891,5586,1009],"_links":{"self":[{"href":"https:\/\/www.infokuryr.cz\/n\/wp-json\/wp\/v2\/posts\/99568"}],"collection":[{"href":"https:\/\/www.infokuryr.cz\/n\/wp-json\/wp\/v2\/posts"}],"about":[{"href":"https:\/\/www.infokuryr.cz\/n\/wp-json\/wp\/v2\/types\/post"}],"author":[{"embeddable":true,"href":"https:\/\/www.infokuryr.cz\/n\/wp-json\/wp\/v2\/users\/2"}],"replies":[{"embeddable":true,"href":"https:\/\/www.infokuryr.cz\/n\/wp-json\/wp\/v2\/comments?post=99568"}],"version-history":[{"count":0,"href":"https:\/\/www.infokuryr.cz\/n\/wp-json\/wp\/v2\/posts\/99568\/revisions"}],"wp:featuredmedia":[{"embeddable":true,"href":"https:\/\/www.infokuryr.cz\/n\/wp-json\/wp\/v2\/media\/99569"}],"wp:attachment":[{"href":"https:\/\/www.infokuryr.cz\/n\/wp-json\/wp\/v2\/media?parent=99568"}],"wp:term":[{"taxonomy":"category","embeddable":true,"href":"https:\/\/www.infokuryr.cz\/n\/wp-json\/wp\/v2\/categories?post=99568"},{"taxonomy":"post_tag","embeddable":true,"href":"https:\/\/www.infokuryr.cz\/n\/wp-json\/wp\/v2\/tags?post=99568"}],"curies":[{"name":"wp","href":"https:\/\/api.w.org\/{rel}","templated":true}]}}