{"id":9953,"date":"2022-04-25T04:04:51","date_gmt":"2022-04-25T02:04:51","guid":{"rendered":"http:\/\/www.infokuryr.cz\/n\/?p=9953"},"modified":"2022-04-25T04:04:51","modified_gmt":"2022-04-25T02:04:51","slug":"nedelnik-adama-b-bartose-84-o-vlajkach","status":"publish","type":"post","link":"https:\/\/www.infokuryr.cz\/n\/2022\/04\/25\/nedelnik-adama-b-bartose-84-o-vlajkach\/","title":{"rendered":"NED\u011aLN\u00cdK ADAMA B. BARTO\u0160E (84): O VLAJK\u00c1CH"},"content":{"rendered":"<div id=\"fb-root\"><\/div>\n<p>Dob\u00edhal jsem v\u010dera autobus (b\u011b\u017eel mu vst\u0159\u00edc) a sko\u010dil hned do prvn\u00edch dve\u0159\u00ed, tedy t\u011bch u \u0159idi\u010de. \u0158idi\u010d se uk\u00e1zal jako velice slu\u0161n\u00fd \u010dlov\u011bk, proto\u017ee mi nejen neujel, ale je\u0161t\u011b m\u011bl nav\u00edc na skle sv\u00e9 \u201ekukan\u011b\u201c nalepenou vlajku, kter\u00e1 mi ud\u011blala radost. Vlajku, kter\u00e1 se dnes moc nevid\u00ed.<span id=\"more-13000\"><\/span><\/p>\n<p>\u201eNo sl\u00e1va, aspo\u0148 n\u011bkdo m\u00e1 \u010deskou, to je spr\u00e1vn\u00fd,\u201c okomentoval jsem to sm\u011brem ke sv\u00e9mu kolegovi, se kter\u00fdm jsem nastupoval, ale z\u00e1rove\u0148 i tak, aby to \u0159idi\u010d zaslechl. Evidentn\u011b jsem ho svou pochvalou pot\u011b\u0161il. \u201eNo samoz\u0159ejm\u011b, jsme p\u0159ece \u010ce\u0161i, ne?\u201c odpov\u011bd\u011bl r\u00e1zn\u011b a podle hlasu se nejsp\u00ed\u0161e trochu usm\u00edval, i kdy\u017e jedin\u00e9, co jsem vid\u011bl, byla jen ruka dr\u017e\u00edc\u00ed volant. V\u0161ichni t\u0159i jsme byli r\u00e1di. J\u00e1 a L\u00e1\u010fa B\u00e1tora proto, \u017ee jsme v\u011bd\u011bli, \u017ee jedeme se slu\u0161n\u00fdm \u0159idi\u010dem, on proto, \u017ee n\u011bkdo ocenil ten jeho odbojov\u00fd \u010din. Napadlo mne, \u017ee bych t\u00edm mohl za\u010d\u00edt sv\u016fj dne\u0161n\u00ed ned\u011bln\u00edk, u kter\u00e9ho v\u00e1s v\u00edt\u00e1m. U\u017e del\u0161\u00ed \u010das jsem toti\u017e p\u0159em\u00fd\u0161lel, \u017ee ho budu v\u011bnovat pr\u00e1v\u011b vlajk\u00e1m\u2026 A o tom, z jak\u00e9 akce jsme s L. B\u00e1torou ut\u00edkali na autobus, o tom zase t\u0159eba p\u0159\u00ed\u0161t\u011b\u2026<\/p>\n<p>Netvrd\u00edm, \u017ee kdo m\u00e1 na tramvaji ukrajinskou vlajku (kterou m\u00e1 v Praze ka\u017ed\u00e1 tramvaj u\u017e \u0161edes\u00e1t\u00fd den), \u017ee je neslu\u0161n\u00fd \u0159idi\u010d. Dostali to rozkazem a m\u00e1lokdo m\u00e1 asi odvahu ji sundat. Jako obyvatele metropole mne to ale irituje, proto\u017ee nech\u00e1pu, pro\u010d by m\u011bly tramvaje jezdit pod ukrajinskou vlajkou. A ne\u017e mne n\u011bkdo oso\u010d\u00ed, \u017ee jsem prorusk\u00fd troll, dod\u00e1v\u00e1m, \u017ee bych necht\u011bl na tramvaj\u00edch ani rusk\u00e9 vlajky. Cht\u011bl bych tam \u010deskou, ale to se dnes nenos\u00ed. Vyv\u011bsit si \u010deskou vlajku, to je podle mne projev odvahy na jedn\u00e9 a my\u0161lenkov\u00e9 nez\u00e1vislosti na stran\u011b druh\u00e9.<\/p>\n<p>Proto\u017ee \u00fachylnost demonstrativn\u00edho vyv\u011b\u0161ov\u00e1n\u00ed vlajek ciz\u00edch st\u00e1t\u016f je p\u0159edev\u0161\u00edm \u00fachylnost\u00ed pra\u017esk\u00e9 kav\u00e1rny, d\u011bje se to hlavn\u011b v hlavn\u00edm m\u011bst\u011b a v dal\u0161\u00edch v\u011bt\u0161\u00edch m\u011bstech to pak pouze napodobuj\u00ed. Kdy\u017e se bav\u00edm s lidmi z men\u0161\u00edch m\u011bst a obc\u00ed, jsou t\u011bchto orgi\u00ed u\u0161et\u0159eni. Proto pro pochopen\u00ed lid\u00ed z venkova pop\u00ed\u0161u to, co m\u00e1 obyvatel Prahy na o\u010d\u00edch ka\u017ed\u00fd den a \u010d\u00edm je \u010desk\u00fd nacionalista \u017eij\u00edc\u00ed v Praze denn\u011b t\u00fdr\u00e1n. Pra\u017e\u00e1k m\u016f\u017ee n\u00e1sleduj\u00edc\u00ed odstavec p\u0159esko\u010dit.<\/p>\n<p>V Praze vid\u00edte ukrajinsk\u00e9 vlajky doslova na ka\u017ed\u00e9m kroku. Kdy\u017e nap\u0159\u00edklad jedete po Magistr\u00e1le, co\u017e je hlavn\u00ed silni\u010dn\u00ed tepna prot\u00ednaj\u00edc\u00ed centrum m\u011bsta, jsou na ka\u017ed\u00e9m sto\u017e\u00e1ru pouli\u010dn\u00edho osv\u011btlen\u00ed, podobn\u011b jako tomu b\u00fdv\u00e1 s v\u00e1no\u010dn\u00ed v\u00fdzdobou apod. Kdy\u017e tou magistr\u00e1lou p\u0159ijedete a\u017e k N\u00e1rodn\u00edmu muzeu, je tam jedna velk\u00e1 p\u0159es celou v\u00fd\u0161ku budovy. Ka\u017ed\u00e1 tramvaj m\u00e1 \u017elutomodrou n\u00e1lepku na rovn\u011b\u017e nep\u0159ehl\u00e9dnuteln\u00e9m m\u00edst\u011b, na \u010dum\u00e1ku kabiny \u0159idi\u010de. T\u00e9m\u011b\u0159 ka\u017ed\u00e1 st\u00e1tn\u00ed instituce \u010di st\u00e1tn\u00ed \u00fa\u0159ad nebo dokonce m\u011bstsk\u00e1 \u010d\u00e1st m\u00e1 na \u017eerdi vyv\u011b\u0161enu ukrajinskou vlajku, ukrajinsk\u00e9 polepky maj\u00ed i slu\u017eebn\u00ed vozidla firem pracuj\u00edc\u00edch pro m\u011bsto (op\u011bt v\u0161echna vozidla dan\u00e9 firmy, bez rozd\u00edlu). Ukrajinsk\u00e9 vlajky vis\u00ed pak z dom\u016f, panel\u00e1k\u016f, \u010din\u017e\u00e1k\u016f a jin\u00fdch obytn\u00fdch \u010di kancel\u00e1\u0159sk\u00fdch budov, na balk\u00f3nech, v oknech. A \u0159idi\u010di je spat\u0159\u00ed n\u011bkolikr\u00e1t denn\u011b na zadn\u00edch sklech \u010di karos\u00e9ri\u00edch mnoha osobn\u00edch aut, kter\u00e1 je m\u00edj\u00ed.<\/p>\n<p>Venkovan je toho v\u0161eho na\u0161t\u011bst\u00ed u\u0161et\u0159en, ov\u0161em nejsp\u00ed\u0161e n\u011bco podobn\u00e9ho u\u017e vid\u011bl na internetu. I tam se n\u00e1m webov\u00e9 str\u00e1nky mnoha spole\u010dnost\u00ed, firem, eshop\u016f, \u00fa\u0159ad\u016f a instituc\u00ed p\u011bkn\u011b vybarvily \u2013 do modro\u017eluta. Jen\u017ee skute\u010dn\u00e9 vlajky spat\u0159en\u00e9 v re\u00e1lu, na \u017eivo, t\u0159epotaj\u00edc\u00ed se ve v\u011btru, to je p\u0159ece jen jin\u00fd z\u00e1\u017eitek ne\u017e n\u011bjak\u00e1 ikonka na obrazovce po\u010d\u00edta\u010de. A jinak na \u010dlov\u011bka p\u016fsob\u00ed. Vlajka je toti\u017e symbolem st\u00e1tu, je vyj\u00e1d\u0159en\u00edm st\u00e1tnosti, p\u0159i pohledu na ni se v n\u00e1s cosi odehr\u00e1v\u00e1, vyvol\u00e1v\u00e1 v n\u00e1s emoce a pocit p\u0159in\u00e1le\u017eitosti (d\u00edv\u00e1me-li se na tu vlastn\u00ed), sympati\u00ed (d\u00edv\u00e1me-li se na vlajku n\u00e1m bl\u00edzk\u00e9ho st\u00e1tu) nebo dokonce antipati\u00ed, d\u00edv\u00e1me-li se na vlajku st\u00e1tu nep\u0159\u00e1telsk\u00e9ho (t\u0159eba p\u0159i pohledu na ruskou vlajku naskakuj\u00ed n\u011bkter\u00fdm politik\u016fm osypky, zat\u00edmco p\u0159i pohledu na vlajku hv\u011bzd a pruh\u016f si tit\u00ed\u017e politici ucvrnk\u00e1vaj\u00ed do spo\u010f\u00e1r\u016f).<\/p>\n<p>Pro Ukrajince v Praze to mus\u00ed b\u00fdt jist\u011b z\u00e1\u017eitek povzn\u00e1\u0161ej\u00edc\u00ed. Kdy\u017e si tak Ukrajinec jezd\u00ed po matce m\u011bst, samoz\u0159ejm\u011b zadarmo m\u011bstskou dopravou, jist\u011b ho z ok\u00e9nka ukrajinskou vlajkou polepen\u00e9 tramvaje pot\u011b\u0161\u00ed, kdy\u017e ho cestou do ZOO (kterou m\u00e1 tak\u00e9 zdarma) v\u00edtaj\u00ed stovky vlajek jeho st\u00e1tu. Na\u0161inec, kter\u00fd se do ZOO boj\u00ed j\u00edt u\u017e jen proto, \u017ee je \u201eZ\u201c zak\u00e1z\u00e1no a nem\u00e1 \u010das jezdit po pam\u00e1tk\u00e1ch, proto\u017ee n\u011bkdo p\u0159ece ty miliardy pro Ukrajince vyd\u011bl\u00e1vat mus\u00ed, si jen v\u0161\u00edm\u00e1, jak se mezi t\u011bmi ukrajinsk\u00fdmi ty \u010desk\u00e9 vlajky tak n\u011bjak ustra\u0161en\u011b kr\u010d\u00ed. Mnohde se ani nekr\u010d\u00ed, proto\u017ee tam \u00fapln\u011b absentuj\u00ed a kde je\u0161t\u011b jsou, tam t\u00e9m\u011b\u0159 zanikaj\u00ed. Ka\u017ed\u00fd \u00fa\u0159ad u\u017e p\u0159ed \u201eUkrajinou\u201c vyv\u011b\u0161oval tolik vlajek, \u017ee ta \u010desk\u00e1 tam vypadala jako chud\u00e1 p\u0159\u00edbuzn\u00e1. Zpravidla \u010desk\u00e1 ani nevis\u00ed, vytahuje se nap\u0159\u00edklad jen o sv\u00e1tc\u00edch a pak zase \u0161up s n\u00ed do kamrl\u00edku, ale vlajka EU \u2013 to je, pane\u010dku, klasika, to je st\u00e1lice, to je dr\u017e\u00e1k, kter\u00fd nesm\u00ed chyb\u011bt na \u017e\u00e1dn\u00e9m dr\u017e\u00e1ku. A\u010dkoli to vlastn\u011b ani nen\u00ed st\u00e1tn\u00ed vlajka. Speci\u00e1ln\u00ed pra\u017eskou lib\u016fstkou jsou pak vlajky na\u0161eho bl\u00edzk\u00e9ho souseda (geograficky a kulturn\u011b-civiliza\u010dn\u011b) \u2013 Tibetu. No a pak tu m\u00e1me tak\u00e9 vlajky duhov\u00e9 \u2013 na ty se v \u010desk\u00e9 metropoli rovn\u011b\u017e nesm\u00ed zapom\u00ednat, i kdy\u017e mi dosud nikdo nevysv\u011btlil, pro\u010d maj\u00ed svoji vlajku jen gayov\u00e9, lesby, transvestit\u00e9 a dal\u0161\u00edch 69 (nebo kolik jich u\u017e je) pohlav\u00ed, zat\u00edmco heterosexu\u00e1ln\u00ed mu\u017e \u017e\u00e1dnou vlajku nem\u00e1. Nen\u00ed to diskriminace? A vyv\u011bs\u00ed-li magistr\u00e1t LGBTQ vlajku, je to je\u0161t\u011b \u201ebezpe\u010dn\u00fd prostor\u201c i pro n\u00e1s, co \u017e\u00e1dnou deviaci nem\u00e1me?<\/p>\n<p>Samostatnou kapitolou je vlajka modrob\u00edl\u00e1. Ta se vytahuje kdykoli, kdy\u017e na Izrael spadne raketa z Gazy. To se hned na Hrad\u011b, ale i v podhrad\u00ed,\u00a0<a href=\"https:\/\/www.idnes.cz\/zpravy\/domaci\/vlajka-izraele-podpora-vlada-hrad-ministerstvo-zahranici.A210514_170211_domaci_kop\" target=\"_blank\" rel=\"noopener\"><em><strong>na projev solidarity vyst\u0159el\u00ed na lanku k nebes\u016fm prapor s Davidovou hv\u011bzdou<\/strong><\/em><\/a>, a to i za cenu, \u017ee mus\u00ed na chv\u00edli dol\u016f i modr\u00fd hadr EU. Posledn\u00ed dva m\u011bs\u00edce si ale mysl\u00edm, \u017ee v Izraeli musej\u00ed na Ukrajinu p\u011bkn\u011b \u017e\u00e1rlit, proto\u017ee \u010ce\u0161i se na chv\u00edli zapomn\u011bli, s k\u00fdm by m\u011bli d\u011blat dru\u017ebu na v\u011b\u010dn\u00e9 \u010dasy a nikdy jinak. Ov\u0161em podle tohoto \u010dl\u00e1nku, ve kter\u00e9m se tvrd\u00ed, \u017ee Zelenskyj\u00a0<a href=\"https:\/\/www.idnes.cz\/zpravy\/zahranicni\/ukrajina-valka-rusko-zelenskyj-orban.A220405_102639_zahranicni_wass\" target=\"_blank\" rel=\"noopener\"><em><strong>chce Ukrajinu jako Velk\u00fd Izrael<\/strong><\/em><\/a>, by mohla b\u00fdt z\u00e1hada vy\u0159e\u0161ena.<\/p>\n<p><img decoding=\"async\" loading=\"lazy\" class=\"alignnone size-full wp-image-13002 lazy-loaded\" src=\"https:\/\/narodnidemokracie.cz\/wp-content\/uploads\/2022\/04\/278930582_2117619655076173_7658934444265433379_n.jpg\" sizes=\"(max-width: 679px) 100vw, 679px\" srcset=\"https:\/\/narodnidemokracie.cz\/wp-content\/uploads\/2022\/04\/278930582_2117619655076173_7658934444265433379_n.jpg 679w, https:\/\/narodnidemokracie.cz\/wp-content\/uploads\/2022\/04\/278930582_2117619655076173_7658934444265433379_n-300x196.jpg 300w, https:\/\/narodnidemokracie.cz\/wp-content\/uploads\/2022\/04\/278930582_2117619655076173_7658934444265433379_n-665x435.jpg 665w, https:\/\/narodnidemokracie.cz\/wp-content\/uploads\/2022\/04\/278930582_2117619655076173_7658934444265433379_n-398x260.jpg 398w\" alt=\"\" width=\"679\" height=\"444\" data-lazy-type=\"image\" data-src=\"https:\/\/narodnidemokracie.cz\/wp-content\/uploads\/2022\/04\/278930582_2117619655076173_7658934444265433379_n.jpg\" data-srcset=\"\" \/><\/p>\n<p>Ve v\u00fdsledku to pak vypad\u00e1, jak mi jeden m\u016fj kamar\u00e1d l\u00ed\u010dil: \u017ee na jejich \u201e\u00fa\u0159adu\u201c p\u0159ed dv\u011bma t\u00fddny viselo vedle \u010desk\u00e9 hned n\u011bkolik vlajek \u2013 unijn\u00ed, ukrajinsk\u00e1, duhov\u00e1, tibetsk\u00e1 a je\u0161t\u011b \u010dern\u00e1, proto\u017ee zem\u0159ela v\u00fdznamn\u00e1 \u010desk\u00e1 \u0159eznice. Proto ten \u00fa\u0159ad d\u00e1v\u00e1m do uvozovek \u2013 je to vlastn\u011b je\u0161t\u011b \u00fa\u0159ad? A je to \u010desk\u00fd \u00fa\u0159ad? A \u010deho je to vlastn\u011b \u00fa\u0159ad? Kdo tam \u00fa\u0159aduje a co se tam z\u00fa\u0159adov\u00e1v\u00e1? Na\u0161inec aby se do takov\u00e9 budovy vlastn\u011b b\u00e1l j\u00edt. Co ho tam \u010dek\u00e1? Gay klub? V\u00fdstava o Tibetu? Ukrajinsk\u00e9 velvyslanectv\u00ed? Zem\u0159el n\u011bjak\u00fd zam\u011bstnanec toho \u00fa\u0159adu? A hele, je tam i \u010desk\u00e1. Nen\u00ed to nakonec jen n\u011bjak\u00fd hotel, penzion \u010di motel, nad jejich\u017e vstupem visi tradi\u010dn\u011b n\u011bkolik vlajek, aby vypadal \u201esv\u011btov\u011b\u201c?<\/p>\n<p>Vlajky n\u00e1m toti\u017e pom\u00e1haj\u00ed orientovat se v prostoru, a to nejen v tom trojrozm\u011brn\u00e9m. Spoluutv\u00e1\u0159ej\u00ed pocit soun\u00e1le\u017eitosti, fand\u00edme s nimi, m\u00e1v\u00e1me s nimi na demonstrac\u00edch, prezentujeme se s nimi, identifikujeme se s nimi, c\u00edt\u00edme se s nimi hrd\u011b, uv\u011bdomujeme si d\u00edky nim, kam pat\u0159\u00edme. V cizin\u011b n\u00e1m p\u0159ipom\u00ednaj\u00ed domov (hele, t\u00e1mhle jsou na\u0161i, t\u00e1mhle vlaje na\u0161e vlajka, to bude na\u0161e ambas\u00e1da), u n\u00e1s doma zase to, \u017ee jsme ve sv\u00e9m prostoru, kter\u00fd je n\u00e1\u0161. Vlajky vytahujeme, kdy\u017e slav\u00edme, stejn\u011b jako kdy\u017e se odehr\u00e1v\u00e1 n\u011bjak\u00e1 trag\u00e9die, proti n\u00ed\u017e protestujeme. Vlajky maj\u00ed sv\u016fj metafyzick\u00fd v\u00fdznam. N\u011bkdo by zase \u0159ekl, \u017ee jimi posilujeme egregory. Nazvat to m\u016f\u017eeme r\u016fzn\u011b, ale jist\u011b se shodneme, \u017ee n\u00e1s vlajka na\u0161eho st\u00e1tu nikdy nenech\u00e1 chladn\u00fdmi.<\/p>\n<p>Jak se tedy c\u00edt\u00ed Ukrajinec v Praze dne\u0161n\u00edch dn\u00ed, si proto m\u016f\u017eeme snadno domyslet. Jist\u011b mu to d\u00e1 onen pocit domova, jist\u011b to v n\u011bm upevn\u00ed jeho l\u00e1sku k zemi, pokud n\u011bjakou m\u00e1 (a pokud jen neprch\u00e1 kamkoli na Z\u00e1pad za lep\u0161\u00edm). Jist\u011b to v n\u011bm probud\u00ed n\u00e1rodn\u00ed hrdost, rozn\u011b\u017en\u00ed to jeho du\u0161i a tak v\u0161elijak, a tak podobn\u011b. Orienta\u010dn\u011b mu to sice nepom\u016f\u017ee \u2013 kdy\u017e \u017elutomodr\u00e1 fangle vis\u00ed z kdejak\u00e9 pavla\u010de, z kdejak\u00e9ho pr\u016fchodu \u010di nad kdejak\u00fdm vchodem, sp\u00ed\u0161e mu to cestu k ukrajinsk\u00e9 ambas\u00e1d\u011b \u010di imigra\u010dn\u00edmu centru zt\u00ed\u017e\u00ed. Ale ten pocit solidarity, kter\u00fd na n\u011bj s pra\u017esk\u00fdch v\u011b\u017e\u00ed shl\u00ed\u017e\u00ed a vlaje mu na p\u0159iv\u00edtanou, to asi neza\u017eil ani v tom sv\u00e9m slavn\u00e9m \u201eKijivu\u201c nebo jak se te\u010f to jeho hlavn\u00ed m\u011bsto m\u00f3dn\u011b \u2013 po ukrajinsku \u2013 vyslovuje.<\/p>\n<p>Ale co \u010cech? Ten u\u017e to m\u00e1 hor\u0161\u00ed. \u010ceskou vlajku skoro nevid\u00ed\u0161, jen z\u00e1plavu modro\u017elut\u00fdch. Co to znamen\u00e1? Kde to jsem? Kde domov m\u016fj?<\/p>\n<p>Jsem tu vlastn\u011b je\u0161t\u011b doma? Nen\u00ed to u\u017e domov n\u011bkoho jin\u00e9ho? Nechyst\u00e1 se tu n\u00e1hodou n\u011bjak\u00e1 nov\u00e1 Ukrajina, s televizn\u00edm vys\u00edl\u00e1n\u00edm pro Ukrajince, s v\u00fdhodami pro Ukrajince, s \u00fa\u0159edn\u00edm jazykem pro Ukrajince? A pakli\u017ee se tu nechyst\u00e1 n\u011bjak\u00e1 nov\u00e1 Ukrajina, m\u016f\u017ee mi vl\u00e1da alespo\u0148 zaru\u010dit, \u017ee se nechyst\u00e1 ukrajinizace \u010desk\u00e9 spole\u010dnosti? Na Ukrajin\u011b pr\u00e1vn\u00ed st\u00e1t moc nefungoval (korupce na ka\u017ed\u00e9m kroku, nedostatek pr\u00e1ce, \u017e\u00e1dn\u00e1 odpov\u00eddaj\u00edc\u00ed mzda apod.), proto u\u017e p\u0159ed v\u00e1lkou deset milion\u016f Ukrajinc\u016f uprchlo ze zem\u011b do sv\u011bta. I k n\u00e1m. To ale i u n\u00e1s okam\u017eit\u011b m\u011bn\u00ed standardy (nap\u0159\u00edklad mzdy se sni\u017euj\u00ed, proto\u017ee se jejich v\u00fd\u0161e nastavuje podle Ukrajinc\u016f a ne podle \u201edom\u00e1c\u00edch\u201c). Ob\u00e1v\u00e1m se, co s t\u00edm ud\u011blaj\u00ed dal\u0161\u00ed statis\u00edce uprchl\u00edk\u016f. U\u017e te\u010f vid\u00edme, jak n\u00e1\u0161 st\u00e1t p\u0159est\u00e1v\u00e1 fungovat (nezvl\u00e1d\u00e1 zaji\u0161\u0165ovat to \u010di ono, je \u0159\u00edzen naprosto chaoticky, m\u00edsto skute\u010dn\u00fdch probl\u00e9m\u016f \u2013 nap\u0159\u00edklad inflace, r\u016fst cen energi\u00ed apod. \u2013 se \u0159e\u0161\u00ed pseudot\u00e9mata, na pr\u00e1vo se tu ka\u0161le, svoboda u\u017e neexistuje d\u00e1vno, z\u00e1kony se oh\u00fdbaj\u00ed tak, jak zrovna moment\u00e1ln\u011b na americk\u00e9 ambas\u00e1d\u011b pot\u0159ebuj\u00ed a vl\u00e1da v hlubok\u00e9m p\u0159edklonu slou\u017e\u00ed z\u00e1padn\u00edm elit\u00e1m, zat\u00edmco na vlastn\u00ed ob\u010dany zvysoka ka\u0161le). Pokud to takto p\u016fjde d\u00e1l, nebudou to Ukrajinci, kte\u0159\u00ed by dos\u00e1hli \u017eivotn\u00ed \u00farovn\u011b \u010cech\u016f, ale \u010ce\u0161i dos\u00e1hnou \u017eivotn\u00ed \u00farovn\u011b Ukrajinc\u016f.<\/p>\n<p>M\u016f\u017ee mi pan ministr vnitra garantovat, \u017ee spolu se statis\u00edci uprchl\u00edk\u016f nep\u0159ijde ukrajinsk\u00e1 mafie, neon\u00e1ckov\u00e9 z AZOVu nebo krimin\u00e1ln\u00edci, kter\u00e9 ukrajinsk\u00fd prezident propustil z v\u011bzen\u00ed a rozdal jim zbran\u011b? Unese \u010desk\u00e1 spole\u010dnost p\u00e9\u010di o ukrajinsk\u00e9 uprchl\u00edky finan\u010dn\u011b, ale i z hlediska ochrany ve\u0159ejn\u00e9ho zdrav\u00ed, bezpe\u010dnostn\u011b a kulturn\u011b? Nedojde k majdanizaci \u010desk\u00e9 politiky a kultury? Nedojde k vytv\u00e1\u0159en\u00ed ghett, mafi\u00ed, klan\u016f, gang\u016f a dal\u0161\u00edch struktur? Nebudou se zde Ukrajinci chovat arogantn\u011b, kdy\u017e jich tu bude n\u00e1hle tolik (a stanou se zdaleka nejv\u011bt\u0161\u00ed men\u0161inou u n\u00e1s) a kdy\u017e u\u017e nyn\u00ed vid\u00ed, jak je serviln\u011b a submisivn\u011b v\u00edt\u00e1me s otev\u0159enou n\u00e1ru\u010d\u00ed a doslova jim se stovkami a stovkami vlajek provol\u00e1v\u00e1me sl\u00e1vu, jako bychom ne\u010dekali na nikoho jin\u00e9ho, ne\u017e pr\u00e1v\u011b na n\u011b? Nezneu\u017eij\u00ed na\u0161\u00ed dobroty? Ne\u0159\u00edk\u00e1m, \u017ee se tak stane, jen se pt\u00e1m, kde jsou z\u00e1ruky, \u017ee se tak nestane. Povedou ukrajinsk\u00e9 vlajky, kter\u00e9 uprchl\u00edky v\u00edtaj\u00ed na ka\u017ed\u00e9m kroku, k poko\u0159e a k vd\u011b\u010dnosti za na\u0161i solidaritu a pomoc, nebo v nich sp\u00ed\u0161e upevn\u00ed pocit, \u017ee zde mohou v\u0161e? Mysl\u00edm, \u017ee to jsou d\u016fle\u017eit\u00e9 ot\u00e1zky, jak\u00e9 bychom si m\u011bli kl\u00e1st.<\/p>\n<p>A pak je tu \u010desk\u00e1 vlajka, o kter\u00e9 du\u0161evn\u00ed gigant Cemper nap\u00ed\u0161e, \u017ee v jist\u00e9m ohledu m\u016f\u017ee znamenat proruskou propagandu a kolaboraci s Ruskem (viz ned\u00e1vn\u00fd \u010dl\u00e1nek na\u00a0<a href=\"https:\/\/aeronet.news\/video-viceprezident-ruske-akademie-geopolitickych-studii-spustil-v-ruske-televizi-roztrzku-o-tom-jestli-by-rusko-melo-financovat-pro-ruske-politiky-v-eu-stejne-jako-to-dela-george-soros\/\" target=\"_blank\" rel=\"noopener\"><em><strong>Aeronetu<\/strong><\/em><\/a>). Co kdybychom ji tedy vlastn\u011b rovnou zak\u00e1zali a ty, kdo se ji opov\u00e1\u017e\u00ed vyt\u00e1hnout, zav\u0159eli do lochu? Jak to tak b\u00fdv\u00e1, od ho\u0159k\u00e9 nads\u00e1zky nen\u00ed daleko k realit\u011b, tak\u017ee bych se moc nesm\u00e1l. \u0158idi\u010d onoho autobusu by si m\u011bl d\u00e1t pozor, \u010desk\u00e1 vlajka by ho mohla nakonec p\u0159ij\u00edt hodn\u011b draho\u2026<\/p>\n<p>Zakon\u010d\u00edm my\u0161lenkou, kterou si vyp\u016fj\u010d\u00edm od sv\u00e9ho zn\u00e1m\u00e9ho, proto\u017ee mi p\u0159ijde vtipn\u00e1 i smutn\u00e1 z\u00e1rove\u0148, nebo\u0165 p\u0159esn\u011b vystihuje m\u00e9 pocity ze sou\u010dasn\u00e9 \u010desk\u00e9 politiky:<\/p>\n<p>\u201eN\u011bkter\u00fdm n\u00e1rod\u016fm skute\u010dn\u011b z\u00e1vid\u00edm, kdy\u017e politici na prvn\u00edm m\u00edst\u011b bojuj\u00ed za jejich z\u00e1jmy bez ohledu na cokoli jin\u00e9ho. Tak\u017ee z\u00e1vid\u00edm Ma\u010far\u016fm prezidenta Orb\u00e1na \u010di Ukrajinc\u016fm z\u00e1vid\u00edm premi\u00e9ra Fialu.\u201c<\/p>\n<p><em>Adam B. Barto\u0161<\/em><br \/>\n<em>p\u0159edseda N\u00e1rodn\u00ed demokracie<\/em><\/p>\n<p><img decoding=\"async\" loading=\"lazy\" class=\"alignnone size-full wp-image-678\" src=\"http:\/\/www.infokuryr.cz\/n\/wp-content\/uploads\/2021\/04\/narodni_demokracie_logo.jpg\" alt=\"\" width=\"300\" height=\"85\" \/><\/p>\n<p>&nbsp;<\/p>\n<p>&nbsp;<\/p>\n","protected":false},"excerpt":{"rendered":"<p>Dob\u00edhal jsem v\u010dera autobus (b\u011b\u017eel mu vst\u0159\u00edc) a sko\u010dil hned do prvn\u00edch dve\u0159\u00ed, tedy t\u011bch&#8230;<\/p>\n","protected":false},"author":2,"featured_media":3109,"comment_status":"closed","ping_status":"closed","sticky":false,"template":"","format":"standard","meta":[],"categories":[6],"tags":[506,29,2279],"_links":{"self":[{"href":"https:\/\/www.infokuryr.cz\/n\/wp-json\/wp\/v2\/posts\/9953"}],"collection":[{"href":"https:\/\/www.infokuryr.cz\/n\/wp-json\/wp\/v2\/posts"}],"about":[{"href":"https:\/\/www.infokuryr.cz\/n\/wp-json\/wp\/v2\/types\/post"}],"author":[{"embeddable":true,"href":"https:\/\/www.infokuryr.cz\/n\/wp-json\/wp\/v2\/users\/2"}],"replies":[{"embeddable":true,"href":"https:\/\/www.infokuryr.cz\/n\/wp-json\/wp\/v2\/comments?post=9953"}],"version-history":[{"count":0,"href":"https:\/\/www.infokuryr.cz\/n\/wp-json\/wp\/v2\/posts\/9953\/revisions"}],"wp:featuredmedia":[{"embeddable":true,"href":"https:\/\/www.infokuryr.cz\/n\/wp-json\/wp\/v2\/media\/3109"}],"wp:attachment":[{"href":"https:\/\/www.infokuryr.cz\/n\/wp-json\/wp\/v2\/media?parent=9953"}],"wp:term":[{"taxonomy":"category","embeddable":true,"href":"https:\/\/www.infokuryr.cz\/n\/wp-json\/wp\/v2\/categories?post=9953"},{"taxonomy":"post_tag","embeddable":true,"href":"https:\/\/www.infokuryr.cz\/n\/wp-json\/wp\/v2\/tags?post=9953"}],"curies":[{"name":"wp","href":"https:\/\/api.w.org\/{rel}","templated":true}]}}