{"id":9951,"date":"2022-04-25T03:31:36","date_gmt":"2022-04-25T01:31:36","guid":{"rendered":"http:\/\/www.infokuryr.cz\/n\/?p=9951"},"modified":"2022-04-25T03:31:36","modified_gmt":"2022-04-25T01:31:36","slug":"svatopluk-otava-loupit-neloupit-ale-jisteze-loupit","status":"publish","type":"post","link":"https:\/\/www.infokuryr.cz\/n\/2022\/04\/25\/svatopluk-otava-loupit-neloupit-ale-jisteze-loupit\/","title":{"rendered":"Svatopluk Otava: Loupit? Neloupit? \u2013 ale jist\u011b\u017ee loupit!!!"},"content":{"rendered":"<div id=\"fb-root\"><\/div>\n<p><strong>N\u011bco prost\u011b \u0161lohnout \u2013 to je jedna z\u00a0p\u0159edn\u00edch \u201eevropsk\u00fdch hodnot\u201c. Je to star\u00e1 \u201eciviliza\u010dn\u00ed\u201c metoda, kter\u00e1 po stalet\u00ed umo\u017e\u0148ovala koloni\u00e1ln\u00edm mocnostem \u0161\u00ed\u0159it \u201ehodnoty\u201c a zav\u00e9st na \u00fakor v\u011bt\u0161iny sv\u011bta zhola nezaslou\u017een\u00fd p\u0159epychov\u00fd standard pro \u201eelity\u201c vl\u00e1dnouc\u00edmi nad osudy poddan\u00fdch. <\/strong><\/p>\n<p><span style=\"font-size: 18pt;\"><strong>N\u011bkdy se prost\u011b u\u010d\u00edme rychle<\/strong>. <strong>Blb\u011b rychle<\/strong><\/span><\/p>\n<p>Zvyk nahl\u00ed\u017een\u00ed na v\u011bt\u0161inu sv\u011bta spatra, automatick\u00e9 o\u010dek\u00e1v\u00e1n\u00ed p\u0159i vypl\u0148ov\u00e1n\u00ed jen nazna\u010den\u00fdch p\u0159\u00e1n\u00ed arm\u00e1dami slu\u017eebnictva i slouh\u016f m\u00e1 tak\u00e9 jak\u00fdsi sv\u016fj soci\u00e1ln\u00ed terminus technicus. Spolu s\u00a0blahosklonn\u00fdm popl\u00e1c\u00e1n\u00edm na tv\u00e1\u0159 \u201evyznamenan\u00e9ho\u201c okr\u00e1dan\u00e9ho a od\u00edran\u00e9ho se tomu dodnes \u0159\u00edk\u00e1 \u201enoblesa\u201c.<\/p>\n<p>Na\u0161i politi\u010dt\u00ed hoch\u0161taple\u0159i u vesla, jejich\u017e prad\u011bdov\u00e9 zmi\u0148ovanou noblesu zakou\u0161eli na vlastn\u00edch tv\u00e1\u0159\u00edch a d\u016frazn\u011bji i pozad\u00edch, ji\u017e zcela nasko\u010dili na tuto m\u00f3dn\u00ed civiliza\u010dn\u00ed vlnu. A proto\u017ee \u010dern\u00fd a \u017elut\u00fd sv\u011bt se u\u017e dnes tak nap\u0159\u00edmo okr\u00e1dat ned\u00e1, ba nesm\u00ed se o tom pomalu ani nic nazna\u010dovat, nehled\u011b k\u00a0faktu, \u017ee bruselsk\u00fd protektor\u00e1t okolo Prahy na to nem\u00e1 mocensk\u00e9 prost\u0159edky, nezb\u00fdv\u00e1 ne\u017e okr\u00e1dat vlastn\u00ed. Ale to po\u0159\u00e1d je\u0161t\u011b nen\u00ed to prav\u00e9 \u201ehodnotov\u00e9\u201c. Po\u0159\u00e1d tomu cosi chyb\u00ed.<\/p>\n<p>Ambice by byly, ale dlouho se je neda\u0159\u00ed naplnit. Vlast rozprod\u00e1na a rozkradena na atomy, koho te\u010f budou \u017e\u00e1ci \u017eidovsko-k\u0159es\u0165ansk\u00e9ho z\u00e1kladu Evropy okr\u00e1dat? A hle! Katolick\u00fd p\u00e1nb\u00ed\u010dek lupi\u010d\u016fm seslal Rusko! Moment\u00e1ln\u011b zam\u011bstn\u00e1ni vytl\u00e1\u010den\u00edm nacistick\u00fdch hord z\u00a0posv\u00e1tn\u00e9 rusk\u00e9 p\u016fdy, ur\u010dit\u011b budou m\u00edt Rusov\u00e9 jin\u00e9 starosti, ne\u017e kontrolovat trpasli\u010d\u00ed loupe\u017en\u00edky \u0161\u00e9fuj\u00edc\u00ed v\u00a0prou\u017ekat\u00fdch a hv\u011bzdi\u010dkat\u00fdch trencl\u00edch \u010desk\u00e9 kotlin\u011b.<\/p>\n<p><span style=\"font-size: 18pt;\"><strong>Kdy\u017e se v\u00a0Ukraden\u00e9 televizi \u0161precht\u00ed, jak nejl\u00e9pe okr\u00e1st Rusy<\/strong><\/span><\/p>\n<p>S\u00a0po\u017eehn\u00e1n\u00edm \u010desk\u00fdch oligarch\u016f a s\u00a0vidinou beztrestnosti zaji\u0161t\u011bnou kv\u00e9rem ve steroidy p\u0159e\u0161lehan\u00e9 pazou\u0159e nafetovan\u00e9ho americk\u00e9ho mari\u0148\u00e1ka, kter\u00e9ho u\u017e pozvala pomaten\u00e1, bezd\u011btn\u00e1 amazonka Afroameri\u010danov\u00e1 (nebo \u010cernochov\u00e1, \u010di jak se jmenuje\u2026), rozhodli se minister\u0161t\u00ed pan\u00e1ci okr\u00e1st oligarchy i neoligarchy rusk\u00e9. Prost\u011b v\u0161echny Rusy.<\/p>\n<p>A proto\u017ee bezb\u0159eh\u00e1 arogance a fale\u0161n\u00e1 vize bezpe\u010d\u00ed pro to bohulib\u00e9 kraden\u00ed jdou ruku v\u00a0ruce, ve\u0159ejn\u011b si k\u00a0tomu p\u0159i\u0161li pokl\u00e1bosit na obrazovky Ukraden\u00e9 televize k\u00a0\u0161\u00e9fdem\u00e1gogovi Moravcovi minist\u0159i lupu a\u00a0 pran\u00ed \u0161pinav\u00fdch pen\u011bz Michal \u0160alamoun a Zbyn\u011bk Stanjura.<\/p>\n<p><span style=\"font-size: 18pt;\"><strong>Ministerstvo lupu a Ministerstvo pran\u00ed \u0161pinav\u00fdch pen\u011bz<\/strong><\/span><\/p>\n<p>\u0160alamounovi ministersk\u00fd certifik\u00e1t k\u00a0legalizaci ko\u0159isti vytvo\u0159il \u201e\u00fasporn\u00fd\u201c kabinet Petra Fialy zalo\u017een\u00edm zhola nov\u00e9ho \u201eministerstva\u201c pro legislativu. Rezort mu sed\u00ed jako ulit\u00fd, pln\u00ed si sv\u00fdm posl\u00e1n\u00edm osobn\u00ed kari\u00e9rn\u00ed c\u00edle i ideologickou vizi sv\u00e9 vl\u00e1dn\u00ed pidistrany. M\u00e1 to tak n\u011bjak u\u017e ve stranick\u00e9m logu. Je prost\u011b pir\u00e1t, tak co po n\u011bm \u017e\u00e1dat.<\/p>\n<p>Stanjura si na sv\u00e9 sesli pohodln\u011b p\u0159ipomene dlouholetou tradici modropt\u00e1\u010dn\u00ed strany, kter\u00e1 si ji\u017e pod dojmem slov \u201enezn\u00e1m pojem \u0161pinav\u00e9 pen\u00edze\u201c dnes ji\u017e zavr\u017een\u00e9ho \u201eotce zakladatele\u201c V\u00e1clava Klause star\u0161\u00edho, rovnou vetknula straku do erbu. Tak se tedy cech vexl\u00e1k\u016f politicky etabloval a d\u00e1-li se hovo\u0159it u velkozlod\u011bj\u016f o profesn\u00ed cti \u2013 ODS ji v\u011bru m\u00e1. A tak m\u016f\u017ee i do \u010dela postu pro finan\u010dn\u00ed machinace postavit nep\u0159\u00edli\u0161 bystr\u00e9ho jelimana, co m\u00e1 r\u00e1d hlavn\u011b popularitu a libuje si v\u00a0nekompetentn\u00edch kecech.<\/p>\n<p><span style=\"font-size: 18pt;\"><strong>Ne\u010dekat! Konfiskovat! Zabavovat!<\/strong><\/span><\/p>\n<p>V\u00fdchoz\u00ed teze finan\u010dn\u00edho primitiva Stanjury zn\u00ed, \u017ee protipr\u00e1vn\u011b \u201ezmra\u017een\u00fd\u201c rusk\u00fd majetek v\u00a0hodnot\u011b kolem 1 miliardy korun m\u016f\u017ee b\u00fdt zkonfiskov\u00e1n, bude-li \u201eozna\u010den jako podpora v\u00e1le\u010dn\u00fdch zlo\u010din\u016f Ruska\u201c. Jak prost\u00e9. To\u017e teda jak\u00e1koli teta na finan\u010d\u00e1ku d\u00e1 kulat\u00e9 raz\u00edtko a majetek je prost\u011b \u201eozna\u010den\u201c. A m\u016f\u017ee b\u00fdt podle vykulen\u00e9ho ministra pro pran\u00ed \u0161pinav\u00fdch pen\u011bz r\u00e1zem \u201ezkonfiskov\u00e1n\u201c. To se v\u00ed, \u017ee na takovou pitomost k\u00fdvne i ministr legalizace lupu pir\u00e1t \u0160alamoun. Jak\u00e9pak \u0161tr\u00e1chy, kdy\u017e je to tak prost\u00e9.<\/p>\n<p>Marn\u011b diskutuj\u00edc\u00ed aspo\u0148 trochu racion\u00e1ln\u011b chladil exministr spravedlnosti Robert Pelik\u00e1n, \u017ee zmra\u017een\u00edm na sebe st\u00e1t bere rovnou odpov\u011bdnost za dobrou spr\u00e1vu toho majetku, aby po p\u0159\u00edpadn\u00e9m odmra\u017een\u00ed jej p\u0159edal vlastn\u00edk\u016fm v\u00a0minim\u00e1ln\u011b tak dobr\u00e9m stavu, jako kdy\u017e se jej kdysi zmocnil. \u00c1le\u2026., kampak s\u00a0t\u00edm na Stanjuru\u2026.!<\/p>\n<p>\u201eTen majetek by n\u00e1m nem\u011bl proklouznout mezi prsty. To sp\u011bch\u00e1 v\u00edc ne\u017e \u00favaha, jak\u00fdm legislativn\u00edm \u010di technick\u00fdm zp\u016fsobem by byla provedena majetkov\u00e1 konfiskace!\u201c Tak se to d\u011bl\u00e1! P\u011bkn\u011b \u0159\u00edzn\u011b po eurofa\u0161isticku! Na co je n\u011bjak\u00fdm Rus\u016fm vlastn\u011b jak\u00fdsi majetek! \u017d\u00e1dn\u00fd p\u0159ece nemaj\u00ed! Jenom n\u00e1m, Sv\u011btu \u201ehodnot\u201c, ten n\u00e1\u0161 majetek na Sibi\u0159i a jinde do\u010dasn\u011b okupuj\u00ed!!!<\/p>\n<p><span style=\"font-size: 18pt;\"><strong>Aspo\u0148 tro\u0161inku pooto\u010dit kohoutem, pros\u00edm\u2026 Nejde n\u00e1m karma, nen\u00ed zdarma!<\/strong><\/span><\/p>\n<p>Moment \u2013 nev\u0159\u00edskali kdysi mod\u0159\u00ed \u201epravi\u010d\u00e1ci\u201c n\u011bco ve smyslu \u201eUkraden\u00e9 se mus\u00ed vr\u00e1tit\u201c? Pravda, n\u011bjak se to pak vymklo z\u00a0rukou, kdy\u017e potomci schwarzenbersk\u00fdch a jin\u00fdch habsbursk\u00fdch lupi\u010d\u016f cht\u011bli vr\u00e1tit a \u010dasto i dostali to, co p\u0159edt\u00edm ukradli a zkonfiskovali popraven\u00fdm \u010desk\u00fdm p\u00e1n\u016fm i nep\u00e1n\u016fm? Tak co vracet ukraden\u00e9ho, kdy\u017e ukraden\u00e9 je dneska v\u0161echno?<\/p>\n<p>Snad na to n\u011bjak dohl\u00e9dne vl\u00eddn\u00fd duch do kostela Svat\u00e9ho V\u00edta a Vojt\u011bcha ulo\u017een\u00e9ho ostatku prstu Karla I. Habsbursk\u00e9ho, posledn\u00edho kr\u00e1le \u010desk\u00e9ho a asi 34. potomka Eli\u0161ky P\u0159emyslovny, tedy vlastn\u011b P\u0159emyslovce, kterak vydedukoval kter\u00fdsi prel\u00e1t\u00edk p\u0159i slavnostn\u00edm k\u0159ep\u010den\u00ed, je\u017e se blahoslaven\u00e9mu prstu jednoho z\u00a0nejzlod\u011bj\u0161t\u011bj\u0161\u00edch rod\u016f na Hrad\u010danech dostalo.<\/p>\n<p>Tak nev\u00edm, co zm\u016f\u017ee blahoslaven\u00fd oharek prstu, kdy\u017e t\u0159eba n\u011bkdy v\u00a0lednu Rusov\u00e9 po\u017e\u00e1daj\u00ed, aby ukraden\u00e9 bylo vr\u00e1ceno. \u017de by pir\u00e1tsk\u00fd nebo stra\u010d\u00ed moze\u010dek aspo\u0148 trochu rozeh\u0159\u00e1l, aby ty zk\u0159ehl\u00e9 huby mohly aspo\u0148 \u0161pitnout: \u201eMy jsme to tak ani nemysleli. Rad\u0161i si to rychle v\u0161echno vemte a pus\u0165te trochu toho skv\u011bl\u00e9ho plynu\u2026 Ale to v\u00edte, \u017ee je v\u00e1\u0161! Ale to v\u00edte, \u017ee zaplat\u00edme v\u00a0rubl\u00edc\u00edch\u2026, brat\u0159i rodn\u00ed\u2026!!!\u201c<\/p>\n<p><strong>Svatopluk Otava<\/strong><\/p>\n<p>&nbsp;<\/p>\n<p>&nbsp;<\/p>\n","protected":false},"excerpt":{"rendered":"<p>N\u011bco prost\u011b \u0161lohnout \u2013 to je jedna z\u00a0p\u0159edn\u00edch \u201eevropsk\u00fdch hodnot\u201c. Je to star\u00e1 \u201eciviliza\u010dn\u00ed\u201c metoda,&#8230;<\/p>\n","protected":false},"author":2,"featured_media":7727,"comment_status":"closed","ping_status":"closed","sticky":false,"template":"","format":"standard","meta":[],"categories":[6],"tags":[29,2278,327,192,122],"_links":{"self":[{"href":"https:\/\/www.infokuryr.cz\/n\/wp-json\/wp\/v2\/posts\/9951"}],"collection":[{"href":"https:\/\/www.infokuryr.cz\/n\/wp-json\/wp\/v2\/posts"}],"about":[{"href":"https:\/\/www.infokuryr.cz\/n\/wp-json\/wp\/v2\/types\/post"}],"author":[{"embeddable":true,"href":"https:\/\/www.infokuryr.cz\/n\/wp-json\/wp\/v2\/users\/2"}],"replies":[{"embeddable":true,"href":"https:\/\/www.infokuryr.cz\/n\/wp-json\/wp\/v2\/comments?post=9951"}],"version-history":[{"count":0,"href":"https:\/\/www.infokuryr.cz\/n\/wp-json\/wp\/v2\/posts\/9951\/revisions"}],"wp:featuredmedia":[{"embeddable":true,"href":"https:\/\/www.infokuryr.cz\/n\/wp-json\/wp\/v2\/media\/7727"}],"wp:attachment":[{"href":"https:\/\/www.infokuryr.cz\/n\/wp-json\/wp\/v2\/media?parent=9951"}],"wp:term":[{"taxonomy":"category","embeddable":true,"href":"https:\/\/www.infokuryr.cz\/n\/wp-json\/wp\/v2\/categories?post=9951"},{"taxonomy":"post_tag","embeddable":true,"href":"https:\/\/www.infokuryr.cz\/n\/wp-json\/wp\/v2\/tags?post=9951"}],"curies":[{"name":"wp","href":"https:\/\/api.w.org\/{rel}","templated":true}]}}