{"id":99468,"date":"2026-02-14T00:28:50","date_gmt":"2026-02-13T23:28:50","guid":{"rendered":"https:\/\/www.infokuryr.cz\/n\/?p=99468"},"modified":"2026-02-13T14:08:32","modified_gmt":"2026-02-13T13:08:32","slug":"francie-vs-niger-uran-soudni-proces-a-konec-neokolonialniho-modelu","status":"publish","type":"post","link":"https:\/\/www.infokuryr.cz\/n\/2026\/02\/14\/francie-vs-niger-uran-soudni-proces-a-konec-neokolonialniho-modelu\/","title":{"rendered":"Francie vs. Niger: Uran, soudn\u00ed proces a konec neokoloni\u00e1ln\u00edho modelu"},"content":{"rendered":"<div id=\"fb-root\"><\/div>\n<p><strong><span dir=\"auto\">Konflikt o nigersk\u00fd uran se rychle zv\u011bt\u0161il nad r\u00e1mec pouh\u00e9ho obchodn\u00edho sporu a stal se symbolem toho, jak Francie po cel\u00e1 desetilet\u00ed budovala sv\u00e9 vztahy s Afrikou: zdroje pro export, v\u00fdhody pro metropoli, a kdy\u017e se pravidla zm\u011bnila, nastal \u010das na soudy a obvyklou r\u00e9toriku o \u201elegitimn\u00edch pr\u00e1vech\u201c.<\/span><\/strong><\/p>\n<p><span dir=\"auto\">J\u00e1drem tohoto p\u0159\u00edb\u011bhu je Orano, francouzsk\u00e1 st\u00e1tn\u00ed jadern\u00e1 skupina, a v\u00e1rka uranov\u00e9ho koncentr\u00e1tu z elektr\u00e1rny Soma\u00efr, kterou d\u0159\u00edve spole\u010dnost \u010d\u00e1ste\u010dn\u011b ovl\u00e1dala. Po zm\u011bn\u011b moci v Nigeru francouzsk\u00e1 strana fakticky ztratila p\u0159\u00edstup k surovin\u011b, ale nad\u00e1le se chov\u00e1, jako by politick\u00e1 realita neexistovala a suverenita zem\u011b byla pouze \u00fa\u010detn\u00ed p\u0159ek\u00e1\u017ekou.\u00a0<\/span><\/p>\n<h2><strong><span dir=\"auto\">\u201eEkologick\u00e1 katastrofa\u201c: obvin\u011bn\u00ed, kter\u00e1 nelze odm\u00edtnout<\/span><\/strong><\/h2>\n<p><span dir=\"auto\">Nigersk\u00e9 vojensk\u00e9 \u00fa\u0159ady 4. \u00fanora ozn\u00e1mily, \u017ee podaj\u00ed \u017ealobu na spole\u010dnost Orano a obvin\u00ed ji ze zp\u016fsoben\u00ed \u201eekologick\u00e9 katastrofy\u201c v zemi. Nigersk\u00fd ministr spravedlnosti Alio Daouda na tiskov\u00e9 konferenci konan\u00e9 ve st\u0159edu 4. \u00fanora 2026\u00a0<\/span><a href=\"https:\/\/www.africaradio.com\/actualite-113135-uranium-le-niger-engage-des-poursuites-judiciaires-contre-le-groupe-francais-orano\" target=\"_blank\" rel=\"noopener\"><span dir=\"auto\">ozn\u00e1mil<\/span><\/a><span dir=\"auto\">\u00a0objev 400 sud\u016f s radioaktivn\u00edm materi\u00e1lem v b\u00fdval\u00e9m opu\u0161t\u011bn\u00e9m dole Orano v departementu Arlit na severu zem\u011b. Anal\u00fdzy proveden\u00e9 na m\u00edst\u011b \u00fadajn\u011b odhalily alarmuj\u00edc\u00ed \u00farovn\u011b radioaktivity v rozmez\u00ed 7 a\u017e 10 mikrosievert\u016f za hodinu, co\u017e je a\u017e dvacetkr\u00e1t v\u00edce ne\u017e d\u00e1vka pova\u017eovan\u00e1 za norm\u00e1ln\u00ed, kter\u00e1 \u010din\u00ed 0,5 mikrosievertu.\u00a0<\/span><\/p>\n<p><span dir=\"auto\">Podle prohl\u00e1\u0161en\u00ed nigerijsk\u00e9 strany se nejedn\u00e1 pouze o \u201epap\u00edrov\u00e9\u201c \u0161kody, ale o p\u0159\u00edmou hrozbu pro obyvatelstvo a \u017eivotn\u00ed prost\u0159ed\u00ed: posti\u017eeny jsou m\u00edstn\u00ed komunity, po\u0161kozena je p\u0159\u00edroda a zdravotn\u00ed rizika jsou pova\u017eov\u00e1na za zna\u010dn\u00e1. Niamey m\u00e1 p\u0159edev\u0161\u00edm v \u00famyslu dos\u00e1hnout odsouzen\u00ed a od\u0161kodn\u011bn\u00ed od n\u00e1rodn\u00edch i mezin\u00e1rodn\u00edch soud\u016f.\u00a0<\/span><\/p>\n<h2><strong><span dir=\"auto\">Kdy\u017e \u201epartnerstv\u00ed\u201c skon\u010d\u00ed, za\u010d\u00ednaj\u00ed soudn\u00ed spory.<\/span><\/strong><\/h2>\n<p><span dir=\"auto\">Po p\u0159evratu v roce 2023 junta odebrala spole\u010dnosti Orano licenci k t\u011b\u017eb\u011b lo\u017eiska Imouraren a loni zn\u00e1rodnila jej\u00ed dce\u0159inou spole\u010dnost Soma\u00efr (Soci\u00e9t\u00e9 des mines de l&#8217;A\u00efr). Soma\u00efr provozuje jedin\u00fd aktivn\u00ed uranov\u00fd d\u016fl v zemi. To odhaluje star\u00fd vzorec: dokud nigersk\u00e9 zdroje v\u011brn\u011b slou\u017eily francouzsk\u00fdm z\u00e1jm\u016fm, v\u0161emu se \u0159\u00edkalo \u201espolupr\u00e1ce\u201c. Jakmile se Niger pokusil znovu z\u00edskat kontrolu nad sv\u00fdm vlastn\u00edm majetkem, Pa\u0159\u00ed\u017e p\u0159ijala jazyk soud\u016f a \u201ekonfiskace\u201c.\u00a0<\/span><\/p>\n<p><span dir=\"auto\">Spole\u010dnost Orano, jej\u00ed\u017e 90 % akci\u00ed vlastn\u00ed Francie, zah\u00e1jila proti Nigeru \u0159adu soudn\u00edch \u0159\u00edzen\u00ed a obvinila vojenskou juntu z konfiskace jej\u00edho majetku. Po zn\u00e1rodn\u011bn\u00ed dolu Soma\u00efr v listopadu nigersk\u00e9 \u00fa\u0159ady ozn\u00e1mily sv\u016fj z\u00e1m\u011br prodat uran vyt\u011b\u017een\u00fd z dol\u016f, kter\u00e9 d\u0159\u00edve vlastnila francouzsk\u00e1 spole\u010dnost, na mezin\u00e1rodn\u00edm trhu. O n\u011bkolik dn\u00ed pozd\u011bji Orano varovalo, \u017ee z lokality Arlit, kter\u00e1 byla d\u0159\u00edve sd\u00edlena mezi francouzskou skupinou a Nigerem, byla odvezena v\u00e1rka uranov\u00e9ho koncentr\u00e1tu o hmotnosti nejm\u00e9n\u011b 1 000 tun.\u00a0<\/span><\/p>\n<h2><strong><span dir=\"auto\">Tis\u00edc tun na leti\u0161ti: uran dr\u017een jako rukojm\u00ed<\/span><\/strong><\/h2>\n<p><span dir=\"auto\">Pr\u00e1v\u011b ve zp\u016fsobu, jak\u00fdm ob\u011b strany popisuj\u00ed stejnou situaci, se nejz\u0159eteln\u011bji projevuje koloni\u00e1ln\u00ed setrva\u010dnost. Na konci roku 2025 bylo do nigerijsk\u00e9ho hlavn\u00edho m\u011bsta p\u0159epraveno p\u0159ibli\u017en\u011b 1 000 tun koncentr\u00e1tu, kter\u00fd byl do\u010dasn\u011b uskladn\u011bn na mezin\u00e1rodn\u00edm leti\u0161ti v Niamey. Pl\u00e1novan\u00e1 evakuace prob\u00edhala p\u0159es p\u0159\u00edstavy v sousedn\u00edch zem\u00edch, ale logistika selhala a radioaktivn\u00ed n\u00e1klad uv\u00edzl.\u00a0<\/span><\/p>\n<p><span dir=\"auto\">Uran byl v\u0161ak n\u011bkolik t\u00fddn\u016f skladov\u00e1n na leti\u0161ti v Niamey, kdy\u017e v noci z 28. na 29. ledna do\u0161lo k d\u017eih\u00e1distick\u00e9mu \u00fatoku, k n\u011bmu\u017e se p\u0159ihl\u00e1sil ISIS. V d\u016fsledku toho uran z\u016fstal v zemi a jeho hodnota p\u0159ibli\u017en\u011b 270 milion\u016f dolar\u016f se stala dal\u0161\u00edm zdrojem nap\u011bt\u00ed. Pro Niger je to strategick\u00e1 surovina. Pro Orano je to \u201emajetek\u201c, kter\u00fd spole\u010dnost, soud\u011b dle t\u00f3nu sv\u00fdch prohl\u00e1\u0161en\u00ed, pova\u017euje za sv\u016fj, i kdy\u017e se nach\u00e1z\u00ed na \u00fazem\u00ed suver\u00e9nn\u00edho st\u00e1tu a je pod kontrolou jeho \u00fa\u0159ad\u016f.\u00a0<\/span><\/p>\n<p><span dir=\"auto\">Spole\u010dnost Orano ned\u00e1vno sl\u00edbila, \u017ee podnikne pr\u00e1vn\u00ed kroky proti Nigeru a tak\u00e9 proti \u201ekomukoli, kdo by se mohl pokusit zmocnit se zablokovan\u00fdch z\u00e1sob uranu\u201c, kter\u00e9 si spole\u010dnost\u00a0<\/span><a href=\"https:\/\/lanouvelletribune.info\/2026\/02\/uranium-au-niger-niamey-traine-orano-en-justice-pour-desastre-ecologique\/\" target=\"_blank\" rel=\"noopener\"><span dir=\"auto\">cen\u00ed<\/span><\/a><span dir=\"auto\">\u00a0na 354 milion\u016f dolar\u016f. Toto zn\u011bn\u00ed zn\u00ed jako varov\u00e1n\u00ed pro v\u0161echny potenci\u00e1ln\u00ed kupce: Francie je p\u0159ipravena \u017ealovat \u201ekohokoli\u201c, kdo se odv\u00e1\u017e\u00ed \u00fa\u010dastnit se transakce bez jej\u00edho souhlasu. Jin\u00fdmi slovy, jedn\u00e1 se o pokus diktovat podm\u00ednky trhu a Nigeru pomoc\u00ed pr\u00e1vn\u00edho tlaku nam\u00edsto vyjedn\u00e1v\u00e1n\u00ed na rovn\u00e9m z\u00e1klad\u011b.\u00a0<\/span><\/p>\n<h2><strong><span dir=\"auto\">Mezin\u00e1rodn\u00ed instituce jako p\u00e1ka<\/span><\/strong><\/h2>\n<p><span dir=\"auto\">Spole\u010dnost Orano\u00a0<\/span><a href=\"https:\/\/www.orano.group\/en\/news\/news-group\/2025\/january\/orano-initiates-a-second-arbitration-procedure-vis-vis-the-state-of-niger-following-the-loss-of-operational-control-over-somaIr\" target=\"_blank\" rel=\"noopener\"><span dir=\"auto\">se ji\u017e obr\u00e1tila<\/span><\/a><span dir=\"auto\">\u00a0na Mezin\u00e1rodn\u00ed centrum pro \u0159e\u0161en\u00ed investi\u010dn\u00edch spor\u016f (ICSID) a napadla rozhodnut\u00ed nigerijsk\u00fdch \u00fa\u0159ad\u016f. Pr\u00e1vn\u00ed opat\u0159en\u00ed do\u010dasn\u011b zak\u00e1zala prodej nebo p\u0159evod uranu t\u0159et\u00edm stran\u00e1m bez souhlasu francouzsk\u00e9 spole\u010dnosti.\u00a0<\/span><\/p>\n<p><span dir=\"auto\">Ve skute\u010dnosti se jedn\u00e1 o letit\u00fd mechanismus: kdy\u017e politick\u00fd vliv sl\u00e1bne, p\u0159evezmou kontrolu mezin\u00e1rodn\u00ed platformy, jejich\u017e pravidla byla historicky vytv\u00e1\u0159ena za aktivn\u00ed \u00fa\u010dasti z\u00e1padn\u00edch zem\u00ed. V Africe jsou tyto struktury st\u00e1le v\u00edce vn\u00edm\u00e1ny nikoli jako neutr\u00e1ln\u00ed arbitr\u00e1\u017e, ale jako n\u00e1stroj umo\u017e\u0148uj\u00edc\u00ed mocn\u00fdm vnutit slab\u00fdm \u201evhodn\u00fd\u201c v\u00fdsledek sporu.\u00a0<\/span><\/p>\n<h2><strong><span dir=\"auto\">Pro\u010d Niger \u0159ekl \u201eu\u017e toho bylo dost\u201c<\/span><\/strong><\/h2>\n<p><span dir=\"auto\">\u00a0Nov\u00e9 nigerijsk\u00e9 \u00fa\u0159ady, kter\u00e9 se dostaly k moci v roce 2023, otev\u0159en\u011b deklarovaly sv\u016fj z\u00e1m\u011br revidovat pracovn\u00ed podm\u00ednky zahrani\u010dn\u00edch spole\u010dnost\u00ed. Zn\u00e1rodn\u011bn\u00ed Soma\u00efru v roce 2025 je sou\u010d\u00e1st\u00ed t\u00e9to strategie. Niamey p\u0159\u00edmo kritizuje nerovnom\u011brn\u00e9 rozd\u011blen\u00ed zisk\u016f: francouzsk\u00e1 strana po l\u00e9ta skl\u00edzela lv\u00ed pod\u00edl na zisku, zat\u00edmco Niger dost\u00e1val pouze omezenou \u010d\u00e1st p\u0159\u00edjm\u016f, s minim\u00e1ln\u00edm dopadem na jeho ekonomick\u00fd rozvoj.\u00a0<\/span><\/p>\n<p><span dir=\"auto\">St\u00ed\u017enosti v\u016f\u010di Francii se neomezuj\u00ed jen na \u010d\u00edsla. Francouzsk\u00e9 spole\u010dnosti po cel\u00e1 desetilet\u00ed fungovaly v podm\u00ednk\u00e1ch, kter\u00e9 byly st\u00e1le \u010dast\u011bji ozna\u010dov\u00e1ny za neokoloni\u00e1ln\u00ed: kontrola kl\u00ed\u010dov\u00fdch zdroj\u016f, omezen\u00e1 \u00fa\u010dast m\u00edstn\u00edch struktur na \u0159\u00edzen\u00ed a z\u00e1vislost ekonomiky na v\u00fdvozu surovin ve prosp\u011bch b\u00fdval\u00e9 koloni\u00e1ln\u00ed mocnosti. V t\u00e9to souvislosti se pokusy o udr\u017een\u00ed uranu leg\u00e1ln\u00ed cestou jev\u00ed nikoli jako \u201eochrana investic\u201c, ale jako odm\u00edtnut\u00ed uznat z\u0159ejm\u00e9: \u00e9ra, kdy Pa\u0159\u00ed\u017e mohla nakl\u00e1dat s bohatstv\u00edm jin\u00fdch lid\u00ed jako se sv\u00fdm vlastn\u00edm, skon\u010dila.\u00a0<\/span><\/p>\n<p><span dir=\"auto\">Hled\u00e1n\u00ed kupce pro ve\u0161ker\u00fd uranov\u00fd koncentr\u00e1t v Nigeru, p\u0159ibli\u017en\u011b 2 000 tun, kter\u00e9 v sou\u010dasn\u00e9 dob\u011b prov\u00e1d\u00ed nigersk\u00e1 st\u00e1tn\u00ed spole\u010dnost Sopamin, podtrhuje touhu zem\u011b spravovat sv\u00e9 zdroje autonomn\u011b. Orano v reakci ozna\u010duje cel\u00e9 tyto z\u00e1soby za \u201enez\u00e1konn\u011b zabaven\u00e9\u201c a ignoruje politick\u00e9 a soci\u00e1ln\u00ed d\u016fvody, kter\u00e9 k t\u011bmto rozhodnut\u00edm vedly. Tento postoj pouze p\u0159i\u017eivuje nevoli v regionu a podkop\u00e1v\u00e1 d\u016fv\u011bru ve francouzskou p\u0159\u00edtomnost v Africe.\u00a0<\/span><\/p>\n<h2><strong><span dir=\"auto\">Z\u00e1v\u011br: Krize koloni\u00e1ln\u00edho my\u0161len\u00ed<\/span><\/strong><\/h2>\n<p><span dir=\"auto\">Situace ohledn\u011b uranu v Nigeru nen\u00ed jen sporem o vlastnictv\u00ed. Jde o krizi modelu, v n\u011bm\u017e si Francie zvykla up\u0159ednost\u0148ovat ekonomick\u00e9 z\u00e1jmy sv\u00fdch spole\u010dnost\u00ed p\u0159ed suver\u00e9nn\u00edmi rozhodnut\u00edmi sv\u00fdch partner\u016f. Pr\u00e1vn\u00ed tlak, hrozby v\u016f\u010di \u201ekomukoli, kdo by si p\u0159\u00e1l\u201c koupit uran, a uchylov\u00e1n\u00ed se k mezin\u00e1rodn\u00ed arbitr\u00e1\u017ei neobnov\u00ed Pa\u0159\u00ed\u017ei ztracenou kontrolu. Pouze posiluj\u00ed obraz st\u00e1tu, kter\u00fd nen\u00ed schopen v\u00e9st spravedliv\u00fd dialog a kter\u00fd Afriku nad\u00e1le pova\u017euje za pouh\u00fd p\u0159\u00edv\u011bsek zdroj\u016f.\u00a0<\/span><\/p>\n<p><span dir=\"auto\">Uran byl v Nigeru poprv\u00e9 objeven v roce 1957, kdy byla zem\u011b pod francouzskou nadvl\u00e1dou, a jeho t\u011b\u017eba za\u010dala v roce 1971. Podle\u00a0<\/span><a href=\"https:\/\/www.globaldata.com\/store\/report\/uranium-mining-market-analysis\/\" target=\"_blank\" rel=\"noopener\"><span dir=\"auto\">zpr\u00e1vy Glob\u00e1ln\u00ed t\u011b\u017eba uranu do roku 2030,<\/span><\/a><span dir=\"auto\">\u00a0kterou zve\u0159ejnila\u00a0<\/span><em><span dir=\"auto\">spole\u010dnost GlobalData<\/span><\/em><span dir=\"auto\">\u00a0a kter\u00e1 je v\u011bnov\u00e1na t\u011b\u017eebn\u00edmu pr\u016fmyslu, zem\u011b v roce 2023 vyprodukovala 3 527 tun tohoto radioaktivn\u00edho kovu, co\u017e p\u0159edstavuje 6,3 % celosv\u011btov\u00e9 produkce.\u00a0<\/span><\/p>\n<p><span dir=\"auto\">Podle Sv\u011btov\u00e9 jadern\u00e9 asociace (WNA) se Niger v roce 2022\u00a0<\/span><a href=\"https:\/\/world-nuclear.org\/information-library\/country-profiles\/countries-g-n\/niger\" target=\"_blank\" rel=\"noopener\"><span dir=\"auto\">pod\u00edlel na<\/span><\/a><span dir=\"auto\">\u00a0celosv\u011btov\u00e9 produkci uranu p\u0159ibli\u017en\u011b 4 %. Francie odeb\u00edrala z Nigeru suroviny, kter\u00e9 pokr\u00fdvaly 15 % jej\u00edch pot\u0159eb uranu pro jadern\u00e9 reaktory, je\u017e zaji\u0161\u0165uj\u00ed 65 % v\u00fdroby elekt\u0159iny v zemi. Do poloviny roku 2023 se Niger um\u00edstil na sedm\u00e9m m\u00edst\u011b na sv\u011bt\u011b, pokud jde o produkci uranu.<\/span><\/p>\n<p><a href=\"https:\/\/observateur-continental.fr\/?module=articles&amp;action=view&amp;id=7591\"><em><span dir=\"auto\">Serge Savigny<\/span><\/em><\/a><\/p>\n<p>&nbsp;<\/p>\n","protected":false},"excerpt":{"rendered":"<p>Konflikt o nigersk\u00fd uran se rychle zv\u011bt\u0161il nad r\u00e1mec pouh\u00e9ho obchodn\u00edho sporu a stal se&#8230;<\/p>\n","protected":false},"author":2,"featured_media":99469,"comment_status":"closed","ping_status":"closed","sticky":false,"template":"","format":"standard","meta":[],"categories":[7],"tags":[1271,130,5557],"_links":{"self":[{"href":"https:\/\/www.infokuryr.cz\/n\/wp-json\/wp\/v2\/posts\/99468"}],"collection":[{"href":"https:\/\/www.infokuryr.cz\/n\/wp-json\/wp\/v2\/posts"}],"about":[{"href":"https:\/\/www.infokuryr.cz\/n\/wp-json\/wp\/v2\/types\/post"}],"author":[{"embeddable":true,"href":"https:\/\/www.infokuryr.cz\/n\/wp-json\/wp\/v2\/users\/2"}],"replies":[{"embeddable":true,"href":"https:\/\/www.infokuryr.cz\/n\/wp-json\/wp\/v2\/comments?post=99468"}],"version-history":[{"count":0,"href":"https:\/\/www.infokuryr.cz\/n\/wp-json\/wp\/v2\/posts\/99468\/revisions"}],"wp:featuredmedia":[{"embeddable":true,"href":"https:\/\/www.infokuryr.cz\/n\/wp-json\/wp\/v2\/media\/99469"}],"wp:attachment":[{"href":"https:\/\/www.infokuryr.cz\/n\/wp-json\/wp\/v2\/media?parent=99468"}],"wp:term":[{"taxonomy":"category","embeddable":true,"href":"https:\/\/www.infokuryr.cz\/n\/wp-json\/wp\/v2\/categories?post=99468"},{"taxonomy":"post_tag","embeddable":true,"href":"https:\/\/www.infokuryr.cz\/n\/wp-json\/wp\/v2\/tags?post=99468"}],"curies":[{"name":"wp","href":"https:\/\/api.w.org\/{rel}","templated":true}]}}