{"id":99444,"date":"2026-02-14T00:22:41","date_gmt":"2026-02-13T23:22:41","guid":{"rendered":"https:\/\/www.infokuryr.cz\/n\/?p=99444"},"modified":"2026-02-13T09:46:53","modified_gmt":"2026-02-13T08:46:53","slug":"usa-v-obavach-z-iranskych-utoku-predaly-strategickou-zakladnu-al-tanf-syrskym-vladnim-silam","status":"publish","type":"post","link":"https:\/\/www.infokuryr.cz\/n\/2026\/02\/14\/usa-v-obavach-z-iranskych-utoku-predaly-strategickou-zakladnu-al-tanf-syrskym-vladnim-silam\/","title":{"rendered":"USA v obav\u00e1ch z \u00edr\u00e1nsk\u00fdch \u00fatok\u016f p\u0159edaly strategickou z\u00e1kladnu Al-Tanf syrsk\u00fdm vl\u00e1dn\u00edm sil\u00e1m"},"content":{"rendered":"<div id=\"fb-root\"><\/div>\n<p><strong><span dir=\"auto\">S\u00edly syrsk\u00e9 p\u0159echodn\u00e9 vl\u00e1dy veden\u00e9 islamisty p\u0159evzaly kontrolu nad strategickou pos\u00e1dkou al-Tanf nach\u00e1zej\u00edc\u00ed se na rozhran\u00ed ir\u00e1ck\u00fdch a jord\u00e1nsk\u00fdch hranic pot\u00e9, co se odtud st\u00e1hly Spojen\u00e9 st\u00e1ty, informovala 12. \u00fanora agentura Anadolu s odvol\u00e1n\u00edm na syrsk\u00e9 p\u0159edstavitele.<\/span><\/strong><\/p>\n<p><span dir=\"auto\">Podle tureck\u00e9 st\u00e1tn\u00ed tiskov\u00e9 agentury se americk\u00e9 jednotky st\u00e1hly na z\u00e1kladnu zn\u00e1mou jako Tower 22, kter\u00e1 se nach\u00e1z\u00ed pobl\u00ed\u017e demilitarizovan\u00e9 z\u00f3ny na hranici mezi Jord\u00e1nskem a S\u00fdri\u00ed a nach\u00e1z\u00ed se 22 kilometr\u016f od al-Tanfu.<\/span><\/p>\n<p><span dir=\"auto\">O sta\u017een\u00ed vojsk poprv\u00e9 informovaly o den d\u0159\u00edve agentury AFP a Reuters, ale ani syrsk\u00e1 vl\u00e1da, ani americk\u00e9 \u00fast\u0159edn\u00ed velen\u00ed zat\u00edm k v\u00fdvoji ud\u00e1lost\u00ed nevydaly \u017e\u00e1dn\u00e1 prohl\u00e1\u0161en\u00ed.<\/span><\/p>\n<p><span dir=\"auto\">Pos\u00e1dku z\u0159\u00eddila mezin\u00e1rodn\u00ed koalice veden\u00e1 USA ji\u017e v roce 2016 uprost\u0159ed vrchol\u00edc\u00ed v\u00e1lky proti ISIS. Zablokovala strategickou d\u00e1lnici spojuj\u00edc\u00ed Dama\u0161ek s ir\u00e1ck\u00fdm hlavn\u00edm m\u011bstem Bahgad\u00e1dem. Koalice tak\u00e9 udr\u017eovala kolem pos\u00e1dky 55kilometrovou bezletovou z\u00f3nu.<\/span><\/p>\n<p><span dir=\"auto\">Bylo tam nasazeno p\u0159ibli\u017en\u011b 200 americk\u00fdch voj\u00e1k\u016f spolu se stovkami ozbrojenc\u016f ze z\u00e1stupn\u00e9 skupiny zn\u00e1m\u00e9 jako Syrsk\u00e1 svobodn\u00e1 arm\u00e1da, kter\u00e1 byla integrov\u00e1na do nov\u00e9 syrsk\u00e9 arm\u00e1dy po p\u00e1du re\u017eimu b\u00fdval\u00e9ho prezidenta Ba\u0161\u00e1ra Asada p\u0159ed v\u00edce ne\u017e rokem.<\/span><\/p>\n<p><span dir=\"auto\">Syrsk\u00e1 vl\u00e1da souhlasila s p\u0159ipojen\u00edm se ke koalici proti ISIS, kdy\u017e prezident Ahmad a\u0161-\u0160araa nav\u0161t\u00edvil B\u00edl\u00fd d\u016fm v listopadu lo\u0148sk\u00e9ho roku.<\/span><\/p>\n<p><span dir=\"auto\">Po sta\u017een\u00ed z al-Tanfu a ned\u00e1vn\u00fdch postupech vl\u00e1dy proti kurdsk\u00fdm sil\u00e1m v severov\u00fdchodn\u00ed S\u00fdrii jsou americk\u00e9 jednotky nyn\u00ed podle Syrsk\u00e9 observato\u0159e pro lidsk\u00e1 pr\u00e1va se s\u00eddlem ve Spojen\u00e9m kr\u00e1lovstv\u00ed rozm\u00edst\u011bny p\u0159ev\u00e1\u017en\u011b na z\u00e1kladn\u011b Kasrak v Hasak\u00e9.<\/span><\/p>\n<p><span dir=\"auto\">Ned\u00e1vn\u00e9 zpr\u00e1vy nazna\u010duj\u00ed, \u017ee USA pl\u00e1nuj\u00ed st\u00e1hnout v\u0161echny sv\u00e9 voj\u00e1ky, p\u0159ibli\u017en\u011b 1 000, ze zem\u011b do konce roku.<\/span><\/p>\n<p><span dir=\"auto\">D\u00edky sta\u017een\u00ed americk\u00fdch vojsk z al-Tanfu bude syrsk\u00e1 vl\u00e1da schopna znovu aktivovat bl\u00edzk\u00fd hrani\u010dn\u00ed p\u0159echod s Ir\u00e1kem a s n\u00edm i d\u00e1lnici Dama\u0161ek-Bagd\u00e1d. Vl\u00e1da bude tak\u00e9 moci vyv\u00edjet v\u011bt\u0161\u00ed tlak na dr\u00fazsk\u00e9 s\u00edly v al-Suvajd\u011b na jihov\u00fdchod\u011b zem\u011b.<\/span><\/p>\n<p><span dir=\"auto\">Zat\u00edmco rozhodnut\u00ed USA st\u00e1hnout s\u00edly ze S\u00fdrie je \u010dasto spojov\u00e1no se zlep\u0161en\u00edm vztah\u016f s tamn\u00ed vl\u00e1dou, skute\u010dn\u00fdm d\u016fvodem m\u016f\u017ee b\u00fdt nap\u011bt\u00ed s \u00cdr\u00e1nem.<\/span><\/p>\n<p><span dir=\"auto\">V\u0161echny americk\u00e9 z\u00e1kladny v zemi jsou mal\u00e9, izolovan\u00e9 a \u0161patn\u011b chr\u00e1n\u011bn\u00e9. Nejsou tam rozm\u00edst\u011bny \u017e\u00e1dn\u00e9 schopn\u00e9 syst\u00e9my protivzdu\u0161n\u00e9 obrany, co\u017e znamen\u00e1, \u017ee pokud USA za\u010dnou realizovat sv\u00e9 pl\u00e1ny na \u00fatok na Isl\u00e1mskou republiku, stanou se tyto z\u00e1kladny velmi snadn\u00fdm c\u00edlem pro \u00edr\u00e1nsk\u00e9 rakety a drony.<\/span><\/p>\n<p><img decoding=\"async\" loading=\"lazy\" class=\"alignnone size-full wp-image-1185\" src=\"http:\/\/www.infokuryr.cz\/n\/wp-content\/uploads\/2021\/04\/kuryr-podpis.png\" alt=\"\" width=\"84\" height=\"24\" \/><\/p>\n<p>&nbsp;<\/p>\n","protected":false},"excerpt":{"rendered":"<p>S\u00edly syrsk\u00e9 p\u0159echodn\u00e9 vl\u00e1dy veden\u00e9 islamisty p\u0159evzaly kontrolu nad strategickou pos\u00e1dkou al-Tanf nach\u00e1zej\u00edc\u00ed se na&#8230;<\/p>\n","protected":false},"author":2,"featured_media":99445,"comment_status":"closed","ping_status":"closed","sticky":false,"template":"","format":"standard","meta":[],"categories":[7],"tags":[898,147,1737],"_links":{"self":[{"href":"https:\/\/www.infokuryr.cz\/n\/wp-json\/wp\/v2\/posts\/99444"}],"collection":[{"href":"https:\/\/www.infokuryr.cz\/n\/wp-json\/wp\/v2\/posts"}],"about":[{"href":"https:\/\/www.infokuryr.cz\/n\/wp-json\/wp\/v2\/types\/post"}],"author":[{"embeddable":true,"href":"https:\/\/www.infokuryr.cz\/n\/wp-json\/wp\/v2\/users\/2"}],"replies":[{"embeddable":true,"href":"https:\/\/www.infokuryr.cz\/n\/wp-json\/wp\/v2\/comments?post=99444"}],"version-history":[{"count":0,"href":"https:\/\/www.infokuryr.cz\/n\/wp-json\/wp\/v2\/posts\/99444\/revisions"}],"wp:featuredmedia":[{"embeddable":true,"href":"https:\/\/www.infokuryr.cz\/n\/wp-json\/wp\/v2\/media\/99445"}],"wp:attachment":[{"href":"https:\/\/www.infokuryr.cz\/n\/wp-json\/wp\/v2\/media?parent=99444"}],"wp:term":[{"taxonomy":"category","embeddable":true,"href":"https:\/\/www.infokuryr.cz\/n\/wp-json\/wp\/v2\/categories?post=99444"},{"taxonomy":"post_tag","embeddable":true,"href":"https:\/\/www.infokuryr.cz\/n\/wp-json\/wp\/v2\/tags?post=99444"}],"curies":[{"name":"wp","href":"https:\/\/api.w.org\/{rel}","templated":true}]}}