{"id":99436,"date":"2026-02-14T00:17:19","date_gmt":"2026-02-13T23:17:19","guid":{"rendered":"https:\/\/www.infokuryr.cz\/n\/?p=99436"},"modified":"2026-02-13T09:33:23","modified_gmt":"2026-02-13T08:33:23","slug":"nejvetsi-sklizen-brambor-za-nekolik-desetileti-vede-k-prebytku-nabidky-v-evrope","status":"publish","type":"post","link":"https:\/\/www.infokuryr.cz\/n\/2026\/02\/14\/nejvetsi-sklizen-brambor-za-nekolik-desetileti-vede-k-prebytku-nabidky-v-evrope\/","title":{"rendered":"Nejv\u011bt\u0161\u00ed sklize\u0148 brambor za n\u011bkolik desetilet\u00ed vede k p\u0159ebytku nab\u00eddky v Evrop\u011b"},"content":{"rendered":"<div id=\"fb-root\"><\/div>\n<h3 class=\"s-tagline fw-tagline\"><span dir=\"auto\">Berl\u00edn dokonce sponzoroval bezplatn\u00e9 rozd\u00e1v\u00e1n\u00ed brambor po cel\u00e9m m\u011bst\u011b, co\u017e n\u011bkter\u00e9 farm\u00e1\u0159e velmi rozzlobilo<\/span><\/h3>\n<div class=\"e-ct-outer\">\n<div class=\"entry-content rbct clearfix is-highlight-shares\">\n<p><span dir=\"auto\">V Berl\u00edn\u011b m\u011bli obyvatel\u00e9 v posledn\u00edch t\u00fddnech mo\u017enost z\u00edskat brambory zdarma. Akce byla reakc\u00ed na mimo\u0159\u00e1dnou \u00farodu, kdy cel\u00e1 Evropa hl\u00e1sila nadbytek brambor, co\u017e vyvolalo krizi pro mnoho zem\u011bd\u011blc\u016f, kte\u0159\u00ed tuto \u00farodu prod\u00e1vaj\u00ed.<\/span><\/p>\n<p><span dir=\"auto\">Impuls pro akci distribuce brambor zdarma v Berl\u00edn\u011b, zn\u00e1mou jako \u201ebramborov\u00fd t\u00fdden\u201c, p\u0159i\u0161el t\u011bsn\u011b p\u0159ed V\u00e1noci, kdy\u017e vedouc\u00ed provozu vyhled\u00e1va\u010de Ecosia oslovil \u0161\u00e9fredaktora novin Berliner Morgenpost s n\u00e1vrhem, aby spole\u010dnost uhradila dopravu a noviny pomohly informovat ve\u0159ejnost. Byly distribuov\u00e1ny tis\u00edce tun p\u0159ebyte\u010dn\u00e9 \u00farody z okoln\u00edch farem. Po ozn\u00e1men\u00ed se do dvou dn\u016f p\u0159ihl\u00e1silo p\u0159es tis\u00edc m\u00edst ochotn\u00fdch fungovat jako v\u00fddejny.<\/span><\/p>\n<p><span dir=\"auto\">Situace v N\u011bmecku ukazuje, jak rychle se trh m\u016f\u017ee zm\u011bnit. Tamn\u00ed ministerstvo zem\u011bd\u011blstv\u00ed zaznamenalo sklize\u0148 13,4 milionu tun brambor, co\u017e je zhruba o 2 miliony tun v\u00edce ne\u017e dlouhodob\u00fd pr\u016fm\u011br. Mnoho p\u011bstitel\u016f roz\u0161\u00ed\u0159ilo sv\u00e9 plochy pro brambory v o\u010dek\u00e1v\u00e1n\u00ed dobr\u00fdch v\u00fdkupn\u00edch cen z p\u0159edchoz\u00edch let. P\u0159\u00edzniv\u00e9 po\u010das\u00ed v\u0161ak p\u0159ineslo mimo\u0159\u00e1dn\u011b vysokou \u00farodu \u2013 nejv\u011bt\u0161\u00ed za posledn\u00edch 25 let \u2013 a trh se zhroutil. \u010c\u00e1st produkce tak skon\u010dila v bioplynov\u00fdch stanic\u00edch nebo jako krmivo.<\/span><\/p>\n<p><span dir=\"auto\">Berl\u00ednsk\u00e1 sout\u011b\u017e vyvolala hn\u011bv mnoha farm\u00e1\u0159\u016f v regionu, kte\u0159\u00ed tvrd\u00ed, \u017ee \u00fasil\u00ed ministerstva vedlo k dal\u0161\u00edmu znehodnocen\u00ed jejich \u00farody brambor.<\/span><\/p>\n<p><span dir=\"auto\">Mezit\u00edm v \u010cesku prezident \u010cesk\u00e9ho brambor\u00e1\u0159sk\u00e9ho svazu Josef Kr\u00e1licek upozor\u0148uje, \u017ee trh s bramborami se mus\u00ed pot\u00fdkat nejen s rekordn\u00ed \u00farodou, ale tak\u00e9 se zm\u011bnou situace na sv\u011btov\u00e9m trhu. V p\u0159edchoz\u00edch letech sm\u011b\u0159ovalo a\u017e 50 procent evropsk\u00e9ho exportu brambor ur\u010den\u00fdch na hranolky do Asie. \u010c\u00edna v\u0161ak v posledn\u00ed dob\u011b v\u00fdrazn\u011b omezila svou spot\u0159ebu a sama za\u010dala dod\u00e1vat bramborov\u00e9 v\u00fdrobky na asijsk\u00e9 trhy.<\/span><\/p>\n<p><span dir=\"auto\">Podle Kr\u00e1li\u010dka to vedlo ke kolapsu evropsk\u00e9ho trhu. V \u010cesk\u00e9 republice se po v\u00fdrazn\u00e9m poklesu cen situace postupn\u011b za\u010d\u00edn\u00e1 obracet. Podle analytik\u016f v\u0161ak v \u010cesku nehroz\u00ed, \u017ee by se brambory rozd\u00e1valy zadarmo.<\/span><\/p>\n<p><span dir=\"auto\">\u201eEvropa posiluje brambory ur\u010den\u00e9 ke zpracov\u00e1n\u00ed na hranolky, p\u0159i\u010dem\u017e zhruba 50 procent z nich m\u00ed\u0159\u00ed mimo Evropskou unii. Jdou do Ameriky, na Bl\u00edzk\u00fd v\u00fdchod, do Indie, \u010c\u00edny a podobn\u011b. Popt\u00e1vka po t\u011bchto produktech rostla. Tov\u00e1rny nasmlouvaly v\u011bt\u0161\u00ed mno\u017estv\u00ed a p\u011bstitel\u00e9 tak\u00e9 usilovali o dal\u0161\u00ed plochy mimo smluvn\u011b stanoven\u00e9. A nebylo v\u00fdjimkou, \u017ee za tyto nesmluvn\u011b uzav\u0159en\u00e9 brambory dostali ve skute\u010dnosti v\u00edce, ne\u017e bylo v dan\u00e9 smlouv\u011b, tak\u017ee se jim to vyplatilo,\u201c \u0159ekl Josef Kr\u00e1licek.<\/span><\/p>\n<p><span dir=\"auto\">Pot\u00e9, co z\u00e1jem z Asie opadl, v\u0161ak podle n\u011bj brambory v Evrop\u011b narazily na strop, co\u017e vedlo i k absurdn\u00edm situac\u00edm, v\u010detn\u011b sou\u010dasn\u00e9 situace, kdy se v N\u011bmecku rozd\u00e1vaj\u00ed zdarma.<\/span><\/p>\n<p><span dir=\"auto\">V \u010cesku jsou podle Kr\u00e1liceka ceny siln\u011b nav\u00e1z\u00e1ny na v\u00fdvoj v N\u011bmecku. Mluv\u010d\u00ed agr\u00e1rn\u00ed komory Barbora P\u00e1nkov\u00e1 tehdy upozornila, \u017ee situaci v \u010cesku zhor\u0161uje dovoz levn\u00fdch brambor z Francie.<\/span><\/p>\n<p><span dir=\"auto\">\u010cesk\u00e1 republika nen\u00ed v produkci brambor sob\u011bsta\u010dn\u00e1, ro\u010dn\u011b se dov\u00e1\u017e\u00ed p\u0159ibli\u017en\u011b 160 000 tun. Je proto nepravd\u011bpodobn\u00e9, \u017ee by se na \u010desk\u00e9m trhu objevily podobn\u00e9 akce. Podle agr\u00e1rn\u00edho analytika Petra Havla by se mohlo jednat nanejv\u00fd\u0161 o lok\u00e1ln\u00ed rozhodnut\u00ed jednotliv\u00fdch zem\u011bd\u011blc\u016f, kte\u0159\u00ed cht\u011bj\u00ed b\u00fdt altruisti\u010dt\u00ed.<\/span><\/p>\n<p><span dir=\"auto\">\u201eV\u00fdznamn\u00fdm faktorem je lo\u0148sk\u00e1 \u00faroda, kter\u00e1 byla p\u0159\u00edzniv\u00e1 nejen v Evrop\u011b, ale i v \u010cesk\u00e9 republice. Podle ofici\u00e1ln\u00edch statistik se zde sklidilo 729 000 tun brambor, co\u017e p\u0159edstavuje meziro\u010dn\u00ed n\u00e1r\u016fst o 11,2 procenta a z\u00e1rove\u0148 nejvy\u0161\u0161\u00ed objem od roku 2011,\u201c uvedla Agr\u00e1rn\u00ed komora \u010cR s t\u00edm, \u017ee v d\u016fsledku nadprodukce klesla v\u00fdkupn\u00ed cena brambor z p\u0159ibli\u017en\u011b p\u011bti korun za kilogram na 2,5 a\u017e t\u0159i koruny v z\u00e1vislosti na odr\u016fd\u011b. To vedlo k finan\u010dn\u00edm ztr\u00e1t\u00e1m, proto\u017ee v\u00fdrobn\u00ed n\u00e1klady se pohybuj\u00ed kolem p\u011bti korun za kilogram. V p\u0159edchoz\u00edch letech k roz\u0161\u00ed\u0159en\u00ed osevn\u00edch ploch p\u0159isp\u011bl Strategick\u00fd pl\u00e1n spole\u010dn\u00e9 zem\u011bd\u011blsk\u00e9 politiky.<\/span><\/p>\n<p><span dir=\"auto\">Vzhledem k o\u010dek\u00e1van\u00fdm ztr\u00e1t\u00e1m je podle obou expert\u016f pravd\u011bpodobn\u00e9, \u017ee se v p\u0159\u00ed\u0161t\u00ed sez\u00f3n\u011b osevn\u00ed plochy sn\u00ed\u017e\u00ed. Podle Kr\u00e1liceka by se m\u011blo jednat o pokles v rozmez\u00ed \u0161esti a\u017e deseti procent.<\/span><\/p>\n<p><span dir=\"auto\">V posledn\u00edch m\u011bs\u00edc\u00edch do\u0161lo tak\u00e9 k v\u00fdrazn\u00e9mu poklesu spot\u0159ebitelsk\u00fdch cen brambor. Nejv\u00fdrazn\u011bj\u0161\u00ed byl na podzim, kdy se velkoobchodn\u00ed ceny pohybovaly mezi 15 a 17 korunami za kilogram, b\u011bhem slevov\u00fdch akc\u00ed pak kolem \u0161esti a\u017e sedmi korun. Podle \u00fadaj\u016f St\u00e1tn\u00edho zem\u011bd\u011blsk\u00e9ho fondu byla v polovin\u011b \u0159\u00edjna pr\u016fm\u011brn\u00e1 spot\u0159ebitelsk\u00e1 cena 9,91 koruny za kilogram, pohybovala se v rozmez\u00ed od 5,40 do 17,90 koruny.<\/span><\/p>\n<p><span dir=\"auto\">S n\u00e1stupem nov\u00e9ho roku v\u0161ak brambory op\u011bt zdra\u017euj\u00ed. Podle statistik fondu se pr\u016fm\u011brn\u00e1 cena zv\u00fd\u0161ila na 11,58 koruny za kilogram a pohybuje se v rozmez\u00ed od 5,30 do 19,90 koruny.<\/span><\/p>\n<p><span dir=\"auto\">\u201eAby si brambory zachovaly svou kvalitu a nehnily, mus\u00ed b\u00fdt skladov\u00e1ny p\u0159i optim\u00e1ln\u00ed teplot\u011b, co\u017e zvy\u0161uje energetick\u00e9 n\u00e1klady na skladov\u00e1n\u00ed. Proto se cena p\u0159es zimu m\u00edrn\u011b zvy\u0161uje. A to se d\u011bje i te\u010f. Ta cena je\u0161t\u011b m\u00edrn\u011b vzroste. To, co se stalo na konci lo\u0148sk\u00e9ho roku, opravdu nen\u00ed standard,\u201c \u0159ekl k v\u00fdvoji cen brambor Petr Havel.<\/span><\/p>\n<p><img decoding=\"async\" loading=\"lazy\" class=\"alignnone size-full wp-image-1185\" src=\"http:\/\/www.infokuryr.cz\/n\/wp-content\/uploads\/2021\/04\/kuryr-podpis.png\" alt=\"\" width=\"84\" height=\"24\" \/><\/p>\n<p>&nbsp;<\/p>\n<\/div>\n<\/div>\n","protected":false},"excerpt":{"rendered":"<p>Berl\u00edn dokonce sponzoroval bezplatn\u00e9 rozd\u00e1v\u00e1n\u00ed brambor po cel\u00e9m m\u011bst\u011b, co\u017e n\u011bkter\u00e9 farm\u00e1\u0159e velmi rozzlobilo V&#8230;<\/p>\n","protected":false},"author":2,"featured_media":99437,"comment_status":"closed","ping_status":"closed","sticky":false,"template":"","format":"standard","meta":[],"categories":[7],"tags":[233,10078,283,5969,2532],"_links":{"self":[{"href":"https:\/\/www.infokuryr.cz\/n\/wp-json\/wp\/v2\/posts\/99436"}],"collection":[{"href":"https:\/\/www.infokuryr.cz\/n\/wp-json\/wp\/v2\/posts"}],"about":[{"href":"https:\/\/www.infokuryr.cz\/n\/wp-json\/wp\/v2\/types\/post"}],"author":[{"embeddable":true,"href":"https:\/\/www.infokuryr.cz\/n\/wp-json\/wp\/v2\/users\/2"}],"replies":[{"embeddable":true,"href":"https:\/\/www.infokuryr.cz\/n\/wp-json\/wp\/v2\/comments?post=99436"}],"version-history":[{"count":0,"href":"https:\/\/www.infokuryr.cz\/n\/wp-json\/wp\/v2\/posts\/99436\/revisions"}],"wp:featuredmedia":[{"embeddable":true,"href":"https:\/\/www.infokuryr.cz\/n\/wp-json\/wp\/v2\/media\/99437"}],"wp:attachment":[{"href":"https:\/\/www.infokuryr.cz\/n\/wp-json\/wp\/v2\/media?parent=99436"}],"wp:term":[{"taxonomy":"category","embeddable":true,"href":"https:\/\/www.infokuryr.cz\/n\/wp-json\/wp\/v2\/categories?post=99436"},{"taxonomy":"post_tag","embeddable":true,"href":"https:\/\/www.infokuryr.cz\/n\/wp-json\/wp\/v2\/tags?post=99436"}],"curies":[{"name":"wp","href":"https:\/\/api.w.org\/{rel}","templated":true}]}}