{"id":99435,"date":"2026-02-14T00:15:48","date_gmt":"2026-02-13T23:15:48","guid":{"rendered":"https:\/\/www.infokuryr.cz\/n\/?p=99435"},"modified":"2026-02-13T10:02:52","modified_gmt":"2026-02-13T09:02:52","slug":"v-italii-si-mimo-vezeni-odpykava-trest-30-000-zahranicnich-odsouzenych","status":"publish","type":"post","link":"https:\/\/www.infokuryr.cz\/n\/2026\/02\/14\/v-italii-si-mimo-vezeni-odpykava-trest-30-000-zahranicnich-odsouzenych\/","title":{"rendered":"V It\u00e1lii si mimo v\u011bzen\u00ed odpyk\u00e1v\u00e1 trest 30 000 zahrani\u010dn\u00edch odsouzen\u00fdch"},"content":{"rendered":"<div id=\"fb-root\"><\/div>\n<h3 class=\"s-tagline fw-tagline\"><span dir=\"auto\">Podle region\u016f poch\u00e1z\u00ed nejv\u011bt\u0161\u00ed po\u010det zahrani\u010dn\u00edch pachatel\u016f odpyk\u00e1vaj\u00edc\u00edch trest mimo v\u011bzen\u00ed z Afriky<\/span><\/h3>\n<div class=\"e-ct-outer\">\n<div class=\"entry-content rbct clearfix is-highlight-shares\">\n<p><a href=\"https:\/\/www.laverita.info\/30000-criminali-stranieri-2675237344.html\"><span dir=\"auto\">Podle nov\u00fdch ofici\u00e1ln\u00edch \u00fadaj\u016f, na kter\u00e9 upozornil italsk\u00fd den\u00edk La Verit\u00e0<\/span><\/a><span dir=\"auto\">\u00a0, si v It\u00e1lii v sou\u010dasn\u00e9 dob\u011b odpyk\u00e1v\u00e1 tresty mimo v\u011bzen\u00ed prost\u0159ednictv\u00edm alternativn\u00edch nebo komunitn\u00edch opat\u0159en\u00ed v\u00edce ne\u017e 144 000 odsouzen\u00fdch pachatel\u016f,\u00a0p\u0159i\u010dem\u017e p\u0159es 30 000 z nich jsou cizinci.<\/span><\/p>\n<p><span dir=\"auto\">\u00dadaje italsk\u00e9 justice z 15. ledna 2026 ukazuj\u00ed, \u017ee 144 822 odsouzen\u00fdch osob nen\u00ed uv\u011bzn\u011bno, ale vykon\u00e1vaj\u00ed alternativn\u00ed tresty, jako je dohled nad komunitou, probace nebo jin\u00e1 opat\u0159en\u00ed nesouvisej\u00edc\u00ed s odn\u011bt\u00edm svobody. Z nich je 30 279 cizinc\u016f, co\u017e p\u0159edstavuje 21 procent z celkov\u00e9ho po\u010dtu.<\/span><\/p>\n<p><span dir=\"auto\">Data ukazuj\u00ed, \u017ee v\u011bt\u0161ina pachatel\u016f vykon\u00e1vaj\u00edc\u00edch alternativn\u00ed tresty jsou mu\u017ei, s v\u00edce ne\u017e 129 000 mu\u017esk\u00fdmi odsouzen\u00fdmi ve srovn\u00e1n\u00ed s zhruba 15 800 \u017eenami. V\u011bt\u0161ina z nich spad\u00e1 do v\u011bkov\u00e9 kategorie 30 a\u017e 59 let.<\/span><\/p>\n<p><span dir=\"auto\">Podle rozd\u011blen\u00ed podle regionu p\u016fvodu poch\u00e1zej\u00ed cizinci pod dohledem nej\u010dast\u011bji z africk\u00fdch zem\u00ed, kte\u0159\u00ed tvo\u0159\u00ed 37 procent zahrani\u010dn\u00edch pachatel\u016f trestn\u00fdch \u010din\u016f v alternativn\u00edch opat\u0159en\u00edch. N\u00e1sleduj\u00ed osoby z jin\u00fdch evropsk\u00fdch zem\u00ed mimo Evropskou unii s 23,8 procenty, ob\u010dan\u00e9 EU s 18,5 procenty, St\u0159edoameri\u010dan\u00e9 a Jihoameri\u010dan\u00e9 s 11,2 procenty, Asiat\u00e9 s 9,4 procenty a Oce\u00e1nie s 0,1 procenty.<\/span><\/p>\n<div class=\"twitter-tweet twitter-tweet-rendered\"><iframe id=\"twitter-widget-0\" class=\"\" title=\"X P\u0159\u00edsp\u011bvek\" src=\"https:\/\/platform.twitter.com\/embed\/Tweet.html?creatorScreenName=RMXnews&amp;dnt=false&amp;embedId=twitter-widget-0&amp;features=eyJ0ZndfdGltZWxpbmVfbGlzdCI6eyJidWNrZXQiOltdLCJ2ZXJzaW9uIjpudWxsfSwidGZ3X2ZvbGxvd2VyX2NvdW50X3N1bnNldCI6eyJidWNrZXQiOnRydWUsInZlcnNpb24iOm51bGx9LCJ0ZndfdHdlZXRfZWRpdF9iYWNrZW5kIjp7ImJ1Y2tldCI6Im9uIiwidmVyc2lvbiI6bnVsbH0sInRmd19yZWZzcmNfc2Vzc2lvbiI6eyJidWNrZXQiOiJvbiIsInZlcnNpb24iOm51bGx9LCJ0ZndfZm9zbnJfc29mdF9pbnRlcnZlbnRpb25zX2VuYWJsZWQiOnsiYnVja2V0Ijoib24iLCJ2ZXJzaW9uIjpudWxsfSwidGZ3X21peGVkX21lZGlhXzE1ODk3Ijp7ImJ1Y2tldCI6InRyZWF0bWVudCIsInZlcnNpb24iOm51bGx9LCJ0ZndfZXhwZXJpbWVudHNfY29va2llX2V4cGlyYXRpb24iOnsiYnVja2V0IjoxMjA5NjAwLCJ2ZXJzaW9uIjpudWxsfSwidGZ3X3Nob3dfYmlyZHdhdGNoX3Bpdm90c19lbmFibGVkIjp7ImJ1Y2tldCI6Im9uIiwidmVyc2lvbiI6bnVsbH0sInRmd19kdXBsaWNhdGVfc2NyaWJlc190b19zZXR0aW5ncyI6eyJidWNrZXQiOiJvbiIsInZlcnNpb24iOm51bGx9LCJ0ZndfdXNlX3Byb2ZpbGVfaW1hZ2Vfc2hhcGVfZW5hYmxlZCI6eyJidWNrZXQiOiJvbiIsInZlcnNpb24iOm51bGx9LCJ0ZndfdmlkZW9faGxzX2R5bmFtaWNfbWFuaWZlc3RzXzE1MDgyIjp7ImJ1Y2tldCI6InRydWVfYml0cmF0ZSIsInZlcnNpb24iOm51bGx9LCJ0ZndfbGVnYWN5X3RpbWVsaW5lX3N1bnNldCI6eyJidWNrZXQiOnRydWUsInZlcnNpb24iOm51bGx9LCJ0ZndfdHdlZXRfZWRpdF9mcm9udGVuZCI6eyJidWNrZXQiOiJvbiIsInZlcnNpb24iOm51bGx9fQ%3D%3D&amp;frame=false&amp;hideCard=false&amp;hideThread=false&amp;id=2021196263891632527&amp;lang=cs&amp;origin=https%3A%2F%2Frmx.news%2Farticle%2Fitaly-has-30000-foreign-convicts-serving-sentences-outside-prison%2F&amp;sessionId=3a60bc0f1f3c77c3d6744e88ec5c6f5c4e0622f1&amp;theme=light&amp;widgetsVersion=2615f7e52b7e0%3A1702314776716&amp;width=550px\" frameborder=\"0\" scrolling=\"no\" allowfullscreen=\"allowfullscreen\" data-tweet-id=\"2021196263891632527\" data-mce-fragment=\"1\"><\/iframe><\/div>\n<p><span dir=\"auto\">Podle n\u00e1rodnosti poch\u00e1zej\u00ed nejv\u011bt\u0161\u00ed skupiny z Maroka, Alb\u00e1nie a Rumunska s 4 871, 4 147 a 3 890 potuluj\u00edc\u00edmi se trestanci. Za t\u011bmito zem\u011bmi n\u00e1sleduje Tunisko (1 824) a Nig\u00e9rie (1 464). Men\u0161\u00ed po\u010dty poch\u00e1zej\u00ed ze zem\u00ed, jako je Egypt, Peru, Ukrajina, Moldavsko, \u010c\u00edna, P\u00e1kist\u00e1n a n\u011bkolik latinskoamerick\u00fdch st\u00e1t\u016f.<\/span><\/p>\n<p><span dir=\"auto\">Jak poznamen\u00e1v\u00e1 investigativn\u00ed novin\u00e1\u0159 Fabio Amendolara, italsk\u00e9 \u00fa\u0159ady klasifikuj\u00ed tyto osoby jako sou\u010d\u00e1st \u201evn\u011bj\u0161\u00ed trestn\u00ed oblasti\u201c zem\u011b, co\u017e znamen\u00e1, \u017ee z\u016fst\u00e1vaj\u00ed pod soudn\u00edm dohledem, zat\u00edmco \u017eij\u00ed v komunit\u011b, nikoli ve vazebn\u00edch za\u0159\u00edzen\u00edch.<\/span><\/p>\n<p><span dir=\"auto\">Roz\u0161\u00ed\u0159en\u00ed alternativ k uv\u011bzn\u011bn\u00ed souvis\u00ed s reformami zaveden\u00fdmi v posledn\u00edch letech, v\u010detn\u011b opat\u0159en\u00ed prosazovan\u00fdch b\u011bhem funk\u010dn\u00edho obdob\u00ed b\u00fdval\u00e9 ministryn\u011b spravedlnosti Marty Cartabiov\u00e9, jejich\u017e c\u00edlem bylo sn\u00ed\u017eit p\u0159epln\u011bnost v\u011bznic a roz\u0161\u00ed\u0159it vyu\u017e\u00edv\u00e1n\u00ed trest\u016f odn\u011bt\u00ed svobody v r\u00e1mci komunity.<\/span><\/p>\n<p><span dir=\"auto\">V \u010dervenci lo\u0148sk\u00e9ho roku italsk\u00e1 vl\u00e1da zva\u017eovala p\u0159ed\u010dasn\u00e9 propu\u0161t\u011bn\u00ed v\u00edce ne\u017e 10 000 v\u011bz\u0148\u016f v reakci na v\u00e1\u017en\u00e9 p\u0159epln\u011bn\u00ed v\u011bznic. Jednalo se o bezprecedentn\u00ed krok Meloniho vl\u00e1dy, kter\u00e1 se d\u0159\u00edve stav\u011bla proti jak\u00fdmkoli takzvan\u00fdm opat\u0159en\u00edm na \u201evyprazd\u0148ov\u00e1n\u00ed v\u011bznic\u201c.<\/span><\/p>\n<p><span dir=\"auto\">Nordio poznamenal, \u017ee tento krok by pouze uplatnil ji\u017e existuj\u00edc\u00ed z\u00e1konn\u00e9 ustanoven\u00ed, kter\u00e9 umo\u017e\u0148uje v\u011bz\u0148\u016fm, kter\u00fdm zb\u00fdv\u00e1 m\u00e9n\u011b ne\u017e 24 m\u011bs\u00edc\u016f do odpyk\u00e1n\u00ed trestu a kte\u0159\u00ed byli odsouzeni za nen\u00e1siln\u00e9 trestn\u00e9 \u010diny, vykonat zbytek trestu mimo v\u011bzen\u00ed.<\/span><\/p>\n<p><span dir=\"auto\">V srpnu 2024\u00a0<\/span><a href=\"https:\/\/rmx.news\/crime\/prison-riots-spread-in-italy-as-police-unions-call-for-urgent-measures-to-ease-overcrowding\/\"><span dir=\"auto\">za\u017eila It\u00e1lie vlnu v\u011bze\u0148sk\u00fdch nepokoj\u016f, kter\u00e9 byly z velk\u00e9 \u010d\u00e1sti p\u0159ipisov\u00e1ny probl\u00e9mu p\u0159epln\u011bnosti.<\/span><\/a><span dir=\"auto\">\u00a0Deten\u010dn\u00ed centra v Tur\u00edn\u011b, Bari a \u0158\u00edm\u011b se dostala na tituln\u00ed str\u00e1nky novin. V jednom p\u0159\u00edpad\u011b byla v\u011bzni zajata jako rukojm\u00ed zdravotn\u00ed sestra a \u010dlenov\u00e9 ostrahy byli v\u00e1\u017en\u011b zran\u011bni.<\/span><\/p>\n<p><img decoding=\"async\" loading=\"lazy\" class=\"alignnone size-full wp-image-1185\" src=\"http:\/\/www.infokuryr.cz\/n\/wp-content\/uploads\/2021\/04\/kuryr-podpis.png\" alt=\"\" width=\"84\" height=\"24\" \/><\/p>\n<p>&nbsp;<\/p>\n<\/div>\n<\/div>\n","protected":false},"excerpt":{"rendered":"<p>Podle region\u016f poch\u00e1z\u00ed nejv\u011bt\u0161\u00ed po\u010det zahrani\u010dn\u00edch pachatel\u016f odpyk\u00e1vaj\u00edc\u00edch trest mimo v\u011bzen\u00ed z Afriky Podle nov\u00fdch&#8230;<\/p>\n","protected":false},"author":2,"featured_media":2097,"comment_status":"closed","ping_status":"closed","sticky":false,"template":"","format":"standard","meta":[],"categories":[7],"tags":[119,191,4815],"_links":{"self":[{"href":"https:\/\/www.infokuryr.cz\/n\/wp-json\/wp\/v2\/posts\/99435"}],"collection":[{"href":"https:\/\/www.infokuryr.cz\/n\/wp-json\/wp\/v2\/posts"}],"about":[{"href":"https:\/\/www.infokuryr.cz\/n\/wp-json\/wp\/v2\/types\/post"}],"author":[{"embeddable":true,"href":"https:\/\/www.infokuryr.cz\/n\/wp-json\/wp\/v2\/users\/2"}],"replies":[{"embeddable":true,"href":"https:\/\/www.infokuryr.cz\/n\/wp-json\/wp\/v2\/comments?post=99435"}],"version-history":[{"count":0,"href":"https:\/\/www.infokuryr.cz\/n\/wp-json\/wp\/v2\/posts\/99435\/revisions"}],"wp:featuredmedia":[{"embeddable":true,"href":"https:\/\/www.infokuryr.cz\/n\/wp-json\/wp\/v2\/media\/2097"}],"wp:attachment":[{"href":"https:\/\/www.infokuryr.cz\/n\/wp-json\/wp\/v2\/media?parent=99435"}],"wp:term":[{"taxonomy":"category","embeddable":true,"href":"https:\/\/www.infokuryr.cz\/n\/wp-json\/wp\/v2\/categories?post=99435"},{"taxonomy":"post_tag","embeddable":true,"href":"https:\/\/www.infokuryr.cz\/n\/wp-json\/wp\/v2\/tags?post=99435"}],"curies":[{"name":"wp","href":"https:\/\/api.w.org\/{rel}","templated":true}]}}