{"id":99433,"date":"2026-02-14T00:15:23","date_gmt":"2026-02-13T23:15:23","guid":{"rendered":"https:\/\/www.infokuryr.cz\/n\/?p=99433"},"modified":"2026-02-13T09:28:16","modified_gmt":"2026-02-13T08:28:16","slug":"nemecko-3-syrane-udajne-znasilnili-27letou-zenu-na-kapote-auta-jeden-si-stezuje-na-tlumocnici","status":"publish","type":"post","link":"https:\/\/www.infokuryr.cz\/n\/2026\/02\/14\/nemecko-3-syrane-udajne-znasilnili-27letou-zenu-na-kapote-auta-jeden-si-stezuje-na-tlumocnici\/","title":{"rendered":"N\u011bmecko: 3 Sy\u0159an\u00e9 \u00fadajn\u011b zn\u00e1silnili 27letou \u017eenu na kapot\u011b auta, jeden si st\u011b\u017euje na tlumo\u010dnici"},"content":{"rendered":"<div id=\"fb-root\"><\/div>\n<h3 class=\"s-tagline fw-tagline\"><span dir=\"auto\">Saad A. vyj\u00e1d\u0159il sv\u00e9 nepohodl\u00ed prost\u0159ednictv\u00edm tlumo\u010dn\u00edka a uvedl, \u017ee se \u201estyd\u00ed za to, \u017ee mu tlumo\u010d\u00ed \u017eena\u201c<\/span><\/h3>\n<p><span dir=\"auto\">T\u0159i Sy\u0159an\u00e9 \u00fadajn\u011b zn\u00e1silnili 27letou ob\u011b\u0165 na kapot\u011b zaparkovan\u00e9ho auta v D\u00fcsseldorfu, kdy\u017e se odd\u011blila od sv\u00fdch p\u0159\u00e1tel. Dva ze Sy\u0159an\u016f jsou souzeni a p\u0159\u00edpad se dostal na tituln\u00ed str\u00e1nky novin, proto\u017ee mu\u017ei jsou nespokojeni s t\u00edm, \u017ee jim byla p\u0159id\u011blena tlumo\u010dnice.<\/span><\/p>\n<p><span dir=\"auto\">Dva syr\u0161t\u00ed st\u00e1tn\u00ed p\u0159\u00edslu\u0161n\u00edci, 33let\u00fd Saad A. a 40let\u00fd Ahmed A., byli v \u00fater\u00fd p\u0159ed zemsk\u00fdm soudem v D\u00fcsseldorfu vyslechnuti. T\u0159et\u00ed podez\u0159el\u00fd v p\u0159\u00edpadu je st\u00e1le na svobod\u011b.<\/span><\/p>\n<p><span dir=\"auto\">B\u011bhem \u00favodn\u00edho jedn\u00e1n\u00ed Saad A. vyj\u00e1d\u0159il sv\u00e9 nepohodl\u00ed prost\u0159ednictv\u00edm tlumo\u010dn\u00edka a uvedl, \u017ee se \u201estyd\u00ed za to, \u017ee ho tlumo\u010d\u00ed \u017eena\u201c. Oba jedinci pot\u0159ebuj\u00ed b\u011bhem hlavn\u00edho l\u00ed\u010den\u00ed tlumo\u010dn\u00edky.<\/span><\/p>\n<p><span dir=\"auto\">Navzdory jeho protest\u016fm bude soudn\u00ed proces prob\u00edhat pod veden\u00edm soudkyn\u011b a oba mu\u017ee, pokud budou shled\u00e1ni vinn\u00fdmi, odsoud\u00ed tak\u00e9 ona.<\/span><\/p>\n<p><span dir=\"auto\">Ob\u017ealoba tvrd\u00ed, \u017ee k \u00fatoku do\u0161lo v \u010dasn\u00fdch rann\u00edch hodin\u00e1ch 29. \u010dervna 2025 v historick\u00e9 \u010dtvrti D\u00fcsseldorfu na n\u00e1m\u011bst\u00ed Stiftsplatz.<\/span><\/p>\n<p><span dir=\"auto\">P\u0159ibli\u017en\u011b ve 2:45 r\u00e1no byla \u017eena, kter\u00e1 byla siln\u011b opil\u00e1, zvednuta na kapotu auta. St\u00e1tn\u00ed z\u00e1stupci tvrd\u00ed, \u017ee v t\u00e9to dob\u011b bylo nepochybn\u011b jasn\u00e9, \u017ee \u017eena byla pod vlivem alkoholu a \u201et\u00e9m\u011b\u0159 nereagovala\u201c.<\/span><\/p>\n<p><span dir=\"auto\">Ob\u017ealoba popisuje systematick\u00fd \u00fatok, p\u0159i kter\u00e9m se ob\u017ealovan\u00ed \u00fadajn\u011b st\u0159\u00eddali v zn\u00e1sil\u0148ov\u00e1n\u00ed \u017eeny, zat\u00edmco dva dal\u0161\u00ed hl\u00eddali. Navzdory jejich snaze napaden\u00ed utajit sv\u011bdek, kter\u00fd proch\u00e1zel kolem, vid\u011bl, co se d\u011bje.<\/span><\/p>\n<p><span dir=\"auto\">Dal\u0161\u00ed lid\u00e9 byli tak\u00e9 pobl\u00ed\u017e a ptali se, co podez\u0159el\u00ed d\u011blaj\u00ed, p\u0159i\u010dem\u017e jeden sv\u011bdek uvedl, \u017ee Ahmed A. \u00fadajn\u011b tvrdil, \u017ee ob\u011b\u0165 zn\u00e1, posm\u00edval se jej\u00edmu opil\u00e9mu stavu a \u0159ekl: \u201ePot\u0159ebuje to.\u201c<\/span><\/p>\n<p><span dir=\"auto\">Kdy\u017e obvin\u011bn\u00fd konfrontoval Ahmeda A. kv\u016fli t\u00e9to odpov\u011bdi, \u00fadajn\u011b se vrhl na shrom\u00e1\u017ed\u011bn\u00e9 sv\u011bdky a k\u0159i\u010del, \u017ee \u201ei proti nim sp\u00e1ch\u00e1 trestn\u00fd \u010din\u201c.\u00a0<\/span><\/p>\n<p><span dir=\"auto\">List Bild\u00a0<\/span><a href=\"https:\/\/www.bild.de\/regional\/duesseldorf\/mutmasslicher-syrischer-vergewaltiger-will-nicht-von-frau-gedolmetscht-werden-68d261144a958e24fe6bf007?t_ref=https%3A%2F%2Ft.co%2F\"><span dir=\"auto\">uv\u00e1d\u00ed<\/span><\/a><span dir=\"auto\">\u00a0, \u017ee sv\u011bdci prok\u00e1zali state\u010dnost a donutili pachatele k \u00fat\u011bku. Okam\u017eit\u011b kontaktovali z\u00e1chrann\u00e9 slo\u017eky a ob\u011b\u0165 doprovodili k policejn\u00edmu vozidlu na nedalek\u00e9m n\u00e1m\u011bst\u00ed Burgplatz.<\/span><\/p>\n<p><span dir=\"auto\">Vyzbrojeni v\u00fdpov\u011b\u010fmi sv\u011bdk\u016f a dal\u0161\u00edmi d\u016fkazy policie je\u0161t\u011b t\u00e9\u017ee noci zatkla Ahmeda A. a Saada A. Vy\u0161et\u0159ovatel\u00e9 z\u00edskali z t\u011bla ob\u011bti d\u016fkazy DNA, kter\u00e9 jsou vedle v\u00fdpov\u011bd\u00ed sv\u011bdk\u016f hlavn\u00edm d\u016fkazem v p\u0159\u00edpadu.<\/span><\/p>\n<p><span dir=\"auto\">Ob\u011bma mu\u017e\u016fm hroz\u00ed a\u017e 15 let v\u011bzen\u00ed.<\/span><\/p>\n<p><img decoding=\"async\" loading=\"lazy\" class=\"alignnone size-full wp-image-1185\" src=\"http:\/\/www.infokuryr.cz\/n\/wp-content\/uploads\/2021\/04\/kuryr-podpis.png\" alt=\"\" width=\"84\" height=\"24\" \/><\/p>\n<p>&nbsp;<\/p>\n","protected":false},"excerpt":{"rendered":"<p>Saad A. vyj\u00e1d\u0159il sv\u00e9 nepohodl\u00ed prost\u0159ednictv\u00edm tlumo\u010dn\u00edka a uvedl, \u017ee se \u201estyd\u00ed za to, \u017ee&#8230;<\/p>\n","protected":false},"author":2,"featured_media":99434,"comment_status":"closed","ping_status":"closed","sticky":false,"template":"","format":"standard","meta":[],"categories":[7],"tags":[84,324,1677,366],"_links":{"self":[{"href":"https:\/\/www.infokuryr.cz\/n\/wp-json\/wp\/v2\/posts\/99433"}],"collection":[{"href":"https:\/\/www.infokuryr.cz\/n\/wp-json\/wp\/v2\/posts"}],"about":[{"href":"https:\/\/www.infokuryr.cz\/n\/wp-json\/wp\/v2\/types\/post"}],"author":[{"embeddable":true,"href":"https:\/\/www.infokuryr.cz\/n\/wp-json\/wp\/v2\/users\/2"}],"replies":[{"embeddable":true,"href":"https:\/\/www.infokuryr.cz\/n\/wp-json\/wp\/v2\/comments?post=99433"}],"version-history":[{"count":0,"href":"https:\/\/www.infokuryr.cz\/n\/wp-json\/wp\/v2\/posts\/99433\/revisions"}],"wp:featuredmedia":[{"embeddable":true,"href":"https:\/\/www.infokuryr.cz\/n\/wp-json\/wp\/v2\/media\/99434"}],"wp:attachment":[{"href":"https:\/\/www.infokuryr.cz\/n\/wp-json\/wp\/v2\/media?parent=99433"}],"wp:term":[{"taxonomy":"category","embeddable":true,"href":"https:\/\/www.infokuryr.cz\/n\/wp-json\/wp\/v2\/categories?post=99433"},{"taxonomy":"post_tag","embeddable":true,"href":"https:\/\/www.infokuryr.cz\/n\/wp-json\/wp\/v2\/tags?post=99433"}],"curies":[{"name":"wp","href":"https:\/\/api.w.org\/{rel}","templated":true}]}}