{"id":99401,"date":"2026-02-13T05:31:43","date_gmt":"2026-02-13T04:31:43","guid":{"rendered":"https:\/\/www.infokuryr.cz\/n\/?p=99401"},"modified":"2026-02-13T05:39:49","modified_gmt":"2026-02-13T04:39:49","slug":"evropska-unie-prevzala-95-veskerych-nakladu-na-provoz-ukrajiny-a-jejiho-valecneho-niceni","status":"publish","type":"post","link":"https:\/\/www.infokuryr.cz\/n\/2026\/02\/13\/evropska-unie-prevzala-95-veskerych-nakladu-na-provoz-ukrajiny-a-jejiho-valecneho-niceni\/","title":{"rendered":"Evropsk\u00e1 unie p\u0159evzala 95% ve\u0161ker\u00fdch n\u00e1klad\u016f na provoz Ukrajiny a jej\u00edho v\u00e1le\u010dn\u00e9ho ni\u010den\u00ed"},"content":{"rendered":"<div id=\"fb-root\"><\/div>\n<h4>Evropsk\u00e1 unie p\u0159evzala 95% ve\u0161ker\u00fdch n\u00e1klad\u016f na provoz Ukrajiny a jej\u00edho v\u00e1le\u010dn\u00e9ho ni\u010den\u00ed a podle \u0161\u00e9fa NATO m\u00e1 b\u00fdt Ukrajina znovu vyzbrojena a st\u00e1t se odstra\u0161en\u00edm Evropy pro Rusko! Cht\u011bj\u00ed z ukrajinsk\u00e9 arm\u00e1dy ud\u011blat de facto elitn\u00ed vojska Euro-SS vybaven\u00e9 ideologickou rusofobi\u00ed a zku\u0161enostmi z boj\u016f s Rusy! \u010clenstv\u00ed Ukrajiny v EU m\u00e1 zajistit \u201czaru\u010den\u00e9\u201d obnoven\u00ed v\u00e1lky s Ruskem!<\/h4>\n<p>Souvislosti ekonomick\u00e9ho a bezpe\u010dnostn\u00edho charakteru za\u010d\u00ednaj\u00ed postupn\u011b vyplouvat na povrch s t\u00edm, jak na Ukrajin\u011b u\u017e za\u010d\u00edn\u00e1 v\u0161em doch\u00e1zet, \u017ee v\u00e1lka s Rusy se v prvn\u00edm d\u011bjstv\u00ed od roku 2022 nepovedla, a \u017ee je pot\u0159eba sjednat do\u010dasn\u00fd m\u00edr,\u00a0<strong>znovu obalamutit Rusy, znovu je ut\u00e1hnout na va\u0159enou nudli z\u00e1padn\u00edch dohod a p\u0159\u00e1telsk\u00fdch gest, kter\u00e9 uklidn\u00ed rusk\u00e9ho medv\u011bda, aby zalezl zp\u00e1tky do brlohu a sundal kanady.<\/strong>\u00a0O nic jin\u00e9ho se v t\u00e9to chv\u00edli vlastn\u011b nehraje a americk\u00e9 sta\u017een\u00ed se ze zpackan\u00e9ho konfliktu u\u017e lze dokonce i kvantifikovat, a to d\u00edky francouzsk\u00e9 televizi. Ta uk\u00e1zala naprosto z\u00e1sadn\u00ed grafy a \u010d\u00edsla.<\/p>\n<p>&nbsp;<\/p>\n<div id=\"rumble_v73hbd4\">\n<div id=\"vid_v73hbd4\" class=\"rumble_v73hbd4-Rumble-cls\" tabindex=\"-1\">\n<div><div class='videoWrapper'>\r\n\t            <iframe src='https:\/\/rumble.com\/embed\/pj.v73hbd4\/' frameborder='0' allowfullscreen><\/iframe>\r\n\t        <\/div><\/div>\n<\/div>\n<\/div>\n<p>&nbsp;<\/p>\n<p>V roce 2025 se toti\u017e USA \u00fapln\u011b st\u00e1hly z participace na financov\u00e1n\u00ed Ukrajiny, proto\u017ee v roce 2025 EU financovala 95% ve\u0161ker\u00fdch provozn\u00edch n\u00e1klad\u016f Ukrajiny, p\u0159i\u010dem\u017e USA spadly na slab\u00e1 a zanedbateln\u00e1 \u010d\u00edsla. A rok 2026 se v tomto trendu li\u0161it nebude. Cel\u00e1 Ukrajina se stala z\u00e1vazkem EU.<\/p>\n<p>A douf\u00e1m, \u017ee u\u017e ch\u00e1pete, pro\u010d z Bruselu za\u010d\u00ednaj\u00ed unikat informace o tom, \u017ee Ukrajina se m\u00e1 st\u00e1t \u010dlenem EU ji\u017e po\u010d\u00e1tkem roku 2027, a te\u010f se \u0159e\u0161\u00ed technick\u00e9 detaily jako zp\u016fsob p\u0159ijet\u00ed, jestli plnohodnotn\u00e9, nebo postupn\u00e9, nebo se Ma\u010farsku odeberou hlasovac\u00ed pr\u00e1va, atd. Abyste rozum\u011bli, tak EU ned\u011bl\u00e1 charitu.<\/p>\n<h3>B\u00fdval\u00fd \u0161\u00e9f NATO je tup\u00fd, \u017ee nech\u00e1pe v\u00e1le\u010dn\u00e9 re\u00e1lie?<\/h3>\n<p>Nen\u00ed to altruismus, \u017ee EU u\u017e v\u00edce ne\u017e rok t\u00e1hne n\u00e1klady na provoz Ukrajiny. Je to zkr\u00e1tka ot\u00e1zka majetkov\u00e9ho p\u0159\u00edstupu. Brusel pova\u017euje Ukrajinu ji\u017e za sv\u016fj \u010dlensk\u00fd st\u00e1t! To je ten d\u016fvod.\u00a0<strong>B\u00fdval\u00fd \u0161\u00e9f NATO Anders Rasmussen vystoupil na americk\u00e9 CNN a tam si st\u011b\u017eoval, \u017ee nech\u00e1pe, pro\u010d Trumpova administrativa tla\u010d\u00ed daleko v\u00edce na Zelensk\u00e9ho ne\u017e na Putina,<\/strong>\u00a0jako by nev\u011bd\u011bl, \u017ee Ukrajina v\u00e1lku prohr\u00e1la, a \u017ee na konci ka\u017ed\u00e9 takov\u00e9 v\u00e1lky se tlak logicky sm\u011b\u0159uje na pora\u017een\u00e9ho, ne na v\u00edt\u011bze.<\/p>\n<p>&nbsp;<\/p>\n<div id=\"rumble_v73hbec\">\n<div id=\"vid_v73hbec\" class=\"rumble_v73hbec-Rumble-cls\" tabindex=\"-1\">\n<div><div class='videoWrapper'>\r\n\t            <iframe src='https:\/\/rumble.com\/embed\/pj.v73hbec\/' frameborder='0' allowfullscreen><\/iframe>\r\n\t        <\/div><\/div>\n<\/div>\n<\/div>\n<p>&nbsp;<\/p>\n<p>Rasmussen je jeden z dal\u0161\u00edch idiot\u016f odkojen\u00fdch Bruselem, takov\u00fdch jsou tam nekone\u010dn\u00e9 z\u00e1stupy, proto\u017ee jde o deviantn\u00ed produkty evropsk\u00e9ho liberalismu, kter\u00fd se stal hlavn\u00edm n\u00e1strojem moci americk\u00e9ho geosyst\u00e9mu Pax Americana nad evropsk\u00fdmi satelity.<\/p>\n<p>Ze stejn\u00e9ho d\u016fvodu Rasmussen nech\u00e1pal, \u017ee v Kongresu le\u017e\u00ed n\u00e1vrh tvrd\u00fdch sankc\u00ed na Rusko, ale n\u00e1vrh se nikam neposunul. Pro\u010d asi? Proto\u017ee t\u00edm by byl zma\u0159en m\u00edrov\u00fd proces dojedn\u00e1van\u00fd s Rusy. Ameri\u010dan\u00e9 se z Ukrajiny nestahuj\u00ed z altruismu, ani proto, \u017ee by Trumpova administrativa milovala Rusy a cht\u011bla by Moskv\u011b d\u00e1t d\u00e1rek. Ne, to ani n\u00e1hodou.<\/p>\n<h3>Zpackan\u00e1 v\u00e1lka na Ukrajin\u011b zp\u016fsobila kolaps geosyst\u00e9mu Pax Americana ve sv\u011bt\u011b<\/h3>\n<p>Ameri\u010dan\u00e9 koncem l\u00e9ta a na podzim roku 2023 po zpackan\u00e9 ukrajinsk\u00e9 protiofenz\u00edv\u011b pochopili, \u017ee vsadili na \u0161patn\u00e9ho kon\u011b. Ukrajinsk\u00e1\u00a0<em>hajtra<\/em>\u00a0padla v prvn\u00edm kole. Pochopili, \u017ee ukrajinsk\u00e1 arm\u00e1da nedok\u00e1\u017ee p\u0159ekro\u010dit sv\u016fj st\u00edn, \u017ee model boje ohn\u011b proti ohni, tedy Ukrajinc\u016f proti Rus\u016fm, zkr\u00e1tka nep\u0159inesl o\u010dek\u00e1van\u00fd v\u00fdsledek strategick\u00e9 por\u00e1\u017eky Ruska. Uk\u00e1zalo se, \u017ee Rusy z Ukrajiny vytla\u010dit nejen nep\u016fjde, ale \u017ee se nepoda\u0159\u00ed ani ekonomick\u00fd kolaps Ruska pomoc\u00ed sankc\u00ed. A to nejhor\u0161\u00ed, co Deep State zjistil, to nakonec rozhodlo o americk\u00e9m sta\u017een\u00ed se z Ukrajiny. A co bylo to nejhor\u0161\u00ed?<\/p>\n<figure id=\"attachment_52302\" class=\"wp-caption aligncenter\" style=\"width: 722px;\"><a href=\"https:\/\/aeronet.news\/wp-content\/uploads\/PutinXiJinPing.jpg\"><img decoding=\"async\" loading=\"lazy\" class=\"wp-image-52302 \" src=\"https:\/\/aeronet.news\/wp-content\/uploads\/PutinXiJinPing.jpg\" sizes=\"(max-width: 930px) 100vw, 930px\" srcset=\"https:\/\/aeronet.news\/wp-content\/uploads\/PutinXiJinPing.jpg 930w, https:\/\/aeronet.news\/wp-content\/uploads\/PutinXiJinPing-300x180.jpg 300w, https:\/\/aeronet.news\/wp-content\/uploads\/PutinXiJinPing-768x461.jpg 768w, https:\/\/aeronet.news\/wp-content\/uploads\/PutinXiJinPing-700x420.jpg 700w, https:\/\/aeronet.news\/wp-content\/uploads\/PutinXiJinPing-595x357.jpg 595w, https:\/\/aeronet.news\/wp-content\/uploads\/PutinXiJinPing-805x483.jpg 805w\" alt=\"\" width=\"722\" height=\"433\" \/><\/a><figcaption class=\"wp-caption-text\">Tohle je ten skute\u010dn\u00fd d\u016fvod americk\u00e9ho odchodu z Ukrajiny a z evropsk\u00fdch struktur NATO<\/figcaption><\/figure>\n<p>No p\u0159ece t\u011bsn\u00e9 padnut\u00ed si Moskvy a Pekingu do n\u00e1ru\u010de.\u00a0<strong>Deep State si a\u017e v roce 2023 uv\u011bdomil, \u017ee \u010c\u00edna se spojila s Ruskem a pou\u017e\u00edv\u00e1 Rusko na oslaben\u00ed americk\u00e9 moci nejen v Evrop\u011b, ale na cel\u00e9m sv\u011bt\u011b.<\/strong>\u00a0Neschopnost USA vojensky skrze Ukrajinu a ekonomicky skrze sankce porazit Rusko vedlo k zab\u0159ednut\u00ed USA v konfliktu, kter\u00fd nemus\u00ed m\u00edt konce, a p\u0159itom \u010c\u00edna bude z partnerstv\u00ed s Ruskem ekonomicky, ale hlavn\u011b mocensky profitovat. \u010c\u00edna toti\u017e svoji pozici pou\u017eije na ovl\u00e1dnut\u00ed z\u00e1vislosti Ruska na sob\u011b, minim\u00e1ln\u011b v geopolitick\u00fdch procesech. A to jsou procesy nasm\u011brovan\u00e9 proti USA.<\/p>\n<h3>Ameri\u010dan\u00e9 p\u0159ed\u00e1vaj\u00ed Evropan\u016fm velen\u00ed nad NATO jako horkou bramboru<\/h3>\n<p>Deep State si narychlo uv\u011bdomil, \u017ee by se \u010c\u00edna a Rusko staly nejv\u011bt\u0161\u00edm a nejnebezpe\u010dn\u011bj\u0161\u00edm svazkem proti moci USA ve sv\u011bt\u011b. A tak Trump najednou m\u00e1 za \u00fakol p\u0159it\u00e1hnout Rusko zp\u00e1tky k fale\u0161n\u00e9mu p\u0159\u00e1telstv\u00ed s USA, za ka\u017edou cenu. A to i za cenu ob\u011btov\u00e1n\u00ed Ukrajiny. Pokud se to nepovede, USA skon\u010d\u00ed v situaci, \u017ee jedin\u00fdm v\u00fdsledkem vyprovokov\u00e1n\u00ed v\u00e1lky na Ukrajin\u011b bude nov\u00fd glob\u00e1ln\u00ed supersvazek Rusko \u2013 \u010c\u00edna, kter\u00fd bude ohro\u017eovat americk\u00e9 pozice a z\u00e1jmy nejen na z\u00e1pad\u011b v Evrop\u011b, ale i na v\u00fdchod\u011b v Pacifiku.<\/p>\n<div class=\"twitter-tweet twitter-tweet-rendered\"><iframe id=\"twitter-widget-0\" class=\"\" title=\"X Post\" src=\"https:\/\/platform.twitter.com\/embed\/Tweet.html?dnt=false&amp;embedId=twitter-widget-0&amp;features=eyJ0ZndfdGltZWxpbmVfbGlzdCI6eyJidWNrZXQiOltdLCJ2ZXJzaW9uIjpudWxsfSwidGZ3X2ZvbGxvd2VyX2NvdW50X3N1bnNldCI6eyJidWNrZXQiOnRydWUsInZlcnNpb24iOm51bGx9LCJ0ZndfdHdlZXRfZWRpdF9iYWNrZW5kIjp7ImJ1Y2tldCI6Im9uIiwidmVyc2lvbiI6bnVsbH0sInRmd19yZWZzcmNfc2Vzc2lvbiI6eyJidWNrZXQiOiJvbiIsInZlcnNpb24iOm51bGx9LCJ0ZndfZm9zbnJfc29mdF9pbnRlcnZlbnRpb25zX2VuYWJsZWQiOnsiYnVja2V0Ijoib24iLCJ2ZXJzaW9uIjpudWxsfSwidGZ3X21peGVkX21lZGlhXzE1ODk3Ijp7ImJ1Y2tldCI6InRyZWF0bWVudCIsInZlcnNpb24iOm51bGx9LCJ0ZndfZXhwZXJpbWVudHNfY29va2llX2V4cGlyYXRpb24iOnsiYnVja2V0IjoxMjA5NjAwLCJ2ZXJzaW9uIjpudWxsfSwidGZ3X3Nob3dfYmlyZHdhdGNoX3Bpdm90c19lbmFibGVkIjp7ImJ1Y2tldCI6Im9uIiwidmVyc2lvbiI6bnVsbH0sInRmd19kdXBsaWNhdGVfc2NyaWJlc190b19zZXR0aW5ncyI6eyJidWNrZXQiOiJvbiIsInZlcnNpb24iOm51bGx9LCJ0ZndfdXNlX3Byb2ZpbGVfaW1hZ2Vfc2hhcGVfZW5hYmxlZCI6eyJidWNrZXQiOiJvbiIsInZlcnNpb24iOm51bGx9LCJ0ZndfdmlkZW9faGxzX2R5bmFtaWNfbWFuaWZlc3RzXzE1MDgyIjp7ImJ1Y2tldCI6InRydWVfYml0cmF0ZSIsInZlcnNpb24iOm51bGx9LCJ0ZndfbGVnYWN5X3RpbWVsaW5lX3N1bnNldCI6eyJidWNrZXQiOnRydWUsInZlcnNpb24iOm51bGx9LCJ0ZndfdHdlZXRfZWRpdF9mcm9udGVuZCI6eyJidWNrZXQiOiJvbiIsInZlcnNpb24iOm51bGx9fQ%3D%3D&amp;frame=false&amp;hideCard=false&amp;hideThread=false&amp;id=2022009083352821956&amp;lang=cs&amp;origin=https%3A%2F%2Faeronet.news%2Fevropska-unie-prevzala-95-veskerych-nakladu-na-provoz-ukrajiny-a-jejiho-valecneho-niceni-a-podle-sefa-nato-ma-byt-ukrajina-znovu-vyzbrojena-a-stat-se-odstrasenim-evropy-pro-rusko%2F&amp;sessionId=255c76f468aef44ed47a4eb267a461edb9da7cb7&amp;theme=light&amp;widgetsVersion=2615f7e52b7e0%3A1702314776716&amp;width=550px\" frameborder=\"0\" scrolling=\"no\" allowfullscreen=\"allowfullscreen\" data-tweet-id=\"2022009083352821956\" data-mce-fragment=\"1\"><\/iframe><\/div>\n<p>A to je tak obrovsk\u00e1 hrozba, \u017ee ve srovn\u00e1n\u00ed s t\u00edm je n\u011bjak\u00e1 Ukrajina naprosto nepodstatn\u00fdm lok\u00e1ln\u00edm divadlem, kter\u00e9 je mo\u017en\u00e9 p\u0159enechat na krku EU, a to se v\u0161\u00edm v\u0161udy, finan\u010dn\u011b, a dokonce i velitelsky.\u00a0<strong>P\u0159ed p\u00e1r dny Pentagon p\u0159enechal v Evrop\u011b t\u0159i velitelsk\u00e9 pozice v NATO Evropan\u016fm [<a href=\"https:\/\/href.li\/?https:\/\/ekonomickydenik.cz\/nato-3-nastupuje-americane-meni-pravidla\/\" target=\"_blank\" rel=\"nofollow noopener\">1<\/a>]. Pentagon to naz\u00fdv\u00e1 jako\u00a0NATO 3.0\u00a0a m\u00e1 to b\u00fdt n\u00e1vrat k tradic\u00edm sd\u00edlen\u00ed velen\u00ed.<\/strong><\/p>\n<p>Prost\u011b Ameri\u010dan\u00e9 nemaj\u00ed o Ukrajinu a ani o Evropu u\u017e z\u00e1jem. Ho\u0159\u00ed jim z\u00e1da v Pacifiku kv\u016fli \u010c\u00edn\u011b, kter\u00e9 narostla kv\u016fli konfliktu na Ukrajin\u011b \u201crusk\u00e1\u201d k\u0159\u00eddla. Tak\u017ee na Evropu a NATO v t\u00e9to chv\u00edli\u00a0<em>se*e<\/em>\u00a0pes. Tady m\u00e1te funkce, tady m\u00e1te fr\u010dky, a te\u010f si tady tomu v Evrop\u011b vel\u00edte vy. Nazdar!<\/p>\n<h3>Ukrajinsk\u00e1 arm\u00e1da se m\u00e1 st\u00e1t odstra\u0161en\u00edm pro Rusko<\/h3>\n<p>A pr\u00e1v\u011b proto d\u00e1v\u00e1 jasn\u00fd smysl i to, co ve \u010dtvrtek \u0159ekl sou\u010dasn\u00fd gener\u00e1ln\u00ed tajemn\u00edk NATO Mark Rutte. Prohl\u00e1sil, \u017ee Ukrajina mus\u00ed b\u00fdt znovu vyzbrojena po uzav\u0159en\u00ed m\u00edru, a \u017ee mus\u00ed p\u0159edstavovat odstra\u0161en\u00ed pro Rusko, \u017ee je to v z\u00e1jmu Evropy.<\/p>\n<p>P\u0159itom n\u011bco takov\u00e9ho je pro Rusy naprosto nep\u0159ijateln\u00e9, proto\u017ee Rusko nedovol\u00ed obnovu ukrajinsk\u00e9 arm\u00e1dy, kter\u00e1 se m\u00e1 st\u00e1t podle Moskvy arm\u00e1dou neutr\u00e1ln\u00edho st\u00e1tu, tedy s malou arm\u00e1dou. Rutteho v\u00fdroky prost\u011b ukazuj\u00ed, \u017ee Brusel m\u00e1 pl\u00e1n, jak ud\u011blat ze zbytk\u016f ukrajinsk\u00e9 arm\u00e1dy prakticky Euro-SS vojska, kter\u00e1 budou m\u00edt nejen bojov\u00e9 zku\u0161enosti z v\u00e1lky s Rusy, ale budou m\u00edt i ideologickou v\u00fdzbroj v podob\u011b obrovsk\u00e9 banderizovan\u00e9 rusofobie.<\/p>\n<p>&nbsp;<\/p>\n<div id=\"rumble_v73hbeu\">\n<div id=\"vid_v73hbeu\" class=\"rumble_v73hbeu-Rumble-cls\" tabindex=\"-1\">\n<div><div class='videoWrapper'>\r\n\t            <iframe src='https:\/\/rumble.com\/embed\/pj.v73hbeu\/' frameborder='0' allowfullscreen><\/iframe>\r\n\t        <\/div><\/div>\n<\/div>\n<\/div>\n<p>&nbsp;<\/p>\n<p>Velen\u00ed NATO si uv\u011bdomuje, \u017ee evropsk\u00e1 vojska jsou naprosto nepou\u017eiteln\u00e1 a bez bojov\u00e9ho odhodl\u00e1n\u00ed, a proto ukrajinsk\u00e1 arm\u00e1da nab\u00eddne n\u011bco, co se ned\u00e1 nikde jinde z\u00edskat, tedy bojov\u00e9 zku\u0161enosti s Ruskou arm\u00e1dou. A spolu s t\u00edm i obrovskou touhou \u010d\u00e1sti ukrajinsk\u00e9 generality na revan\u0161 Rus\u016fm. Jen\u017ee, je tady jedna z\u00e1sadn\u00ed v\u011bc, kter\u00e1 analytik\u016fm unik\u00e1.<\/p>\n<p><strong>Existuje n\u011bco, co je na Ukrajin\u011b absolutn\u011b to nejd\u016fle\u017eit\u011bj\u0161\u00ed pro Brusel a Lond\u00fdn, a to je\u00a0z\u00e1minka pro vypuknut\u00ed nov\u00e9 v\u00e1lky s Ruskem!\u00a0Bez Ukrajiny a jej\u00edho \u010dlenstv\u00ed v EU to nikdy nep\u016fjde.<\/strong>\u00a0Ukrajina mus\u00ed b\u00fdt proto v EU, aby v budoucnu mohla Ukrajina znovu vyprovokovat konflikt, jako ho vyprovokovala v \u00fanoru 2022, ale ji\u017e pod hlavi\u010dkou \u010dlensk\u00e9 zem\u011b EU. Aby do v\u00e1lky s Rusy u\u017e \u0161ly v\u0161echny n\u00e1rody EU!<\/p>\n<h3>Obnoven\u00ed v\u00e1lky s Ruskem bude v p\u0159\u00edpad\u011b \u010dlenstv\u00ed Ukrajiny v EU zaru\u010deno!<\/h3>\n<p>Jakmile bude Ukrajina v EU, bude vyprovokov\u00e1n\u00ed nov\u00e9ho konfliktu s Ruskem jen ot\u00e1zkou kreativity Bruselu, jak\u00e1 z\u00e1minka se vymysl\u00ed, a jak to Ukrajinci na v\u00fdchod\u011b nebo jihu Ukrajiny provedou, aby znovu bylo obvin\u011bno Rusko. Pokud toti\u017e bude Ukrajina \u010dlenskou zem\u00ed EU, bude konflikt EU s Ruskem nevyhnuteln\u00fd!<\/p>\n<p>Obnoven\u00ed v\u00e1lky bude zaru\u010deno! Nebude to o tom, jestli se to stane, ale kdy se to stane! Proto v t\u00e9to chv\u00edli u\u017e jsou v\u0161echny diskuse o ukrajinsk\u00e9m \u010dlenstv\u00ed v NATO mimo m\u00edsu, proto\u017ee i Ukrajinci snad ch\u00e1pou, \u017ee USA z NATO odch\u00e1z\u00ed, u\u017e o n\u011bj nemaj\u00ed z\u00e1jem. Hlavn\u00ed vojensk\u00fd syst\u00e9m Evropy se p\u0159en\u00e1\u0161\u00ed na evropsk\u00e9 zem\u011b a na EU.<\/p>\n<figure id=\"attachment_62662\" class=\"wp-caption aligncenter\" style=\"width: 700px;\"><a href=\"https:\/\/aeronet.news\/wp-content\/uploads\/volodymyr-zelensky_Munchen2025.jpg\"><img decoding=\"async\" loading=\"lazy\" class=\"wp-image-62662 \" src=\"https:\/\/aeronet.news\/wp-content\/uploads\/volodymyr-zelensky_Munchen2025-1024x576.jpg\" sizes=\"(max-width: 700px) 100vw, 700px\" srcset=\"https:\/\/aeronet.news\/wp-content\/uploads\/volodymyr-zelensky_Munchen2025-1024x576.jpg 1024w, https:\/\/aeronet.news\/wp-content\/uploads\/volodymyr-zelensky_Munchen2025-300x169.jpg 300w, https:\/\/aeronet.news\/wp-content\/uploads\/volodymyr-zelensky_Munchen2025-768x432.jpg 768w, https:\/\/aeronet.news\/wp-content\/uploads\/volodymyr-zelensky_Munchen2025-700x394.jpg 700w, https:\/\/aeronet.news\/wp-content\/uploads\/volodymyr-zelensky_Munchen2025-635x357.jpg 635w, https:\/\/aeronet.news\/wp-content\/uploads\/volodymyr-zelensky_Munchen2025-859x483.jpg 859w, https:\/\/aeronet.news\/wp-content\/uploads\/volodymyr-zelensky_Munchen2025.jpg 1280w\" alt=\"\" width=\"700\" height=\"394\" \/><\/a><figcaption class=\"wp-caption-text\">Zata\u017een\u00ed Ukrajiny do EU bude znamenat zata\u017een\u00ed EU do v\u00e1lky s Ruskem! A nen\u00ed vylou\u010deno, \u017ee Zelensk\u00fd st\u00e1le je\u0161t\u011b bude u moci na Ukrajin\u011b, aby na v\u0161e dohl\u00e9dl.<\/figcaption><\/figure>\n<p>Proto eurobestie v Bruselu u\u017e sp\u0159\u00e1daj\u00ed pl\u00e1ny na zbaven\u00ed Ma\u010farska hlasovac\u00edch pr\u00e1v, aby nemohlo zablokovat p\u0159ijet\u00ed Ukrajiny do EU, proto\u017ee na jej\u00edm p\u0159ijet\u00ed z\u00e1vis\u00ed budouc\u00ed pokra\u010dov\u00e1n\u00ed v\u00e1lky proti Rusku, ale tentokr\u00e1t u\u017e ne ve form\u011b proxy v\u00e1lky, ale p\u0159\u00edmou \u00fa\u010dast\u00ed EU.<\/p>\n<p>Proto v t\u00e9to chv\u00edli u\u017e nejde o tuto v\u00e1lku na Ukrajin\u011b, kter\u00e1 je prohran\u00e1.\u00a0<strong>Te\u010f u\u017e se hraje o tu budouc\u00ed, ve kter\u00e9 m\u00e1 b\u00fdt Ukrajina ji\u017e \u010dlenskou zem\u00ed EU, kter\u00e1 m\u00e1 b\u00fdt na z\u00e1klad\u011b provokace napadena znovu Ruskem.<\/strong>\u00a0Proto d\u011blaj\u00ed v\u0161echno pro p\u0159ijet\u00ed Ukrajiny do EU honem a honem co nejrychleji. Ten pl\u00e1n je tak pr\u016fhledn\u00fd, a\u017e je zvr\u00e1cen\u00fd.<\/p>\n<p><a href=\"https:\/\/aeronet.news\/evropska-unie-prevzala-95-veskerych-nakladu-na-provoz-ukrajiny-a-jejiho-valecneho-niceni-a-podle-sefa-nato-ma-byt-ukrajina-znovu-vyzbrojena-a-stat-se-odstrasenim-evropy-pro-rusko\/\">-VK-<\/a><\/p>\n<p>&nbsp;<\/p>\n","protected":false},"excerpt":{"rendered":"<p>Evropsk\u00e1 unie p\u0159evzala 95% ve\u0161ker\u00fdch n\u00e1klad\u016f na provoz Ukrajiny a jej\u00edho v\u00e1le\u010dn\u00e9ho ni\u010den\u00ed a podle&#8230;<\/p>\n","protected":false},"author":2,"featured_media":99402,"comment_status":"closed","ping_status":"closed","sticky":false,"template":"","format":"standard","meta":[],"categories":[6],"tags":[1042,41,45,39,26],"_links":{"self":[{"href":"https:\/\/www.infokuryr.cz\/n\/wp-json\/wp\/v2\/posts\/99401"}],"collection":[{"href":"https:\/\/www.infokuryr.cz\/n\/wp-json\/wp\/v2\/posts"}],"about":[{"href":"https:\/\/www.infokuryr.cz\/n\/wp-json\/wp\/v2\/types\/post"}],"author":[{"embeddable":true,"href":"https:\/\/www.infokuryr.cz\/n\/wp-json\/wp\/v2\/users\/2"}],"replies":[{"embeddable":true,"href":"https:\/\/www.infokuryr.cz\/n\/wp-json\/wp\/v2\/comments?post=99401"}],"version-history":[{"count":0,"href":"https:\/\/www.infokuryr.cz\/n\/wp-json\/wp\/v2\/posts\/99401\/revisions"}],"wp:featuredmedia":[{"embeddable":true,"href":"https:\/\/www.infokuryr.cz\/n\/wp-json\/wp\/v2\/media\/99402"}],"wp:attachment":[{"href":"https:\/\/www.infokuryr.cz\/n\/wp-json\/wp\/v2\/media?parent=99401"}],"wp:term":[{"taxonomy":"category","embeddable":true,"href":"https:\/\/www.infokuryr.cz\/n\/wp-json\/wp\/v2\/categories?post=99401"},{"taxonomy":"post_tag","embeddable":true,"href":"https:\/\/www.infokuryr.cz\/n\/wp-json\/wp\/v2\/tags?post=99401"}],"curies":[{"name":"wp","href":"https:\/\/api.w.org\/{rel}","templated":true}]}}