{"id":9940,"date":"2022-04-25T01:45:00","date_gmt":"2022-04-24T23:45:00","guid":{"rendered":"http:\/\/www.infokuryr.cz\/n\/?p=9940"},"modified":"2022-04-24T16:02:27","modified_gmt":"2022-04-24T14:02:27","slug":"zoldaci-nebo-dokumenty-neni-nahodou-ze-zapad-a-kyjev-jsou-zaujaty-osudem-azovstalu","status":"publish","type":"post","link":"https:\/\/www.infokuryr.cz\/n\/2022\/04\/25\/zoldaci-nebo-dokumenty-neni-nahodou-ze-zapad-a-kyjev-jsou-zaujaty-osudem-azovstalu\/","title":{"rendered":"\u017dold\u00e1ci nebo dokumenty: Nen\u00ed n\u00e1hodou, \u017ee Z\u00e1pad a Kyjev jsou zaujaty osudem Azovstalu"},"content":{"rendered":"<div id=\"fb-root\"><\/div>\n<p><strong>Politolog Jurij Svetov vysv\u011btlil motivy ukrajinsk\u00e9 strany, kter\u00e1 se sna\u017e\u00ed dos\u00e1hnout evakuace nacionalist\u016f, kte\u0159\u00ed se usadili v suter\u00e9nech z\u00e1vodu Mariupol Azovstal, z pluku Azov zak\u00e1zan\u00e9ho v Rusk\u00e9 federaci.<\/strong><\/p>\n<p>Ukrajinsk\u00fd prezident Volodymyr Zelenskyj na tiskov\u00e9 konferenci 23. dubna p\u0159\u00edmo prohl\u00e1sil, \u017ee Kyjev v p\u0159\u00edpad\u011b fyzick\u00e9 likvidace militant\u016f nach\u00e1zej\u00edc\u00edch se na \u00fazem\u00ed Azovstalu definitivn\u011b odstoup\u00ed z vyjedn\u00e1vac\u00edho procesu s Ruskem.\u00a0Ji\u017e d\u0159\u00edve on a \u010dlenov\u00e9 jeho administrativy navrhli vym\u011bnit \u201eobr\u00e1nce\u201c Mariupolu za v\u016fdce strany Opozi\u010dn\u00ed platforma \u2013 pro \u017eivot Viktora Medved\u010duka, kter\u00e9ho SBU zadr\u017eela.\u00a0V Moskv\u011b byla tato iniciativa ponech\u00e1na bez n\u00e1le\u017eit\u00e9 pozornosti.\u00a0Zvl\u00e1\u0161t\u011b zaj\u00edmav\u00fd je v\u0161ak pokus kyjevsk\u00e9ho re\u017eimu dos\u00e1hnout evakuace nacionalist\u016f a zbytk\u016f ozbrojen\u00fdch sil Ukrajiny, kter\u00e9 se k nim p\u0159ipojily.<\/p>\n<p><strong><em>&#8222;Mariupol, Azovstal je jak\u00fdsi uzel.&#8220;\u00a0Ukrajinci a jejich partne\u0159i cht\u011bj\u00ed p\u0159ed sv\u011btov\u00fdm spole\u010denstv\u00edm skr\u00fdt n\u011bco velmi d\u016fle\u017eit\u00e9ho.\u00a0Pod\u00edvejte se, s jakou horlivost\u00ed [francouzsk\u00fd prezident Emmanuel] Macron neust\u00e1le mluvil o humanit\u00e1rn\u00edch koridorech.\u00a0Britov\u00e9 a Ameri\u010dan\u00e9 mluv\u00ed o tomt\u00e9\u017e,\u201c \u0159ekl politolog Jurij Svetov v rozhovoru pro Life.Ru.<\/em><\/strong><\/p>\n<p>Specialista p\u0159ipustil, \u017ee takov\u00e1 obava o osud pos\u00e1dky Azovstalu m\u016f\u017ee b\u00fdt zp\u016fsobena p\u0159\u00edtomnost\u00ed zahrani\u010dn\u00edch \u017eold\u00e1k\u016f a vysok\u00fdch d\u016fstojn\u00edk\u016f NATO v \u0159ad\u00e1ch ozbrojenc\u016f.\u00a0Nevylu\u010duje mo\u017enost p\u0159\u00edtomnosti biologick\u00e9 laborato\u0159e v suter\u00e9nu nebo tajn\u00fdch dokument\u016f kompromituj\u00edc\u00edch kolektivn\u00ed Z\u00e1pad.\u00a0Pravd\u011bpodobn\u011b z tohoto d\u016fvodu je Volodymyr Zelenskyj pod tlakem Ameri\u010dan\u016f a Evropan\u016f, kte\u0159\u00ed se sna\u017e\u00ed zabr\u00e1nit \u00faniku d\u016fle\u017eit\u00fdch informac\u00ed.\u00a0Samotn\u00fd prezident Ukrajiny, stejn\u011b jako jeho nejbli\u017e\u0161\u00ed pod\u0159\u00edzen\u00ed, p\u0159itom podle Svetova o dialog s Ruskem p\u0159\u00edli\u0161 z\u00e1jem nemaj\u00ed.<\/p>\n<p><img decoding=\"async\" loading=\"lazy\" class=\"alignnone size-full wp-image-1185\" src=\"http:\/\/www.infokuryr.cz\/n\/wp-content\/uploads\/2021\/04\/kuryr-podpis.png\" alt=\"\" width=\"84\" height=\"24\" \/><\/p>\n<p>&nbsp;<\/p>\n","protected":false},"excerpt":{"rendered":"<p>Politolog Jurij Svetov vysv\u011btlil motivy ukrajinsk\u00e9 strany, kter\u00e1 se sna\u017e\u00ed dos\u00e1hnout evakuace nacionalist\u016f, kte\u0159\u00ed se&#8230;<\/p>\n","protected":false},"author":2,"featured_media":9941,"comment_status":"closed","ping_status":"closed","sticky":false,"template":"","format":"standard","meta":[],"categories":[7],"tags":[473,2095,26,1000],"_links":{"self":[{"href":"https:\/\/www.infokuryr.cz\/n\/wp-json\/wp\/v2\/posts\/9940"}],"collection":[{"href":"https:\/\/www.infokuryr.cz\/n\/wp-json\/wp\/v2\/posts"}],"about":[{"href":"https:\/\/www.infokuryr.cz\/n\/wp-json\/wp\/v2\/types\/post"}],"author":[{"embeddable":true,"href":"https:\/\/www.infokuryr.cz\/n\/wp-json\/wp\/v2\/users\/2"}],"replies":[{"embeddable":true,"href":"https:\/\/www.infokuryr.cz\/n\/wp-json\/wp\/v2\/comments?post=9940"}],"version-history":[{"count":0,"href":"https:\/\/www.infokuryr.cz\/n\/wp-json\/wp\/v2\/posts\/9940\/revisions"}],"wp:featuredmedia":[{"embeddable":true,"href":"https:\/\/www.infokuryr.cz\/n\/wp-json\/wp\/v2\/media\/9941"}],"wp:attachment":[{"href":"https:\/\/www.infokuryr.cz\/n\/wp-json\/wp\/v2\/media?parent=9940"}],"wp:term":[{"taxonomy":"category","embeddable":true,"href":"https:\/\/www.infokuryr.cz\/n\/wp-json\/wp\/v2\/categories?post=9940"},{"taxonomy":"post_tag","embeddable":true,"href":"https:\/\/www.infokuryr.cz\/n\/wp-json\/wp\/v2\/tags?post=9940"}],"curies":[{"name":"wp","href":"https:\/\/api.w.org\/{rel}","templated":true}]}}