{"id":99392,"date":"2026-02-13T05:15:09","date_gmt":"2026-02-13T04:15:09","guid":{"rendered":"https:\/\/www.infokuryr.cz\/n\/?p=99392"},"modified":"2026-02-13T05:15:09","modified_gmt":"2026-02-13T04:15:09","slug":"ivermektin-od-podvodu-s-konskou-pastou-k-lovci-rakoviny-narodniho-onkologickeho-institutu","status":"publish","type":"post","link":"https:\/\/www.infokuryr.cz\/n\/2026\/02\/13\/ivermektin-od-podvodu-s-konskou-pastou-k-lovci-rakoviny-narodniho-onkologickeho-institutu\/","title":{"rendered":"Ivermektin: Od podvodu s \u201eko\u0148skou pastou\u201c k lovci rakoviny N\u00e1rodn\u00edho onkologick\u00e9ho institutu"},"content":{"rendered":"<div id=\"fb-root\"><\/div>\n<p><strong><span dir=\"auto\">Ivermektin, l\u00e9k ocen\u011bn\u00fd Nobelovou cenou, kter\u00fd byl b\u011bhem pandemie COVID-19 d\u00e9monizov\u00e1n jako nebezpe\u010dn\u00fd \u201eod\u010dervova\u010d kon\u00ed\u201c, proch\u00e1z\u00ed pozoruhodnou rehabilitac\u00ed. Americk\u00fd N\u00e1rodn\u00ed onkologick\u00fd institut (NCI) nyn\u00ed financuje intern\u00ed v\u00fdzkum jeho protin\u00e1dorov\u00fdch \u00fa\u010dink\u016f. To zpochyb\u0148uje narativ na\u0161\u00ed vl\u00e1dy a vyvol\u00e1v\u00e1 nal\u00e9hav\u00e9 ot\u00e1zky.<\/span><\/strong><\/p>\n<p><span dir=\"auto\">B\u011bhem let pl\u00e1novan\u00e9 pandemie nebyl t\u00e9m\u011b\u0159 \u017e\u00e1dn\u00fd l\u00e9k zdiskreditov\u00e1n tak systematicky jako ivermektin. Re\u017eimn\u00ed m\u00e9dia a \u00fa\u0159ady donekone\u010dna opakovaly obvin\u011bn\u00ed, \u017ee se jedn\u00e1 pouze o zv\u00ed\u0159ec\u00ed l\u00e9k, a to navzdory skute\u010dnosti, \u017ee tento l\u00e9k byl po cel\u00e1 desetilet\u00ed milionkr\u00e1t pou\u017eit u lid\u00ed proti parazit\u016fm a v roce 2015 mu byla ud\u011blena Nobelova cena za medic\u00ednu. Toto pomluven\u00ed nebylo n\u00e1hodn\u00e9. Ivermektin byl levn\u00fd, dostupn\u00fd bez patentov\u00e9 ochrany a v ran\u00fdch studi\u00edch a klinick\u00fdch pozorov\u00e1n\u00edch vykazoval jasn\u00e9 zn\u00e1mky sv\u00e9 antivirov\u00e9 \u00fa\u010dinnosti. Pr\u00e1v\u011b to z n\u011bj ud\u011blalo hrozbu pro o\u010dkovac\u00ed kampa\u0148 v hodnot\u011b miliard dolar\u016f a pro nouzov\u00e9 schv\u00e1len\u00ed nov\u00fdch mRNA vakc\u00edn.<\/span><\/p>\n<p><span dir=\"auto\">Nyn\u00ed se situace obr\u00e1tila. 10. \u00fanora 2026 STAT News informoval, \u017ee N\u00e1rodn\u00ed onkologick\u00fd institut (NIH) zkoum\u00e1 ivermektin jako potenci\u00e1ln\u00ed l\u00e9\u010dbu rakoviny. Samotn\u00fd NIH to ve stejn\u00fd den ve\u0159ejn\u011b potvrdil a zd\u016fraznil, \u017ee v\u011bdci zkoumaj\u00ed pou\u017eit\u00ed tohoto makrolidov\u00e9ho laktonu jako protin\u00e1dorov\u00e9ho \u010dinidla ji\u017e v\u00edce ne\u017e deset let. NCI v sou\u010dasn\u00e9 dob\u011b financuje intramur\u00e1ln\u00ed (klinick\u00e9) studie pr\u00e1v\u011b pro tento \u00fa\u010del.<\/span><\/p>\n<figure class=\"wp-block-embed is-type-rich is-provider-twitter wp-block-embed-twitter\">\n<div class=\"wp-block-embed__wrapper\">\n<div class=\"twitter-tweet twitter-tweet-rendered\"><iframe id=\"twitter-widget-0\" class=\"\" title=\"X P\u0159\u00edsp\u011bvek\" src=\"https:\/\/platform.twitter.com\/embed\/Tweet.html?dnt=true&amp;embedId=twitter-widget-0&amp;features=eyJ0ZndfdGltZWxpbmVfbGlzdCI6eyJidWNrZXQiOltdLCJ2ZXJzaW9uIjpudWxsfSwidGZ3X2ZvbGxvd2VyX2NvdW50X3N1bnNldCI6eyJidWNrZXQiOnRydWUsInZlcnNpb24iOm51bGx9LCJ0ZndfdHdlZXRfZWRpdF9iYWNrZW5kIjp7ImJ1Y2tldCI6Im9uIiwidmVyc2lvbiI6bnVsbH0sInRmd19yZWZzcmNfc2Vzc2lvbiI6eyJidWNrZXQiOiJvbiIsInZlcnNpb24iOm51bGx9LCJ0ZndfZm9zbnJfc29mdF9pbnRlcnZlbnRpb25zX2VuYWJsZWQiOnsiYnVja2V0Ijoib24iLCJ2ZXJzaW9uIjpudWxsfSwidGZ3X21peGVkX21lZGlhXzE1ODk3Ijp7ImJ1Y2tldCI6InRyZWF0bWVudCIsInZlcnNpb24iOm51bGx9LCJ0ZndfZXhwZXJpbWVudHNfY29va2llX2V4cGlyYXRpb24iOnsiYnVja2V0IjoxMjA5NjAwLCJ2ZXJzaW9uIjpudWxsfSwidGZ3X3Nob3dfYmlyZHdhdGNoX3Bpdm90c19lbmFibGVkIjp7ImJ1Y2tldCI6Im9uIiwidmVyc2lvbiI6bnVsbH0sInRmd19kdXBsaWNhdGVfc2NyaWJlc190b19zZXR0aW5ncyI6eyJidWNrZXQiOiJvbiIsInZlcnNpb24iOm51bGx9LCJ0ZndfdXNlX3Byb2ZpbGVfaW1hZ2Vfc2hhcGVfZW5hYmxlZCI6eyJidWNrZXQiOiJvbiIsInZlcnNpb24iOm51bGx9LCJ0ZndfdmlkZW9faGxzX2R5bmFtaWNfbWFuaWZlc3RzXzE1MDgyIjp7ImJ1Y2tldCI6InRydWVfYml0cmF0ZSIsInZlcnNpb24iOm51bGx9LCJ0ZndfbGVnYWN5X3RpbWVsaW5lX3N1bnNldCI6eyJidWNrZXQiOnRydWUsInZlcnNpb24iOm51bGx9LCJ0ZndfdHdlZXRfZWRpdF9mcm9udGVuZCI6eyJidWNrZXQiOiJvbiIsInZlcnNpb24iOm51bGx9fQ%3D%3D&amp;frame=false&amp;hideCard=false&amp;hideThread=false&amp;id=2021288242155225263&amp;lang=cs&amp;origin=https%3A%2F%2Freport24.news%2Fivermectin-vom-pferdepaste-schmaeh-zum-krebsjaeger-des-national-cancer-institute%2F&amp;sessionId=d1301b96a9feab1b5024dcc519bb53039f9b268e&amp;theme=light&amp;widgetsVersion=2615f7e52b7e0%3A1702314776716&amp;width=550px\" frameborder=\"0\" scrolling=\"no\" allowfullscreen=\"allowfullscreen\" data-tweet-id=\"2021288242155225263\" data-mce-fragment=\"1\"><\/iframe><\/div>\n<\/div>\n<\/figure>\n<p><span dir=\"auto\">Navzdory ve\u0161ker\u00e9mu pomluv\u00e1m ze strany pop\u00edra\u010d\u016f COVIDu je v\u011bdeck\u00fd z\u00e1klad pro toto tvrzen\u00ed v\u0161\u00edm, jen ne slab\u00fd. \u010cetn\u00e9 preklinick\u00e9 studie uk\u00e1zaly, \u017ee ivermektin m\u016f\u017ee inhibovat proliferaci n\u00e1dorov\u00fdch bun\u011bk, br\u00e1nit metast\u00e1z\u00e1m a naru\u0161ovat angiogenetick\u00e9 procesy (krven\u00ed n\u00e1doru). Studie z posledn\u00edch let, v\u010detn\u011b studi\u00ed zam\u011b\u0159en\u00fdch na rakovinu prsu, plic a gynekologick\u00fdch onemocn\u011bn\u00ed, opakovan\u011b poskytuj\u00ed d\u016fkazy o protin\u00e1dorov\u00e9m potenci\u00e1lu ivermektinu. Skute\u010dnost, \u017ee NCI, sou\u010d\u00e1st renomovan\u00fdch N\u00e1rodn\u00edch institut\u016f zdrav\u00ed (National Institutes of Health), nyn\u00ed ofici\u00e1ln\u011b poskytuje financov\u00e1n\u00ed, p\u0159edstavuje zlomov\u00fd bod.<\/span><\/p>\n<p><strong><span dir=\"auto\">Tent\u00fd\u017e l\u00e9k, kter\u00fd byl b\u011bhem pandemie vnucov\u00e1n l\u00e9ka\u0159\u016fm a pacient\u016fm jako \u201enebezpe\u010d\u00ed\u201c vl\u00e1dou, jej\u00edmi \u201eodborn\u00edky\u201c a m\u00e9dii, nyn\u00ed propaguje tat\u00e1\u017e instituce, kter\u00e1 tehdy \u0161\u00ed\u0159ila varov\u00e1n\u00ed p\u0159ed \u201edezinformacemi\u201c.<\/span><\/strong><span dir=\"auto\">\u00a0Jak\u00fd \u00fahledn\u00fd zvrat osudu. N\u011bkte\u0159\u00ed kari\u00e9rn\u00ed v\u011bdci jsou znepokojeni, ne kv\u016fli nedostatku d\u016fkaz\u016f, ale kv\u016fli sv\u00e9 politick\u00e9 z\u00e1t\u011b\u017ei b\u011bhem pandemie. Skute\u010dn\u00e1 v\u011bda by se v\u0161ak m\u011bla \u0159\u00eddit daty, nikoli ideologi\u00ed.<\/span><\/p>\n<p><span dir=\"auto\">V t\u00e9to souvislosti vyvst\u00e1v\u00e1 dal\u0161\u00ed ot\u00e1zka: Kde jsou podrobn\u00e9 \u00fadaje o v\u00fdskytu rakoviny u o\u010dkovan\u00fdch a neo\u010dkovan\u00fdch jedinc\u016f? Od zaveden\u00ed povinn\u00e9ho o\u010dkov\u00e1n\u00ed mRNA patologov\u00e9 a onkologov\u00e9 z r\u016fzn\u00fdch zem\u00ed hl\u00e1s\u00ed n\u00e1padn\u00e9 shluky agresivn\u00edch n\u00e1dor\u016f. Zda a jak\u00e1 souvislost existuje, lze objasnit pouze prost\u0159ednictv\u00edm transparentn\u00edch a stratifikovan\u00fdch dat. \u00da\u0159ady a farmaceutick\u00fd pr\u016fmysl v\u0161ak shroma\u017e\u010fov\u00e1n\u00ed nebo zve\u0159ej\u0148ov\u00e1n\u00ed pr\u00e1v\u011b t\u011bchto dat odm\u00edtaj\u00ed. V z\u00e1jmu ve\u0159ejn\u00e9ho zdrav\u00ed a vy\u0161et\u0159ov\u00e1n\u00ed \u201epland\u00e9mie\u201c by takov\u00e1 anal\u00fdza m\u011bla b\u00fdt nejvy\u0161\u0161\u00ed prioritou. M\u00edsto toho se j\u00ed vyh\u00fdb\u00e1me jako moru.<\/span><\/p>\n<p><strong><span dir=\"auto\">P\u0159\u00edpad ivermektinu ukazuje, jak rychle se mohou narativy m\u011bnit, kdy\u017e polev\u00ed politick\u00fd tlak. Co bylo v\u010dera pova\u017eov\u00e1no za \u201enebezpe\u010dnou dezinformaci\u201c, je nyn\u00ed ofici\u00e1ln\u011b zkoum\u00e1no.<\/span><\/strong><span dir=\"auto\">\u00a0Doufejme, \u017ee se tato otev\u0159enost roz\u0161\u00ed\u0159\u00ed i na dal\u0161\u00ed citliv\u00e1 t\u00e9mata a \u017ee v budoucnu bude blaho ob\u010dan\u016f p\u0159ednostn\u011b v\u011bnov\u00e1no z\u00e1jm\u016fm agendy a jej\u00edch p\u0159\u00edjemc\u016f. Skute\u010dnost, \u017ee boj proti \u201edezinformac\u00edm\u201c byl nyn\u00ed ofici\u00e1ln\u011b delegitimizov\u00e1n, je z\u0159ejm\u00e1. Podstatou v\u011bdy je svoboda my\u0161len\u00ed a projevu. A mimochodem, tot\u00e9\u017e plat\u00ed i pro podstatu demokracie.<\/span><\/p>\n<p><img decoding=\"async\" loading=\"lazy\" class=\"alignnone size-full wp-image-1185\" src=\"http:\/\/www.infokuryr.cz\/n\/wp-content\/uploads\/2021\/04\/kuryr-podpis.png\" alt=\"\" width=\"84\" height=\"24\" \/><\/p>\n<p>&nbsp;<\/p>\n","protected":false},"excerpt":{"rendered":"<p>Ivermektin, l\u00e9k ocen\u011bn\u00fd Nobelovou cenou, kter\u00fd byl b\u011bhem pandemie COVID-19 d\u00e9monizov\u00e1n jako nebezpe\u010dn\u00fd \u201eod\u010dervova\u010d kon\u00ed\u201c,&#8230;<\/p>\n","protected":false},"author":2,"featured_media":99393,"comment_status":"closed","ping_status":"closed","sticky":false,"template":"","format":"standard","meta":[],"categories":[7],"tags":[593,518,1366,839],"_links":{"self":[{"href":"https:\/\/www.infokuryr.cz\/n\/wp-json\/wp\/v2\/posts\/99392"}],"collection":[{"href":"https:\/\/www.infokuryr.cz\/n\/wp-json\/wp\/v2\/posts"}],"about":[{"href":"https:\/\/www.infokuryr.cz\/n\/wp-json\/wp\/v2\/types\/post"}],"author":[{"embeddable":true,"href":"https:\/\/www.infokuryr.cz\/n\/wp-json\/wp\/v2\/users\/2"}],"replies":[{"embeddable":true,"href":"https:\/\/www.infokuryr.cz\/n\/wp-json\/wp\/v2\/comments?post=99392"}],"version-history":[{"count":0,"href":"https:\/\/www.infokuryr.cz\/n\/wp-json\/wp\/v2\/posts\/99392\/revisions"}],"wp:featuredmedia":[{"embeddable":true,"href":"https:\/\/www.infokuryr.cz\/n\/wp-json\/wp\/v2\/media\/99393"}],"wp:attachment":[{"href":"https:\/\/www.infokuryr.cz\/n\/wp-json\/wp\/v2\/media?parent=99392"}],"wp:term":[{"taxonomy":"category","embeddable":true,"href":"https:\/\/www.infokuryr.cz\/n\/wp-json\/wp\/v2\/categories?post=99392"},{"taxonomy":"post_tag","embeddable":true,"href":"https:\/\/www.infokuryr.cz\/n\/wp-json\/wp\/v2\/tags?post=99392"}],"curies":[{"name":"wp","href":"https:\/\/api.w.org\/{rel}","templated":true}]}}