{"id":9939,"date":"2022-04-25T01:37:03","date_gmt":"2022-04-24T23:37:03","guid":{"rendered":"http:\/\/www.infokuryr.cz\/n\/?p=9939"},"modified":"2022-04-24T15:53:43","modified_gmt":"2022-04-24T13:53:43","slug":"peter-haisenko-kancler-scholz-a-stav-primeri","status":"publish","type":"post","link":"https:\/\/www.infokuryr.cz\/n\/2022\/04\/25\/peter-haisenko-kancler-scholz-a-stav-primeri\/","title":{"rendered":"Peter Haisenko: Kancl\u00e9\u0159 Scholz a stav p\u0159\u00edm\u011b\u0159\u00ed"},"content":{"rendered":"<div id=\"fb-root\"><\/div>\n<p class=\"bodytext\"><span>N\u011bmecko nem\u00e1 \u017e\u00e1dn\u00e9 m\u00edrov\u00e9 smlouvy s odp\u016frci druh\u00e9 sv\u011btov\u00e9 v\u00e1lky.\u00a0Dolo\u017eka o nep\u0159\u00e1telsk\u00e9m st\u00e1t\u011b st\u00e1le plat\u00ed pro OSN.\u00a0U\u017e 77 let \u017eijeme ve stavu p\u0159\u00edm\u011b\u0159\u00ed.\u00a0Na kancl\u00e9\u0159e Scholze je ze v\u0161ech stran vyv\u00edjen n\u00e1tlak, aby dodal zbran\u011b Ukrajin\u011b. Pro\u010d to ale odm\u00edt\u00e1?<\/span><\/p>\n<p class=\"bodytext\"><span>Z\u00e1m\u011brn\u011b jsem mluvil o N\u011bmecku a ne o SRN nebo N\u011bmeck\u00e9 \u0159\u00ed\u0161i.\u00a0P\u0159esto\u017ee Spolkov\u00e1 republika N\u011bmecko v mnoha oblastech vykon\u00e1v\u00e1 pr\u00e1vn\u00ed n\u00e1stupnictv\u00ed po N\u011bmeck\u00e9 \u0159\u00ed\u0161i, tato situace nen\u00ed v \u017e\u00e1dn\u00e9m p\u0159\u00edpad\u011b pr\u00e1vn\u011b zaji\u0161t\u011bna.\u00a0To m\u00e1 v\u00fdhody i nev\u00fdhody.\u00a0SRN jako st\u00e1tn\u00ed konstrukt nen\u00ed s nik\u00fdm ve v\u00e1le\u010dn\u00e9m stavu a tak nem\u00e1 smysl mluvit o m\u00edrov\u00fdch smlouv\u00e1ch.\u00a0Jin\u00e1 situace je v\u0161ak v p\u0159\u00edpad\u011b, kdy za pr\u00e1vn\u00edho n\u00e1stupce N\u011bmeck\u00e9 \u0159\u00ed\u0161e ozna\u010d\u00edme Spolkovou republiku N\u011bmecko.\u00a0Pak \u017eijeme ve stavu p\u0159\u00edm\u011b\u0159\u00ed a to je choulostiv\u00fd stav.<\/span><\/p>\n<p class=\"bodytext\"><span>Pr\u00e1vn\u00ed situace s Ruskou federac\u00ed tak\u00e9 nen\u00ed jasn\u00e1.\u00a0Je nyn\u00ed pr\u00e1vn\u00edm n\u00e1stupcem Sov\u011btsk\u00e9ho svazu se v\u0161emi d\u016fsledky?\u00a0I to se zd\u00e1 sporn\u00e9, proto\u017ee Rusk\u00e1 federace nezahrnuje cel\u00e9 \u00fazem\u00ed Sov\u011btsk\u00e9ho svazu.\u00a0Jak\u00fd je n\u00e1stupnick\u00fd status b\u00fdval\u00fdch republik Sov\u011btsk\u00e9ho svazu, kter\u00e9 se nep\u0159ipojily k Rusk\u00e9 federaci?\u00a0Pokud se p\u0159edpokl\u00e1d\u00e1, \u017ee ani SRN, ani Rusk\u00e1 federace nejsou plnohodnotn\u00fdmi pr\u00e1vn\u00edmi n\u00e1stupci sv\u00fdch p\u0159edch\u016fdc\u016f, pak ani jeden z nich nikdy nebyl ve v\u00e1lce.\u00a0Jejich vztah lze vn\u00edmat jako vylo\u017een\u011b \u201epanensk\u00fd\u201c, neposkvrn\u011bn\u00fd.<\/span><\/p>\n<p class=\"bodytext\"><span style=\"font-size: 18pt;\"><strong>Postaven\u00ed N\u011bmecka podle mezin\u00e1rodn\u00edho pr\u00e1va je ji\u017e 77 let nejasn\u00e9<\/strong><\/span><\/p>\n<p class=\"bodytext\"><span>Pokud v\u0161ak p\u0159edpokl\u00e1d\u00e1me, \u017ee oba jsou pr\u00e1vn\u00edmi n\u00e1stupci sv\u00fdch p\u0159edch\u016fdc\u016f, st\u00e1le \u017eijeme ve stavu p\u0159\u00edm\u011b\u0159\u00ed a to m\u00e1 d\u016fsledky.\u00a0Pokud to jedna strana poru\u0161\u00ed, druh\u00e1 m\u00e1 pr\u00e1vo okam\u017eit\u011b obnovit nep\u0159\u00e1telstv\u00ed, v\u010detn\u011b op\u011btovn\u00e9ho obsazen\u00ed nep\u0159\u00e1telsk\u00e9ho \u00fazem\u00ed.\u00a0Tak\u017ee m\u016f\u017eete vid\u011bt, jak v\u00e1\u017en\u00e9 m\u016f\u017ee b\u00fdt opomenut\u00ed, \u017ee status N\u011bmecka podle mezin\u00e1rodn\u00edho pr\u00e1va byl 77 let otev\u0159en jako nevy\u0159e\u0161en\u00fd.\u00a0Ve skute\u010dnosti jak n\u011bmeck\u00e1 strana, tak strana z\u00e1padn\u00edch spojenc\u016f vyu\u017eily v\u0161ech prost\u0159edk\u016f, aby zabr\u00e1nily nastolen\u00ed vyjasn\u011bn\u00e9ho stavu.\u00a0I kdy\u017e z jin\u00fdch motiv\u016f.<\/span><\/p>\n<p class=\"bodytext\"><span>N\u011bmeck\u00e1 strana, strana n\u011bmeck\u00e9ho odporu proti Hitlerovi, cht\u011bla za ka\u017edou cenu zabr\u00e1nit m\u00edrov\u00e9 smlouv\u011b podle versaillesk\u00e9ho vzoru.\u00a0Podle jejich n\u00e1zoru by to z N\u011bmecka nakonec ud\u011blalo zb\u00edda\u010den\u00fd zem\u011bd\u011blsk\u00fd st\u00e1t, kter\u00fd by se jako nev\u00fdznamn\u00e1 oblast ve st\u0159edn\u00ed Evrop\u011b ji\u017e nezapojoval do sv\u011btov\u00e9ho obchodu.\u00a0USA si naopak cht\u011bly zajistit pr\u00e1vo okupovat N\u011bmecko, rozm\u00edstit tam sv\u00e1 vojska dle libosti a postavit a vyzbrojit N\u011bmecko jako frontov\u00fd st\u00e1t proti Sov\u011btsk\u00e9mu imp\u00e9riu.\u00a0Pokud by ale existovala m\u00edrov\u00e1 smlouva, N\u011bmecko by se mohlo rozhodnout, zda maj\u00ed b\u00fdt na n\u011bmeck\u00e9m \u00fazem\u00ed um\u00edst\u011bny americk\u00e9 jednotky a do jak\u00e9 m\u00edry se bude muset pod\u0159\u00eddit dikt\u00e1tu v\u00edt\u011bz\u016f.<\/span><\/p>\n<p class=\"bodytext\"><span style=\"font-size: 18pt;\">\u201e<strong>Nespr\u00e1vn\u00e9 chov\u00e1n\u00ed\u201c lze kdykoli \u201euk\u00e1znit\u201c silou zbran\u00ed<\/strong><\/span><\/p>\n<p class=\"bodytext\"><span>Na druh\u00e9 stran\u011b Sov\u011btsk\u00fd svaz tyto jemnosti uznal a cht\u011bl obnovit N\u011bmeckou \u0159\u00ed\u0161i smlouvami, i kdy\u017e s nov\u00fdmi hranicemi, ale ve stavu neutrality.\u00a0Se za\u010d\u00e1tkem studen\u00e9 v\u00e1lky, kter\u00e1 vlastn\u011b za\u010dala je\u0161t\u011b p\u0159ed koncem v\u00e1lky, se USA ji\u017e necht\u011bly vzd\u00e1t sv\u00e9 \u201enepotopiteln\u00e9 letadlov\u00e9 lodi\u201c v Evrop\u011b a tak zabr\u00e1nily uskute\u010dn\u011bn\u00ed pl\u00e1nu Moskvy.\u00a0Od t\u00e9 doby \u017eije N\u011bmecko ve stavu p\u0159\u00edm\u011b\u0159\u00ed a v p\u0159\u00edpad\u011b \u201echybn\u00e9ho chov\u00e1n\u00ed\u201c m\u016f\u017ee b\u00fdt kdykoli \u201euk\u00e1zn\u011bno\u201c silou zbran\u00ed.\u00a0Osudn\u00e9 na tom ale je, \u017ee to plat\u00ed jak pro z\u00e1padn\u00ed spojence, tak pro ruskou stranu.\u00a0I u posledn\u011b jmenovan\u00e9ho lze tvrdit jistou pr\u00e1vn\u00ed nejistotu, a to pr\u00e1v\u011b proto, \u017ee ani ot\u00e1zka pr\u00e1vn\u00edho n\u00e1stupnictv\u00ed pro Ruskou federaci nen\u00ed definitivn\u011b vyjasn\u011bna.<\/span><\/p>\n<p class=\"bodytext\"><strong>Moskva si je t\u011bchto okolnost\u00ed v\u011bdoma a Putin ji\u017e jasn\u011b nazna\u010dil, \u017ee tomu tak je.\u00a0Putin vyslal do Berl\u00edna zpr\u00e1vu, \u017ee p\u0159\u00edm\u00e1 dod\u00e1vka zbran\u00ed Ukrajin\u011b bude pova\u017eov\u00e1na za poru\u0161en\u00ed dohody o p\u0159\u00edm\u011b\u0159\u00ed se v\u0161emi d\u016fsledky.\u00a0To se v na\u0161ich m\u00e9di\u00edch nekomunikuje, proto\u017ee znalost toho by ot\u0159\u00e1sla postojem n\u011bmeck\u00e9ho obyvatelstva pomoci Ukrajin\u011b.\u00a0Ot\u00e1zkou nyn\u00ed je, do jak\u00e9 m\u00edry si je kancl\u00e9\u0159 Scholz t\u00e9to prek\u00e9rn\u00ed situace v\u011bdom.\u00a0Osv\u011btlil mu to jeho stranick\u00fd soudruh Schr\u00f6der po jedn\u00e1n\u00ed s Putinem?<\/strong><\/p>\n<p class=\"bodytext\"><span>Je t\u0159eba poznamenat, \u017ee Spolkov\u00e1 republika N\u011bmecko zat\u00edm \u017e\u00e1dn\u00e9 zbran\u011b p\u0159\u00edmo na Ukrajinu nedodala.\u00a05000 helem nejsou zbran\u011b.\u00a0To, co bylo posl\u00e1no na v\u00fdchod, skon\u010dilo v Polsku u ukrajinsk\u00fdch hranic.\u00a0Pokud by p\u00e1r Ukrajinc\u016f, kte\u0159\u00ed \u0161li n\u00e1hodou kolem, vzali tyto v\u011bci a odvezli je na Ukrajinu, lze se st\u00e1le dovol\u00e1vat rafinovan\u00e9ho pr\u00e1vn\u00edho postoje, \u017ee zbran\u011b nebyly dod\u00e1ny p\u0159\u00edmo na Ukrajinu.\u00a0Z \u010dist\u011b pr\u00e1vn\u00edho hlediska nelze proceduru povolov\u00e1n\u00ed jin\u00fdm st\u00e1t\u016fm k p\u0159ed\u00e1n\u00ed zbran\u00ed, kter\u00e9 N\u011bmecko d\u00e1vno prodalo Ukrajin\u011b, jednodu\u0161e uv\u00e9st jako p\u0159\u00edmou dod\u00e1vku.\u00a0V tomto smyslu se tak\u00e9 ukazuje, pro\u010d ostatn\u00ed evropsk\u00e9 st\u00e1ty nemaj\u00ed \u017e\u00e1dn\u00e9 z\u00e1brany dod\u00e1vat zbran\u011b p\u0159\u00edmo na Ukrajinu.\u00a0<\/span><\/p>\n<p class=\"bodytext\"><span style=\"font-size: 18pt;\"><strong>Popt\u00e1vka po dod\u00e1vk\u00e1ch zbran\u00ed je hloup\u00e9 opozi\u010dn\u00ed p\u00f3zov\u00e1n\u00ed<\/strong><\/span><\/p>\n<p class=\"bodytext\"><span>P\u0159edpokl\u00e1d\u00e1m, \u017ee Washington si je dob\u0159e v\u011bdom postaven\u00ed N\u011bmecka podle mezin\u00e1rodn\u00edho pr\u00e1va.\u00a0S dodatkem, \u017ee p\u0159\u00edm\u011b\u0159\u00ed s USA nebude poru\u0161eno, pokud N\u011bmecko dod\u00e1 Ukrajin\u011b zbran\u011b.\u00a0Rusko by pak m\u011blo pr\u00e1vo obnovit v\u00e1lku proti N\u011bmecku, ale ne USA.\u00a0Je mo\u017en\u00e9, \u017ee z tohoto d\u016fvodu nejsou \u017e\u00e1dn\u00e9 po\u017eadavky z USA na p\u0159\u00edm\u00e9 dod\u00e1vky zbran\u00ed Ukrajin\u011b?\u00a0Ot\u00e1zkou by ale m\u011blo b\u00fdt, zda tyto znalosti m\u00e1 i Zelensk\u00e9ho gang.\u00a0Pokud by tomu tak bylo, musely by se drz\u00e9 po\u017eadavky z Kyjeva zcela p\u0159ehodnotit.\u00a0To, \u017ee cht\u011bj\u00ed zni\u010den\u00ed N\u011bmecka, lze posoudit podle toho, \u017ee Kyjev neust\u00e1le po\u017eaduje zastaven\u00ed dovozu n\u011bmeck\u00e9 energie z Ruska,<\/span><\/p>\n<p class=\"bodytext\"><span>Nikdy jsem si nemyslel, \u017ee n\u011bkdy budu moci pochv\u00e1lit Scholze nebo Habecka.\u00a0Ale jak je tomu nyn\u00ed, tito dva jsou jedin\u00ed, kdo rozpoznal realitu a jednaj\u00ed zodpov\u011bdn\u011b.\u00a0Pro Habecka to ale plat\u00ed jen s ohledem na energetickou politiku, p\u0159i\u010dem\u017e v\u011bci p\u0159\u00edm\u011b\u0159\u00ed nerozum\u011bl, proto\u017ee se hlasit\u011b do\u017eadoval dod\u00e1vek zbran\u00ed.\u00a0Jen je \u0161koda, \u017ee se kancl\u00e9\u0159 neodva\u017euje polo\u017eit pravdu na st\u016fl.<\/span><\/p>\n<p class=\"bodytext\"><span>Sankce jsou jedna v\u011bc, ale p\u0159\u00edm\u00e9 dod\u00e1vky zbran\u00ed jsou n\u011bco \u00fapln\u011b jin\u00e9ho.\u00a0A n\u011bco jin\u00e9ho je tak\u00e9 kl\u00e1st \u0161\u00edlen\u00e9 po\u017eadavky z pozice, kter\u00e1 v\u00e1s nenut\u00ed d\u011blat to sami a zodpov\u011bdn\u011b.\u00a0Tak\u017ee jsou to jen hloup\u00e9 drby, kdy\u017e Merz &amp; Co po\u017eaduje dod\u00e1vky zbran\u00ed.\u00a0Hloup\u00e1 opozice.\u00a0Mluvit o postoj\u00edch Zelen\u00fdch je zbyte\u010dn\u00e9.\u00a0Ji\u017e s jugosl\u00e1vskou v\u00e1lkou se etablovali jako v\u00e1le\u010dn\u00ed \u0161tv\u00e1\u010di bez ohledu na n\u011bmeck\u00e9 z\u00e1jmy.<\/span><\/p>\n<p class=\"bodytext\"><span style=\"font-size: 18pt;\"><strong>Kancl\u00e9\u0159 je odpov\u011bdn\u00fd za zemi<\/strong><\/span><\/p>\n<p class=\"bodytext\"><span>Ka\u017ed\u00fd, kdo vroucn\u011b vol\u00e1 po tom, abychom se postavili na stranu Ukrajiny, nepochopil v\u00e1\u017enost situace, ve kter\u00e9 se N\u011bmecko aktu\u00e1ln\u011b pohybuje.\u00a0Otev\u0159en\u00e9 poru\u0161en\u00ed p\u0159\u00edm\u011b\u0159\u00ed ze strany SRN by v\u0161emi prost\u0159edky umo\u017enilo Rusku obnovit v\u00e1lku proti N\u011bmecku, dokud nebude zem\u011b okupov\u00e1na.\u00a0Pr\u00e1v\u011b proto, \u017ee neexistuje m\u00edrov\u00e1 smlouva, pouze p\u0159\u00edm\u011b\u0159\u00ed.\u00a0Pono\u0159ovat se do spletitost\u00ed mezin\u00e1rodn\u00edho a stann\u00e9ho pr\u00e1va nem\u00e1 smysl, proto\u017ee to lze \u0159e\u0161it a\u017e \u201eposmrtn\u011b\u201c, tedy a\u017e bude pozd\u011b.\u00a0Pak jsou tu ale skute\u010dnosti, kter\u00e9 u\u017e nelze revidovat a SRN p\u0159estane existovat jako nap\u016fl nez\u00e1visl\u00fd politick\u00fd subjekt.<\/span><\/p>\n<p class=\"bodytext\"><span>Jako kancl\u00e9\u0159 je za zemi zodpov\u011bdn\u00fd Olaf Scholz.\u00a0Pokud skute\u010dn\u011b v\u00ed, co je v s\u00e1zce, pak je jeho odm\u00edtnut\u00ed dopravit zbran\u011b p\u0159\u00edmo na Ukrajinu nejen pochopiteln\u00e9, ale i nezbytn\u00e9, pokud chce z\u016fstat kancl\u00e9\u0159em a zachovat SRN.\u00a0Nen\u00ed p\u0159itom t\u0159eba p\u0159em\u00fd\u0161let o tom, jak by proces a jeho v\u00fdsledek mohl dopadnout, kdyby se Rusko dom\u00e1halo poru\u0161en\u00ed p\u0159\u00edm\u011b\u0159\u00ed.\u00a0Vyz\u00fdv\u00e1m tedy v\u0161echny v\u00e1le\u010dn\u00e9 \u0161tv\u00e1\u010de, aby zapnuli mozek a zdr\u017eeli se sv\u00fdch \u0161\u00edlen\u00fdch pozic.\u00a0Aby se v\u016fbec zamysleli nad t\u00edm, pro\u010d jsou tak iracion\u00e1ln\u011b na stran\u011b rozbit\u00e9ho a zkorumpovan\u00e9ho st\u00e1tu.\u00a0Mohu jen doufat, \u017ee Scholz nebude t\u00edm \u010di on\u00edm zp\u016fsobem vyd\u00edr\u00e1n, aby se vzdal sv\u00e9ho postoje k prodeji zbran\u00ed.\u00a0D\u016fsledky by byly ka\u017edop\u00e1dn\u011b nep\u0159edv\u00eddateln\u00e9 a pro na\u0161i zemi rozhodn\u011b neprosp\u011b\u0161n\u00e9.\u00a0Nebo snad jen?<\/span><\/p>\n<p><strong>Peter Haisenko<\/strong><\/p>\n<p>&nbsp;<\/p>\n","protected":false},"excerpt":{"rendered":"<p>N\u011bmecko nem\u00e1 \u017e\u00e1dn\u00e9 m\u00edrov\u00e9 smlouvy s odp\u016frci druh\u00e9 sv\u011btov\u00e9 v\u00e1lky.\u00a0Dolo\u017eka o nep\u0159\u00e1telsk\u00e9m st\u00e1t\u011b st\u00e1le plat\u00ed&#8230;<\/p>\n","protected":false},"author":2,"featured_media":6721,"comment_status":"closed","ping_status":"closed","sticky":false,"template":"","format":"standard","meta":[],"categories":[7],"tags":[2275,84,22,73],"_links":{"self":[{"href":"https:\/\/www.infokuryr.cz\/n\/wp-json\/wp\/v2\/posts\/9939"}],"collection":[{"href":"https:\/\/www.infokuryr.cz\/n\/wp-json\/wp\/v2\/posts"}],"about":[{"href":"https:\/\/www.infokuryr.cz\/n\/wp-json\/wp\/v2\/types\/post"}],"author":[{"embeddable":true,"href":"https:\/\/www.infokuryr.cz\/n\/wp-json\/wp\/v2\/users\/2"}],"replies":[{"embeddable":true,"href":"https:\/\/www.infokuryr.cz\/n\/wp-json\/wp\/v2\/comments?post=9939"}],"version-history":[{"count":0,"href":"https:\/\/www.infokuryr.cz\/n\/wp-json\/wp\/v2\/posts\/9939\/revisions"}],"wp:featuredmedia":[{"embeddable":true,"href":"https:\/\/www.infokuryr.cz\/n\/wp-json\/wp\/v2\/media\/6721"}],"wp:attachment":[{"href":"https:\/\/www.infokuryr.cz\/n\/wp-json\/wp\/v2\/media?parent=9939"}],"wp:term":[{"taxonomy":"category","embeddable":true,"href":"https:\/\/www.infokuryr.cz\/n\/wp-json\/wp\/v2\/categories?post=9939"},{"taxonomy":"post_tag","embeddable":true,"href":"https:\/\/www.infokuryr.cz\/n\/wp-json\/wp\/v2\/tags?post=9939"}],"curies":[{"name":"wp","href":"https:\/\/api.w.org\/{rel}","templated":true}]}}