{"id":99388,"date":"2026-02-13T05:11:08","date_gmt":"2026-02-13T04:11:08","guid":{"rendered":"https:\/\/www.infokuryr.cz\/n\/?p=99388"},"modified":"2026-02-13T05:11:08","modified_gmt":"2026-02-13T04:11:08","slug":"svetovy-gauner-se-rozhodl-tentokrat-musi-kuba-padnout","status":"publish","type":"post","link":"https:\/\/www.infokuryr.cz\/n\/2026\/02\/13\/svetovy-gauner-se-rozhodl-tentokrat-musi-kuba-padnout\/","title":{"rendered":"Sv\u011btov\u00fd gauner se rozhodl: tentokr\u00e1t mus\u00ed Kuba padnout!"},"content":{"rendered":"<div id=\"fb-root\"><\/div>\n<p><strong>\u0158\u00edk\u00e1 se, \u017ee srovn\u00e1n\u00ed jsou \u0161patn\u00e1. J\u00e1 \u0159\u00edk\u00e1m, \u017ee jsou n\u011bkdy velmi pot\u0159ebn\u00e1, abychom pochopili mnoho v\u011bc\u00ed.<\/strong><\/p>\n<p><strong>\u010c\u00e1st velk\u00e9ho evropsk\u00e9ho m\u011bsta postihl v\u00fdpadek elekt\u0159iny. \u201eBylo to jako v\u00e1lka,\u201c prohl\u00e1sili star\u0161\u00ed lid\u00e9. Tento \u201eneo\u010dek\u00e1van\u00fd technick\u00fd probl\u00e9m\u201c, jak jej nazvala spole\u010dnost, trval t\u00e9m\u011b\u0159 \u010dty\u0159i hodiny: zdravotn\u011b posti\u017een\u00ed a velmi sta\u0159\u00ed lid\u00e9 nemohli vyj\u00edt schody ve sv\u00e9m dom\u011b; kancel\u00e1\u0159e a podniky nemohly pracovat; ti, kte\u0159\u00ed nem\u011bli plyn, nemohli p\u0159ipravit kojeneck\u00e9 lahve; nebylo mo\u017en\u00e9 \u010derpat vodu; a co h\u016f\u0159: jedna zdravotn\u00ed sestra vid\u011bla um\u00edrat \u017eenu na um\u011bl\u00e9 plicn\u00ed ventilaci. Jakmile se situace vr\u00e1tila do norm\u00e1lu, mnoho potravin muselo b\u00fdt vyhozeno, proto\u017ee rozmrzly.<\/strong><\/p>\n<p>Kdy\u017e jsem se dozv\u011bd\u011bl o t\u00e9to situaci, kter\u00e1 se opakuje na mnoha m\u00edstech v Evrop\u011b a ve Spojen\u00fdch st\u00e1tech, jsem si polo\u017eil ot\u00e1zku: co by se stalo v Evrop\u011b, kdyby Washington nebyl spokojen\u00fd s t\u00edm, \u017ee nep\u0159eru\u0161ujeme obchodn\u00ed vztahy s \u010c\u00ednou, nebo \u017ee se tvrd\u011b stav\u00edme proti anexi Gr\u00f3nska, a zak\u00e1zal n\u00e1m pou\u017e\u00edvat dolar pro na\u0161e transakce? Kdyby n\u00e1m zabr\u00e1nil m\u00edt bankovn\u00ed \u00fa\u010dty v t\u00e9to m\u011bn\u011b, p\u0159\u00edstup k \u00fav\u011br\u016fm americk\u00fdch bank nebo jejich pobo\u010dek, ale tak\u00e9 k \u00fav\u011br\u016fm Sv\u011btov\u00e9 banky nebo MMF? Kdyby zak\u00e1zal sv\u00fdm laborato\u0159\u00edm a pobo\u010dk\u00e1m sd\u00edlet z\u00e1kladn\u00ed prvky pot\u0159ebn\u00e9 k v\u00fdrob\u011b l\u00e9k\u016f? A aby toho nebylo m\u00e1lo, kdyby se tak\u00e9 rozhodl, \u017ee n\u00e1m p\u0159estane prod\u00e1vat plyn nebo ropu, p\u0159\u00edmo nebo nep\u0159\u00edmo, a Evropa by se nemohla spolehnout na Rusko, proto\u017ee jsme tento zdroj od\u0159\u00edzli?<\/p>\n<p>Jak dlouho bychom p\u0159e\u017eili? I p\u0159es zdroje, kter\u00e9 m\u00e1 je\u0161t\u011b k dispozici, jsem vypo\u010d\u00edtal, \u017ee Evropa by byla zcela na kolenou za \u010dtrn\u00e1ct dn\u00ed, proto\u017ee Trump ji ji\u017e dr\u017e\u00ed v hrsti. Miliony lid\u00ed by se pak nau\u010dily p\u011bstovat a va\u0159it na d\u0159ev\u011b na ulic\u00edch.<\/p>\n<p>To a je\u0161t\u011b mnohem v\u00edc museli kub\u00e1n\u0161t\u00ed ob\u010dan\u00e9 sn\u00e1\u0161et od roku 1960, kdy jim Spojen\u00e9 st\u00e1ty za\u010daly uvalovat ekonomickou blok\u00e1du, proto\u017ee si dovolili prov\u00e9st revoluci, vymanit se z jejich sf\u00e9ry vlivu a prohl\u00e1sit se za suver\u00e9nn\u00ed. Blok\u00e1da se po z\u00e1niku Sov\u011btsk\u00e9ho svazu, s n\u00edm\u017e Kuba vym\u011b\u0148ovala lo\u010f cukru za lo\u010f ropy, prom\u011bnila v ne\u00faprosnou agresi. Jedn\u00e1 se o nejdel\u0161\u00ed ekonomickou v\u00e1lku v historii lidstva. Jednodu\u0161e \u0159e\u010deno.<\/p>\n<p>Stalo se t\u00e9m\u011b\u0159 norm\u00e1ln\u00ed, \u017ee Kuba tajn\u011b nakupuje l\u00e9ky, dokonce i aspirin, jako by byla zlo\u010dincem, proto\u017ee t\u00e9m\u011b\u0159 v\u0161echny laborato\u0159e na cel\u00e9m sv\u011bt\u011b maj\u00ed americk\u00fd kapit\u00e1l. V Indii existovala jedna, kter\u00e1 spolupracovala s Kubou na v\u00fdrob\u011b l\u00e9k\u016f proti rakovin\u011b: americk\u00e1 spole\u010dnost ji koupila a v\u0161echno skon\u010dilo. Jedn\u00edm z nejv\u00fdrazn\u011bj\u0161\u00edch projev\u016f zvr\u00e1cenosti americk\u00e9ho re\u017eimu byla pandemie Covid: Trump zak\u00e1zal prodej l\u00e9ka\u0159sk\u00e9ho kysl\u00edku a plicn\u00edch ventil\u00e1tor\u016f a st\u00edhal zem\u011b a spole\u010dnosti, kter\u00e9 se to odv\u00e1\u017eily ud\u011blat.<\/p>\n<p>Od roku 1959 se Kuba stala otrokem, kter\u00fd utekl, aby byl svobodn\u00fd: ne\u00fanavn\u011b pron\u00e1sledov\u00e1n, s rozkazem k jeho dopaden\u00ed, aby byl sma\u017een v hork\u00e9m oleji. A spojenci Washingtonu, hlavn\u011b evrop\u0161t\u00ed, podporuj\u00ed Spojen\u00e9 st\u00e1ty nebo odvrac\u00ed zrak. N\u011bkdy volaj\u00ed po porozum\u011bn\u00ed mezi ob\u011bma stranami, jako by to byla Kuba, kdo napad\u00e1 sv\u00e9ho agresora. Pistoln\u00edk z \u201eDivok\u00e9ho z\u00e1padu\u201c nechce dialog: chce jen prosadit sv\u00e9 z\u00e1jmy. A Kuba nem\u00e1 \u017e\u00e1dnou chu\u0165 to akceptovat, proto\u017ee to poru\u0161uje jej\u00ed suverenitu: dialog mezi rovn\u00fdmi, s respektem, bez kladen\u00ed princip\u016f na st\u016fl, to je to, co revolu\u010dn\u00ed v\u016fdci neust\u00e1le opakuj\u00ed. C\u00edlem nejmocn\u011bj\u0161\u00edho gangstera na sv\u011bt\u011b je kapitulace revoluce.<\/p>\n<p>Revoluce byla vytrval\u00e1. A to ne proto, \u017ee by se udr\u017eela d\u00edky tolik kritizovan\u00e9 \u201erepresi\u201c ze strany \u201eCastrovy diktatury\u201c: v\u0161ichni Kub\u00e1nci a Kub\u00e1nky maj\u00ed vysokou kulturn\u00ed a vojenskou \u00farove\u0148, co\u017e by usnadnilo lidov\u00e9 povst\u00e1n\u00ed, pokud by velk\u00e1 v\u011bt\u0161ina nebyla spokojena s politick\u00fdm syst\u00e9mem.<\/p>\n<p>A 29. ledna bylo dosa\u017eeno vrcholu zvr\u00e1cenosti: Trump, pod tlakem sv\u00e9ho ministra zahrani\u010d\u00ed Marca Rubia, jeho\u017e rodi\u010de jsou Kub\u00e1nci, podepsal dekret, v n\u011bm\u017e prohl\u00e1sil, \u017ee Kuba p\u0159edstavuje \u201eneobvyklou a mimo\u0159\u00e1dnou hrozbu\u201c pro n\u00e1rodn\u00ed bezpe\u010dnost jeho zem\u011b, a vyhl\u00e1sil tak stav n\u00e1rodn\u00ed nouze. To nen\u00ed vtip. Hlavn\u00edm d\u016fvodem je, \u017ee Kuba spolupracuje se strategick\u00fdmi rivaly: Ruskem, \u010c\u00ednou a \u00cdr\u00e1nem. A v t\u00e9to oblasti, kterou Spojen\u00e9 st\u00e1ty pova\u017euj\u00ed za svou \u201ezadn\u00ed dvorku\u201c, to nen\u00ed mo\u017en\u00e9.<\/p>\n<p>V d\u016fsledku toho bude ka\u017ed\u00e1 zem\u011b, kter\u00e1 p\u0159\u00edmo nebo nep\u0159\u00edmo dod\u00e1v\u00e1 Kub\u011b ropu, sankcionov\u00e1na clem. A t\u00e9m\u011b\u0159 v\u0161echny zem\u011b sv\u011bta, v\u010detn\u011b Evropy, se toho panicky boj\u00ed.<\/p>\n<p>Trump a Rubio se domn\u00edvaj\u00ed, \u017ee pokud Kub\u011b odep\u0159ou mo\u017enost ropu z\u00edskat, revoluce nakonec zkolabuje kv\u016fli zhor\u0161en\u00ed energetick\u00e9 krize, kterou Kuba ji\u017e nyn\u00ed za\u017e\u00edv\u00e1. V\u011bd\u00ed, \u017ee okam\u017eit\u00fdm d\u016fsledkem bude ochromen\u00ed elektrick\u00e9 s\u00edt\u011b, co\u017e je\u0161t\u011b v\u00edce zas\u00e1hne nemocnice, \u0161koly a ka\u017edodenn\u00ed \u017eivot. Bez paliva se v\u0161e zastav\u00ed: od dopravy po distribuci zem\u011bd\u011blsk\u00fdch produkt\u016f; bez vody nic neroste na pol\u00edch; bez vody je v\u0161e v ohro\u017een\u00ed, a aby voda tekla, jsou pot\u0159eba stroje, kter\u00e9 funguj\u00ed na ropu&#8230; A\u010dkoli se Kuba sna\u017e\u00ed z\u00edsk\u00e1vat elekt\u0159inu z alternativn\u00edch zdroj\u016f, je je\u0161t\u011b mnoho pr\u00e1ce p\u0159ed n\u00ed.<\/p>\n<p>Po\u010d\u00edt\u00e1, jako to d\u011bl\u00e1 u\u017e des\u00edtky let, \u017ee hladov\u00fd a nemocn\u00fd lid se definitivn\u011b vzbou\u0159\u00ed proti v\u016fdc\u016fm revoluce a bude po\u017eadovat \u201ehumanit\u00e1rn\u00ed intervenci\u201c. A \u017ee v tu chv\u00edli p\u0159ijde na pomoc re\u017eim pova\u017eovan\u00fd za \u201enejv\u011bt\u0161\u00ed demokracii na sv\u011bt\u011b\u201c, kter\u00fd je za v\u0161e zodpov\u011bdn\u00fd.<\/p>\n<p>Je to uk\u00e1zka lidsk\u00e9 ubohosti jeho v\u016fdc\u016f, dnes i v minulosti, a zejm\u00e9na t\u00e9to zkorumpovan\u00e9 a pedofiln\u00ed t\u0159\u00eddy. V\u0161ichni opakovali, \u017ee c\u00edlem je svrhnout vl\u00e1dn\u00ed p\u0159edstavitele, aby umo\u017enili p\u0159echod, p\u0159i\u010dem\u017e dob\u0159e v\u011bd\u011bli, \u017ee \u00fato\u010d\u00ed p\u0159\u00edmo na obyvatelstvo. Neuv\u011bdomuj\u00ed si, \u017ee jejich zvr\u00e1cen\u00e1 opat\u0159en\u00ed pouze posiluj\u00ed jednotu lidu, v\u010detn\u011b mnoha odp\u016frc\u016f, proto\u017ee vlast a \u017eivot Kub\u00e1nc\u016f na Kub\u011b jsou t\u00edm, co je t\u0159eba br\u00e1nit. A v Latinsk\u00e9 Americe vlast znamen\u00e1 v\u0161echno.<\/p>\n<p>(Maj\u00ed Trump a jeho stoupenci v \u00famyslu postavit na trosk\u00e1ch a mrtv\u00fdch obrovsk\u00fd realitn\u00ed a turistick\u00fd komplex, jak to pl\u00e1nuj\u00ed v Gaze?)<\/p>\n<p>Z\u00e1v\u011brem. Dnes vid\u00edm Kubu s malou skute\u010dnou podporou a solidaritou. N\u011bkte\u0159\u00ed z t\u011bch, kte\u0159\u00ed byli jej\u00edmi nejbli\u017e\u0161\u00edmi spojenci, pro kter\u00e9 se Kuba vlo\u017eila du\u0161\u00ed i t\u011blem do jejich podpory v velmi t\u011b\u017ek\u00fdch \u010dasech, j\u00ed mohou sotva zamumlat: \u201ePromi\u0148, ale ten na severu n\u00e1m to zak\u00e1zal\u201c.<\/p>\n<p>Je pravda, \u017ee dnes je t\u00e9m\u011b\u0159 ka\u017ed\u00fd paralyzov\u00e1n strachem z Trumpa a jeho syst\u00e9mu. Je pravda, \u017ee protesty a akce proti genocid\u011b palestinsk\u00e9ho lidu nedok\u00e1zaly zastavit barbarstv\u00ed, co\u017e vyvolalo deziluzi a p\u0159edev\u0161\u00edm bezmocnost: proti moci vrah\u016f nelze nic d\u011blat.<\/p>\n<p>Nejironi\u010dt\u011bj\u0161\u00ed je, \u017ee imp\u00e9rium nen\u00e1vid\u00ed kub\u00e1nskou revoluci, ale respektuje ji jako nep\u0159\u00edtele, proto\u017ee je d\u016fstojn\u00e1, nezkrotn\u00e1 a ani se nesna\u017e\u00ed p\u0159ed n\u00edm pokleknout.<\/p>\n<p><a href=\"https:\/\/www.legrandsoir.info\/le-voyou-du-monde-a-decide-cette-fois-cuba-doit-sombrer.html\"><em><b>Hernando Calvo Ospina<\/b><\/em><\/a><\/p>\n<p>&nbsp;<\/p>\n","protected":false},"excerpt":{"rendered":"<p>\u0158\u00edk\u00e1 se, \u017ee srovn\u00e1n\u00ed jsou \u0161patn\u00e1. J\u00e1 \u0159\u00edk\u00e1m, \u017ee jsou n\u011bkdy velmi pot\u0159ebn\u00e1, abychom pochopili&#8230;<\/p>\n","protected":false},"author":2,"featured_media":99389,"comment_status":"closed","ping_status":"closed","sticky":false,"template":"","format":"standard","meta":[],"categories":[7],"tags":[1503,135,452,37],"_links":{"self":[{"href":"https:\/\/www.infokuryr.cz\/n\/wp-json\/wp\/v2\/posts\/99388"}],"collection":[{"href":"https:\/\/www.infokuryr.cz\/n\/wp-json\/wp\/v2\/posts"}],"about":[{"href":"https:\/\/www.infokuryr.cz\/n\/wp-json\/wp\/v2\/types\/post"}],"author":[{"embeddable":true,"href":"https:\/\/www.infokuryr.cz\/n\/wp-json\/wp\/v2\/users\/2"}],"replies":[{"embeddable":true,"href":"https:\/\/www.infokuryr.cz\/n\/wp-json\/wp\/v2\/comments?post=99388"}],"version-history":[{"count":0,"href":"https:\/\/www.infokuryr.cz\/n\/wp-json\/wp\/v2\/posts\/99388\/revisions"}],"wp:featuredmedia":[{"embeddable":true,"href":"https:\/\/www.infokuryr.cz\/n\/wp-json\/wp\/v2\/media\/99389"}],"wp:attachment":[{"href":"https:\/\/www.infokuryr.cz\/n\/wp-json\/wp\/v2\/media?parent=99388"}],"wp:term":[{"taxonomy":"category","embeddable":true,"href":"https:\/\/www.infokuryr.cz\/n\/wp-json\/wp\/v2\/categories?post=99388"},{"taxonomy":"post_tag","embeddable":true,"href":"https:\/\/www.infokuryr.cz\/n\/wp-json\/wp\/v2\/tags?post=99388"}],"curies":[{"name":"wp","href":"https:\/\/api.w.org\/{rel}","templated":true}]}}