{"id":9938,"date":"2022-04-25T01:35:07","date_gmt":"2022-04-24T23:35:07","guid":{"rendered":"http:\/\/www.infokuryr.cz\/n\/?p=9938"},"modified":"2022-04-24T15:36:55","modified_gmt":"2022-04-24T13:36:55","slug":"eu-se-po-dlouhe-debate-rozhodla-oficialne-zakazat-svobodu-projevu","status":"publish","type":"post","link":"https:\/\/www.infokuryr.cz\/n\/2022\/04\/25\/eu-se-po-dlouhe-debate-rozhodla-oficialne-zakazat-svobodu-projevu\/","title":{"rendered":"EU se po dlouh\u00e9 debat\u011b rozhodla ofici\u00e1ln\u011b zak\u00e1zat svobodu projevu"},"content":{"rendered":"<div id=\"fb-root\"><\/div>\n<p>Totalit\u00e1\u0159i z EU v \u010dele s Jourovou a Lejnovou se po dlouh\u00e9m jedn\u00e1n\u00ed dohodli na tom, \u017ee svoboda slova je n\u011bco, co se ve 4. \u0159\u00ed\u0161i nesm\u00ed tolerovat. Ostatn\u011b, zejm\u00e9na posledn\u00ed dva roky n\u00e1m n\u00e1zorn\u011b uk\u00e1zala nejen EU, ale i v\u0161echny lokajsk\u00e9 vl\u00e1dy, \u017ee s \u00fastavami sv\u00fdch zem\u00ed si tak akor\u00e1t vyt\u00edraj\u00ed\u2026.<\/p>\n<p>V budoucnu tak budou zak\u00e1z\u00e1ny jin\u00e9 n\u00e1zory ne\u017e ty jedin\u00e9 povolen\u00e9 a to nejen stran v\u00e1lky, ale tak\u00e9 jak\u00e9koli jin\u00e9 n\u00e1zory stran klimatu a glob\u00e1ln\u00edho oteplov\u00e1n\u00ed \u010di covidov\u00e9 politiky budou nemilosrdn\u011b cenzurov\u00e1ny. Zak\u00e1z\u00e1na bude i kritika LGBTQ, migrace, isl\u00e1mu, EU a mnoh\u00fdch dal\u0161\u00edch t\u00e9mat. N\u00e1zory, kter\u00e9 nebudou souzn\u00edt se \u201estranou a vl\u00e1dou\u201c budou v budoucnu zapov\u011bzeny.<\/p>\n<p>Pokud eurosoudruzi do budoucna \u0159eknou, \u017ee \u010dern\u00e1 je b\u00edl\u00e1 a zelen\u00e9 kole\u010dko je \u010derven\u00fd \u010dtvere\u010dek (nebo \u201ete\u010dka\u201c znamen\u00e1 dv\u011b d\u00e1vky a konec a kdo bude hovo\u0159it o v\u00edc je dezinform\u00e1tor), tak eurosoudruzi maj\u00ed v\u017edy pravdu a vy jim nesm\u00edte odporovat. Tedy asi tak n\u011bjak si EU p\u0159edstavuje \u201edemokracii\u201c po bruselsku. A nutno podotknout, \u017ee se najde spousta jedinc\u016f, kte\u0159\u00ed tomu tleskaj\u00ed.<\/p>\n<p><a href=\"https:\/\/voxnews.info\/2022\/04\/23\/accordo-ue-con-bigtech-stop-alla-liberta-di-espressione-online-e-pericolosa\/\">Soust\u0159edn\u00fd<\/a>\u00a0man\u00e9vr proti svobod\u011b projevu ze strany EU a Big Tech. EU je monstrum, kter\u00e9 je t\u0159eba porazit.<\/p>\n<p>B\u011bhem noci bylo po 16 hodin\u00e1ch vyjedn\u00e1v\u00e1n\u00ed dosa\u017eeno dohody mezi Evropsk\u00fdm parlamentem a Radou EU o n\u00e1vrhu z\u00e1kona o digit\u00e1ln\u00edch slu\u017eb\u00e1ch (DSA), kter\u00fd p\u0159edlo\u017eila Evropsk\u00e1 komise v prosinci 2020 a kter\u00fd \u201ezaru\u010d\u00ed lep\u0161\u00ed ochranu u\u017eivatel\u016f internetu,\u201c stanov\u00ed nov\u00e9 standardy pro odpov\u011bdnost online platforem, jako je Facebook, Twitter a Google, pokud jde o nez\u00e1konn\u00fd a \u0161kodliv\u00fd obsah.<\/p>\n<p>Ve skute\u010dnosti poslou\u017e\u00ed k vylou\u010den\u00ed obsah\u016f, kter\u00e9 se li\u0161\u00ed od ofici\u00e1ln\u00ed verze re\u017eimu. Jste proti imigraci?\u00a0Neleg\u00e1ln\u00ed obsah.<\/p>\n<p>\u201eDne\u0161n\u00ed dohoda je historick\u00e1\u201c \u2013 uvedla p\u0159edsedkyn\u011b Evropsk\u00e9 komise Ursula von der Leyenov\u00e1 \u2013 \u201eNa\u0161e nov\u00e1 pravidla budou chr\u00e1nit online u\u017eivatele, zaru\u010d\u00ed svobodu projevu a p\u0159\u00edle\u017eitosti pro podniky. Co je nez\u00e1konn\u00e9 offline, bude ve skute\u010dnosti nez\u00e1konn\u00e9 online v EU\u201c.\u00a0Podle von der Leyenov\u00e9 jde o \u201esiln\u00fd sign\u00e1l pro lidi, firmy a zem\u011b po cel\u00e9m sv\u011bt\u011b\u201c.<\/p>\n<p>Kl\u00ed\u010dov\u00fdm bodem je, \u017ee \u201eochr\u00e1n\u00ed u\u017eivatele\u201c: p\u0159ed pravdou. A \u201ez\u00e1ruka svobody projevu\u201c bude jen tehdy, kdy se bude sd\u011blen\u00e9 pln\u011b shodovat s n\u00e1zorem eurosoudruh\u016f.<\/p>\n<p>Twitter nap\u0159\u00edklad ozn\u00e1mil, \u017ee nepovol\u00ed reklamy, kter\u00e9 pop\u00edraj\u00ed realitu klimatick\u00fdch zm\u011bn.\u00a0Ozn\u00e1men\u00ed p\u0159i\u0161lo na Den Zem\u011b.\u00a0\u201eZav\u00e1d\u011bj\u00edc\u00ed reklamy na Twitteru, kter\u00e9 jsou v rozporu s v\u011bdeck\u00fdm konsensem o zm\u011bn\u011b klimatu, jsou v souladu s na\u0161imi z\u00e1sadami pro nevhodn\u00fd obsah zak\u00e1z\u00e1ny,\u201c uvedl Casey Junod, glob\u00e1ln\u00ed v\u00fdkonn\u00fd \u0159editel pro cenzuru prost\u0159ednictv\u00edm blogu platformy.<\/p>\n<p>\u201eV\u011b\u0159\u00edme, \u017ee pop\u00edr\u00e1n\u00ed zm\u011bny klimatu by nem\u011blo b\u00fdt na Twitteru zpen\u011b\u017eov\u00e1no.\u00a0Nav\u00edc by takov\u00e1 ne\u010destn\u00e1 reklama nem\u011bla podkop\u00e1vat d\u016fle\u017eit\u00e9 diskuse o klimatick\u00e9 krizi,\u201c dodal.<\/p>\n<p>Nic v\u011bdeck\u00e9ho, dogma, o kter\u00e9m nelze pochybovat.\u00a0Nen\u00ed p\u0159ekvapen\u00edm, \u017ee Sanhedrin vynakl\u00e1d\u00e1 ve\u0161ker\u00e9 \u00fasil\u00ed, aby zabr\u00e1nil Elonu Muskovi ve vstupu na trh.\u00a0Pokud by n\u011bkdo za\u010dal naru\u0161ovat cenzurn\u00ed monopol, ostatn\u00ed by byli nuceni n\u00e1sledovat.<\/p>\n<p>Technick\u00e9 testy pro boj s nevyhovuj\u00edc\u00edmi zpr\u00e1vami se t\u00fdkaly zpr\u00e1v o Covidu.\u00a0\u201ePandemie se stala \u017eivnou p\u016fdou pro nepravdiv\u00e1 tvrzen\u00ed a konspira\u010dn\u00ed teorie a platformy jsou d\u016fle\u017eit\u00fdmi zesilova\u010di t\u011bchto druh\u016f zpr\u00e1v,\u201c napsala v lednu 2021 V\u011bra Jourov\u00e1, viceprezidentka Evropsk\u00e9 komise pro hodnoty a transparentnost.\u00a0Z\u00e1v\u011br, kter\u00fd tak\u00e9 pokr\u00fdval zpr\u00e1vy o v\u00e1lce na Ukrajin\u011b, s cenzurou rusk\u00fdch kan\u00e1l\u016f.\u00a0A spr\u00e1vn\u00e1 je pr\u00fd i cenzura, kter\u00e1 v minulosti zas\u00e1hla americk\u00e9ho prezidenta Donalda Trumpa, kter\u00fd dostal z\u00e1kaz Twitteru.<\/p>\n<p>Tak se n\u00e1m eurosoudruzi s cenzurou p\u011bkn\u011b rozjeli. Velmi brzy se tak m\u016f\u017eete t\u011b\u0161it na to, \u017ee internet bude hl\u00e1sat pouze jedinou pravdu, nalajnovanou p\u0159esn\u011b podle globalistick\u00fdch noti\u010dek. Jak\u00e9koli jin\u00e9 n\u00e1zory a zpr\u00e1vy tak z\u0159ejm\u011b budou odk\u00e1z\u00e1ny na \u0159et\u011bzov\u00e9 emaily nebo se budou podobn\u011b, jako sv\u00e9ho \u010dasu samizdaty, pokoutn\u011b mno\u017eit v pap\u00edrov\u00e9 podob\u011b a p\u0159ed\u00e1vat potaj\u00ed z ruky do ruky\u2026.<\/p>\n<p><a href=\"https:\/\/necenzurovanapravda.cz\/2022\/04\/eu-se-po-dlouhe-debate-rozhodla-oficialne-zakazat-svobodu-projevu\/\">ZDROJ<\/a><\/p>\n<p>&nbsp;<\/p>\n","protected":false},"excerpt":{"rendered":"<p>Totalit\u00e1\u0159i z EU v \u010dele s Jourovou a Lejnovou se po dlouh\u00e9m jedn\u00e1n\u00ed dohodli na&#8230;<\/p>\n","protected":false},"author":2,"featured_media":1114,"comment_status":"closed","ping_status":"closed","sticky":false,"template":"","format":"standard","meta":[],"categories":[6],"tags":[63,41,1697,48],"_links":{"self":[{"href":"https:\/\/www.infokuryr.cz\/n\/wp-json\/wp\/v2\/posts\/9938"}],"collection":[{"href":"https:\/\/www.infokuryr.cz\/n\/wp-json\/wp\/v2\/posts"}],"about":[{"href":"https:\/\/www.infokuryr.cz\/n\/wp-json\/wp\/v2\/types\/post"}],"author":[{"embeddable":true,"href":"https:\/\/www.infokuryr.cz\/n\/wp-json\/wp\/v2\/users\/2"}],"replies":[{"embeddable":true,"href":"https:\/\/www.infokuryr.cz\/n\/wp-json\/wp\/v2\/comments?post=9938"}],"version-history":[{"count":0,"href":"https:\/\/www.infokuryr.cz\/n\/wp-json\/wp\/v2\/posts\/9938\/revisions"}],"wp:featuredmedia":[{"embeddable":true,"href":"https:\/\/www.infokuryr.cz\/n\/wp-json\/wp\/v2\/media\/1114"}],"wp:attachment":[{"href":"https:\/\/www.infokuryr.cz\/n\/wp-json\/wp\/v2\/media?parent=9938"}],"wp:term":[{"taxonomy":"category","embeddable":true,"href":"https:\/\/www.infokuryr.cz\/n\/wp-json\/wp\/v2\/categories?post=9938"},{"taxonomy":"post_tag","embeddable":true,"href":"https:\/\/www.infokuryr.cz\/n\/wp-json\/wp\/v2\/tags?post=9938"}],"curies":[{"name":"wp","href":"https:\/\/api.w.org\/{rel}","templated":true}]}}