{"id":9935,"date":"2022-04-24T06:54:16","date_gmt":"2022-04-24T04:54:16","guid":{"rendered":"http:\/\/www.infokuryr.cz\/n\/?p=9935"},"modified":"2022-04-24T06:54:16","modified_gmt":"2022-04-24T04:54:16","slug":"pravoslavni-slavi-dnes-velikonocni-svatky-svate-svetlo-opet-sestoupilo-zazrak-se-stal-v-jeruzaleme","status":"publish","type":"post","link":"https:\/\/www.infokuryr.cz\/n\/2022\/04\/24\/pravoslavni-slavi-dnes-velikonocni-svatky-svate-svetlo-opet-sestoupilo-zazrak-se-stal-v-jeruzaleme\/","title":{"rendered":"Pravoslavn\u00ed slav\u00ed dnes Velikono\u010dn\u00ed sv\u00e1tky. Svat\u00e9 sv\u011btlo op\u011bt sestoupilo: Z\u00e1zrak se stal v Jeruzal\u00e9m\u011b"},"content":{"rendered":"<div id=\"fb-root\"><\/div>\n<p><span style=\"font-size: 18pt;\"><strong>Ob\u0159ad svat\u00e9ho sv\u011btla byl slavnostn\u011b uskute\u010dn\u011bn v kostele Bo\u017e\u00edho hrobu v Jeruzal\u00e9m\u011b.<\/strong><\/span><\/p>\n<p><span>Kr\u00e1tce po 14:30 vy\u0161el z Bo\u017e\u00edho hrobu pravoslavn\u00fd jeruzal\u00e9msk\u00fd patriarcha Theophilos III., v ka\u017ed\u00e9 ruce dr\u017eel 33 sv\u00ed\u010dek, rozd\u00e1val svat\u00e9 sv\u011btlo poutn\u00edk\u016fm, zp\u00edval \u201ePoj\u010f, p\u0159ijmi sv\u011btlo\u201c a \u0161\u00ed\u0159il poselstv\u00ed o vzk\u0159\u00ed\u0161en\u00ed mezi lidstvo.<\/span><\/p>\n<p>Tento \u00fakaz sestoupen\u00ed svat\u00e9ho sv\u011btla se opakuje ka\u017ed\u00fd rok a to pouze na sv\u00e1tky pravoslavn\u00fdch Velikonoc.\u00a0 Samovoln\u011b se zapaluj\u00ed sv\u00edce v\u011b\u0159\u00edc\u00edm, kte\u0159\u00ed se modl\u00ed a \u010dekaj\u00ed na tento z\u00e1zrak.<\/p>\n<p>Je zaj\u00edmav\u00e9, \u017ee v dob\u011b, kdy slav\u00ed Velikonoce katol\u00edci a protestant\u00e9 se tento z\u00e1zra\u010dn\u00fd \u00fakaz neprojev\u00ed.<\/p>\n<p>&nbsp;<\/p>\n<p><iframe loading=\"lazy\" src=\"https:\/\/www.facebook.com\/plugins\/video.php?height=314&amp;href=https%3A%2F%2Fwww.facebook.com%2FStudioSamiJerusalem%2Fvideos%2F358549359627511%2F&amp;show_text=false&amp;width=560&amp;t=0\" width=\"560\" height=\"314\" frameborder=\"0\" scrolling=\"no\" allowfullscreen=\"allowfullscreen\" data-mce-fragment=\"1\"><\/iframe><\/p>\n<div class=\"jeg_video_container jeg_video_content\"><iframe loading=\"lazy\" title=\"\u017dIV\u011a HNED: Z\u00e1zrak svat\u00e9ho ohn\u011b 2022 z kostela Bo\u017e\u00edho hrobu v Jeruzal\u00e9m\u011b 2022\" src=\"https:\/\/www.youtube.com\/embed\/4HwolTtTg0I?feature=oembed\" width=\"500\" height=\"375\" frameborder=\"0\" allowfullscreen=\"allowfullscreen\" data-mce-fragment=\"1\"><\/iframe><\/div>\n<div class=\"jeg_post_tags\"><img decoding=\"async\" loading=\"lazy\" class=\"alignnone size-full wp-image-1185\" src=\"http:\/\/www.infokuryr.cz\/n\/wp-content\/uploads\/2021\/04\/kuryr-podpis.png\" alt=\"\" width=\"84\" height=\"24\" \/><\/div>\n<div><\/div>\n<p>&nbsp;<\/p>\n","protected":false},"excerpt":{"rendered":"<p>Ob\u0159ad svat\u00e9ho sv\u011btla byl slavnostn\u011b uskute\u010dn\u011bn v kostele Bo\u017e\u00edho hrobu v Jeruzal\u00e9m\u011b. Kr\u00e1tce po 14:30&#8230;<\/p>\n","protected":false},"author":2,"featured_media":9936,"comment_status":"closed","ping_status":"closed","sticky":false,"template":"","format":"standard","meta":[],"categories":[7],"tags":[2210,2274,1118,2273,2272,889],"_links":{"self":[{"href":"https:\/\/www.infokuryr.cz\/n\/wp-json\/wp\/v2\/posts\/9935"}],"collection":[{"href":"https:\/\/www.infokuryr.cz\/n\/wp-json\/wp\/v2\/posts"}],"about":[{"href":"https:\/\/www.infokuryr.cz\/n\/wp-json\/wp\/v2\/types\/post"}],"author":[{"embeddable":true,"href":"https:\/\/www.infokuryr.cz\/n\/wp-json\/wp\/v2\/users\/2"}],"replies":[{"embeddable":true,"href":"https:\/\/www.infokuryr.cz\/n\/wp-json\/wp\/v2\/comments?post=9935"}],"version-history":[{"count":0,"href":"https:\/\/www.infokuryr.cz\/n\/wp-json\/wp\/v2\/posts\/9935\/revisions"}],"wp:featuredmedia":[{"embeddable":true,"href":"https:\/\/www.infokuryr.cz\/n\/wp-json\/wp\/v2\/media\/9936"}],"wp:attachment":[{"href":"https:\/\/www.infokuryr.cz\/n\/wp-json\/wp\/v2\/media?parent=9935"}],"wp:term":[{"taxonomy":"category","embeddable":true,"href":"https:\/\/www.infokuryr.cz\/n\/wp-json\/wp\/v2\/categories?post=9935"},{"taxonomy":"post_tag","embeddable":true,"href":"https:\/\/www.infokuryr.cz\/n\/wp-json\/wp\/v2\/tags?post=9935"}],"curies":[{"name":"wp","href":"https:\/\/api.w.org\/{rel}","templated":true}]}}