{"id":9932,"date":"2022-04-24T06:34:49","date_gmt":"2022-04-24T04:34:49","guid":{"rendered":"http:\/\/www.infokuryr.cz\/n\/?p=9932"},"modified":"2022-04-24T06:34:49","modified_gmt":"2022-04-24T04:34:49","slug":"varovani-usa-pro-salamounovy-ostrovy-zadna-cinska-vojenska-zakladna-nebo-budou-podle-toho-reagovat","status":"publish","type":"post","link":"https:\/\/www.infokuryr.cz\/n\/2022\/04\/24\/varovani-usa-pro-salamounovy-ostrovy-zadna-cinska-vojenska-zakladna-nebo-budou-podle-toho-reagovat\/","title":{"rendered":"Varov\u00e1n\u00ed USA pro \u0160alamounovy ostrovy: \u017e\u00e1dn\u00e1 \u010d\u00ednsk\u00e1 vojensk\u00e1 z\u00e1kladna \u2013 nebo budou \u201epodle toho reagovat\u201c"},"content":{"rendered":"<div id=\"fb-root\"><\/div>\n<div class=\"ArticleView-summary\">\n<div class=\"Text-root Text-type_1 \"><strong>Jen n\u011bkolik dn\u00ed pot\u00e9, co \u010c\u00edna ozn\u00e1mila bezpe\u010dnostn\u00ed dohodu se \u0160alamounov\u00fdmi ostrovy, p\u0159i\u0161lo varov\u00e1n\u00ed z USA.\u00a0Washington varoval ostrovn\u00ed st\u00e1t v ji\u017en\u00edm Tichomo\u0159\u00ed, aby na sv\u00e9 \u00fazem\u00ed nepovolil \u010d\u00ednsk\u00e9 vojensk\u00e9 z\u00e1kladny.<\/strong><\/div>\n<\/div>\n<div class=\"Text-root Text-type_5 ArticleView-text ViewText-root \">\n<p><span>Ozn\u00e1men\u00ed o podpisu dalekos\u00e1hl\u00e9 bezpe\u010dnostn\u00ed dohody mezi \u010c\u00ednou a \u0160alamounov\u00fdmi ostrovy vyvolalo okam\u017eitou reakci ve Washingtonu.\u00a0Spojen\u00e9 st\u00e1ty vyslaly do ostrovn\u00edho st\u00e1tu v ji\u017en\u00edm Tichomo\u0159\u00ed delegaci, aby varovala p\u0159ed z\u0159\u00edzen\u00edm \u010d\u00ednsk\u00e9 vojensk\u00e9 z\u00e1kladny.\u00a0B\u00edl\u00fd d\u016fm uvedl, \u017ee v takov\u00e9m p\u0159\u00edpad\u011b bude <strong>\u201ep\u0159im\u011b\u0159en\u011b reagovat\u201c.<\/strong><\/span><\/p>\n<p><span>Delegaci vedl Kurt Campbell, indicko-pacifick\u00fd koordin\u00e1tor N\u00e1rodn\u00ed bezpe\u010dnostn\u00ed rady, kter\u00fd je podle\u00a0<\/span><a href=\"https:\/\/www.abc.net.au\/news\/2022-04-23\/us-warns-solomon-islands-against-allowing-china-military-base\/101010660?utm_campaign=abc_news_web&amp;utm_content=twitter&amp;utm_medium=content_shared&amp;utm_source=abc_news_web\" target=\"_blank\" rel=\"noopener noreferrer\"><span>americk\u00fdch m\u00e9di\u00ed<\/span><\/a><span>\u00a0\u00a0jedn\u00edm z nejd\u016fle\u017eit\u011bj\u0161\u00edch poradc\u016f americk\u00e9ho prezidenta Joea Bidena.\u00a0Podle informac\u00ed B\u00edl\u00e9ho domu v hlavn\u00edm m\u011bst\u011b Honiara se vysoc\u00ed ameri\u010dt\u00ed p\u0159edstavitel\u00e9 setkali mimo jin\u00e9 s p\u0159edsedou vl\u00e1dy \u0160alamounov\u00fdch ostrov\u016f Manassehem Sogavarem.<\/span><\/p>\n<p><span>Kr\u00e1tce p\u0159ed odjezdem delegace mluv\u010d\u00ed americk\u00e9ho ministerstva zahrani\u010d\u00ed Ned Price \u0159ekl, \u017ee dohoda by mohla \u201edestabilizovat\u201c \u0160alamounovy ostrovy a vytvo\u0159it \u201eznepokojiv\u00fd precedens pro cel\u00fd tichomo\u0159sk\u00fd region\u201c.<\/span><\/p>\n<p><strong><em>&#8222;Bez ohledu na koment\u00e1\u0159e vl\u00e1dy \u0160alamounov\u00fdch ostrov\u016f nech\u00e1v\u00e1 \u0161irok\u00e1 povaha bezpe\u010dnostn\u00ed dohody otev\u0159en\u00e9 dve\u0159e k rozm\u00edst\u011bn\u00ed sil \u010c\u00ednsk\u00e9 lidov\u00e9 republiky na \u0160alamounov\u00fdch ostrovech.&#8220;<\/em><\/strong><\/p>\n<p><span>Po sch\u016fzce v Honia\u0159e B\u00edl\u00fd d\u016fm uvedl, \u017ee americk\u00e1 delegace vyu\u017eila 90minutov\u00e9 setk\u00e1n\u00ed s premi\u00e9rem a dv\u011bma tucty \u010dlen\u016f jeho kabinetu, aby vyj\u00e1d\u0159ila obavy z \u201epotenci\u00e1ln\u00edch region\u00e1ln\u00edch bezpe\u010dnostn\u00edch d\u016fsledk\u016f dohody\u201c.\u00a0Cht\u011bj\u00ed prosazovat <strong>\u201esvobodn\u00fd, otev\u0159en\u00fd a stabiln\u00ed indicko-pacifick\u00fd region\u201c.<\/strong><\/span><\/p>\n<p><span>B\u00edl\u00fd d\u016fm\u00a0<\/span><a href=\"https:\/\/www.whitehouse.gov\/briefing-room\/statements-releases\/2022\/04\/22\/readout-of-senior-administration-travel-to-hawaii-fiji-papua-new-guinea-and-solomon-islands\/\" target=\"_blank\" rel=\"noopener noreferrer\"><span>uvedl<\/span><\/a><span> , \u017ee \u201eSpojen\u00e9 st\u00e1ty respektuj\u00ed pr\u00e1vo n\u00e1rod\u016f \u010dinit suver\u00e9nn\u00ed rozhodnut\u00ed v nejlep\u0161\u00edm z\u00e1jmu sv\u00e9ho lidu\u201c, dodal: \u201eM\u011bly by b\u00fdt podniknuty kroky k vytvo\u0159en\u00ed de facto trval\u00e9 vojensk\u00e9 p\u0159\u00edtomnosti, schopnost\u00ed uplat\u0148ovat moc, nebo z\u0159\u00eddit vojensk\u00e9 za\u0159\u00edzen\u00ed. Spojen\u00e9 st\u00e1ty by m\u011bly ale v\u00e1\u017en\u00e9 obavy a odpov\u00eddaj\u00edc\u00edm zp\u016fsobem by reagovaly.&#8220;<\/span><\/p>\n<p><strong>Americk\u00fd prezident Joe Biden v \u00fanoru odm\u00edtl rusk\u00e9 po\u017eadavky na bezpe\u010dnostn\u00ed z\u00e1ruky ve vztahu k Ukrajin\u011b:<\/strong><\/p>\n<p><strong><em>&#8222;N\u00e1rody maj\u00ed pr\u00e1vo na suverenitu a \u00fazemn\u00ed celistvost. Maj\u00ed svobodu ur\u010dit si sv\u016fj vlastn\u00ed sm\u011br a vybrat si, s k\u00fdm se spoj\u00ed.&#8220;<\/em><\/strong><\/p>\n<p><span>V \u00fanoru Washington ozn\u00e1mil, \u017ee po t\u00e9m\u011b\u0159 30 letech znovu otev\u0159e ambas\u00e1du na \u0160alamounov\u00fdch ostrovech.\u00a0Jde o sou\u010d\u00e1st snah Bidenovy administrativy p\u0159id\u011blit v\u00edce diplomatick\u00fdch zdroj\u016f Indo-Pacifiku.\u00a0Spojen\u00e9 st\u00e1ty m\u011bly \u201estrategick\u00fd z\u00e1jem na roz\u0161\u00ed\u0159en\u00ed sv\u00fdch politick\u00fdch, ekonomick\u00fdch a obchodn\u00edch vztah\u016f se \u0160alamounov\u00fdmi ostrovy, nejv\u011bt\u0161\u00edm tichomo\u0159sk\u00fdm ostrovn\u00edm st\u00e1tem bez americk\u00e9 ambas\u00e1dy,\u201c uvedlo tehdy americk\u00e9 ministerstvo zahrani\u010d\u00ed.<\/span><\/p>\n<p><span>Mluv\u010d\u00ed \u010d\u00ednsk\u00e9ho ministerstva zahrani\u010d\u00ed Wang Wenbin v\u0161ak tento t\u00fdden uvedl, \u017ee \u010d\u00ednsk\u00fd ministr zahrani\u010d\u00ed Wang Yi a jeho prot\u011bj\u0161ek ze souostrov\u00ed Jeremi\u00e1\u0161 Manele \u201ened\u00e1vno\u201c podepsali mezivl\u00e1dn\u00ed r\u00e1mcovou dohodu o bezpe\u010dnostn\u00ed spolupr\u00e1ci.\u00a0Podle pozorovatel\u016f p\u0159edstavuje podpis dohody velkou r\u00e1nu americk\u00e9 indicko-pacifick\u00e9 strategii.<\/span><\/p>\n<p><span>V posledn\u00edch dnech tak\u00e9 zazn\u011bla prohl\u00e1\u0161en\u00ed v Austr\u00e1lii, \u017ee se ob\u00e1vaj\u00ed, \u017ee dohoda by mohla v\u00e9st k tomu, \u017ee Peking postav\u00ed z\u00e1kladnu m\u00e9n\u011b ne\u017e 2000 kilometr\u016f od pob\u0159e\u017e\u00ed Queenslandu.\u00a0V\u016fdce \u0160alamounov\u00fdch ostrov\u016f v\u0161ak p\u0159i setk\u00e1n\u00ed s americkou delegac\u00ed odm\u00edtl tvrzen\u00ed, \u017ee na \u00fazem\u00ed pat\u0159\u00edc\u00edm k souostrov\u00ed je pl\u00e1nov\u00e1na \u010d\u00ednsk\u00e1 vojensk\u00e1 z\u00e1kladna.<\/span><\/p>\n<p><span>\u0160alamounovy ostrovy jsou tichomo\u0159sk\u00fd ostrovn\u00ed st\u00e1t nach\u00e1zej\u00edc\u00ed se severov\u00fdchodn\u011b od Austr\u00e1lie a v\u00fdchodn\u011b od Papuy-Nov\u00e9 Guineje.\u00a0V\u011bt\u0161ina z p\u0159ibli\u017en\u011b 700 000 obyvatel \u017eije na \u0161esti v\u011bt\u0161\u00edch ostrovech, jejich\u017e celkov\u00e1 rozloha odpov\u00edd\u00e1 \u00fazem\u00ed spolkov\u00e9 zem\u011b Sasko-Anhaltsko.\u00a0Sou\u010d\u00e1st\u00ed n\u00e1rodn\u00edho \u00fazem\u00ed je odhadem 990 dal\u0161\u00edch men\u0161\u00edch ostrov\u016f a atol\u016f.<\/span><\/p>\n<\/div>\n<p><img decoding=\"async\" loading=\"lazy\" class=\"alignnone size-full wp-image-1185\" src=\"http:\/\/www.infokuryr.cz\/n\/wp-content\/uploads\/2021\/04\/kuryr-podpis.png\" alt=\"\" width=\"84\" height=\"24\" \/><\/p>\n<p>&nbsp;<\/p>\n","protected":false},"excerpt":{"rendered":"<p>Jen n\u011bkolik dn\u00ed pot\u00e9, co \u010c\u00edna ozn\u00e1mila bezpe\u010dnostn\u00ed dohodu se \u0160alamounov\u00fdmi ostrovy, p\u0159i\u0161lo varov\u00e1n\u00ed z&#8230;<\/p>\n","protected":false},"author":2,"featured_media":9933,"comment_status":"closed","ping_status":"closed","sticky":false,"template":"","format":"standard","meta":[],"categories":[7],"tags":[30,2271,2270,37],"_links":{"self":[{"href":"https:\/\/www.infokuryr.cz\/n\/wp-json\/wp\/v2\/posts\/9932"}],"collection":[{"href":"https:\/\/www.infokuryr.cz\/n\/wp-json\/wp\/v2\/posts"}],"about":[{"href":"https:\/\/www.infokuryr.cz\/n\/wp-json\/wp\/v2\/types\/post"}],"author":[{"embeddable":true,"href":"https:\/\/www.infokuryr.cz\/n\/wp-json\/wp\/v2\/users\/2"}],"replies":[{"embeddable":true,"href":"https:\/\/www.infokuryr.cz\/n\/wp-json\/wp\/v2\/comments?post=9932"}],"version-history":[{"count":0,"href":"https:\/\/www.infokuryr.cz\/n\/wp-json\/wp\/v2\/posts\/9932\/revisions"}],"wp:featuredmedia":[{"embeddable":true,"href":"https:\/\/www.infokuryr.cz\/n\/wp-json\/wp\/v2\/media\/9933"}],"wp:attachment":[{"href":"https:\/\/www.infokuryr.cz\/n\/wp-json\/wp\/v2\/media?parent=9932"}],"wp:term":[{"taxonomy":"category","embeddable":true,"href":"https:\/\/www.infokuryr.cz\/n\/wp-json\/wp\/v2\/categories?post=9932"},{"taxonomy":"post_tag","embeddable":true,"href":"https:\/\/www.infokuryr.cz\/n\/wp-json\/wp\/v2\/tags?post=9932"}],"curies":[{"name":"wp","href":"https:\/\/api.w.org\/{rel}","templated":true}]}}