{"id":99314,"date":"2026-02-12T06:27:51","date_gmt":"2026-02-12T05:27:51","guid":{"rendered":"https:\/\/www.infokuryr.cz\/n\/?p=99314"},"modified":"2026-02-12T06:27:51","modified_gmt":"2026-02-12T05:27:51","slug":"jiri-paroubek-drze-a-protilidove-pozadavky-na-zachovani-poplatku-za-rozhlas-a-televizi","status":"publish","type":"post","link":"https:\/\/www.infokuryr.cz\/n\/2026\/02\/12\/jiri-paroubek-drze-a-protilidove-pozadavky-na-zachovani-poplatku-za-rozhlas-a-televizi\/","title":{"rendered":"Ji\u0159\u00ed Paroubek: Drz\u00e9 a protilidov\u00e9 po\u017eadavky na zachov\u00e1n\u00ed poplatk\u016f za rozhlas a televizi"},"content":{"rendered":"<div id=\"fb-root\"><\/div>\n<p><strong>A to a\u0165 se na n\u011b d\u00edv\u00e1me \u010di je poslouch\u00e1me anebo ne. \u0158ada \u010desk\u00fdch ob\u010dan\u016f a j\u00e1 bych \u0159ekl, \u017ee jsou to statis\u00edce lid\u00ed, u\u017e se ned\u00edvaj\u00ed dlouhodob\u011b na \u010cT \u010di \u010cT24. Prost\u011b proto, \u017ee tato m\u00e9dia jsou ve sv\u00e9m zpravodajstv\u00ed zcela neobjektivn\u00ed. J\u00e1 osobn\u011b c\u00edt\u00edm stejnou antipatii v\u016f\u010di \u010cesk\u00e9mu rozhlasu. P\u0159ed \u0159adou let jsem byl pozv\u00e1n do \u010cesk\u00e9ho rozhlasu a redaktor, kter\u00fd m\u011b tam vysl\u00fdchal, on to vlastn\u011b \u017e\u00e1dn\u00fd redaktor nebyl, byl to jenom n\u00e1jemn\u00fd \u017eold\u00e1k, m\u011b znechutil sv\u00fdmi tenden\u010dn\u00edmi dotazy natolik, \u017ee jsem uprost\u0159ed jeho v\u00fdslechu ode\u0161el. P\u0159ipadal jsem si toti\u017e jako na &#8222;star\u00e9m dobr\u00e9m&#8220; &#8222;Bar\u0165\u00e1ku&#8220;za b\u00fdval\u00e9ho re\u017eimu. Jen chyb\u011blo ostr\u00e9 sv\u011btlo, kter\u00e9 by mn\u011b je\u0161t\u011b sv\u00edtilo p\u0159\u00edmo do o\u010d\u00ed.<\/strong><\/p>\n<p style=\"font-weight: 400;\">Te\u010f pracovn\u00edci \u010cT a \u010cRo, samoz\u0159ejm\u011b hysterizovan\u00ed redaktory t\u011bchto m\u00e9di\u00ed a t\u011bmi, kdo maj\u00ed z\u00e1jem na zachov\u00e1n\u00ed sou\u010dasn\u00e9ho statu quo v televizi a rozhlasu, se odva\u017euj\u00ed vyz\u00fdvat \u010deskou ve\u0159ejnost, aby nepodporovala zru\u0161en\u00ed poplatk\u016f za \u010ceskou televizi a \u010cesk\u00fd rozhlas. Pr\u00fd je to ohro\u017een\u00ed svobody slova. No ano, p\u00e1ni redakto\u0159i v \u010cesk\u00e9 televizi si mohou \u0159\u00edkat, co jim slina na jazyk p\u0159inese a nemaj\u00ed \u017e\u00e1dnou odpov\u011bdnost. A ne\u0159\u00edd\u00ed se \u017e\u00e1dn\u00fdm etick\u00fdm kodexem, podle kter\u00e9ho by m\u011bli respektovat pluralitu n\u00e1zor\u016f. Jako je to b\u011b\u017en\u00e9 nap\u0159. v BBC, kter\u00e1 se\u00a0 s v\u00fdjimkami, je\u017e potvrzuj\u00ed pravidlo, sna\u017e\u00ed o naprosto objektivitu. To tihle Moravcov\u00e9 a dal\u0161\u00ed podivn\u00e9 figury v \u010cT prost\u011b schopny nejsou.<\/p>\n<p style=\"font-weight: 400;\">V celkem 17 \u010dlensk\u00fdch zem\u00edch Evropsk\u00e9 unie (tedy v jejich v\u011bt\u0161in\u011b) jsou v\u00fddaje ve\u0159ejnopr\u00e1vn\u00edho rozhlasu a televize\u00a0 hrazeny ze st\u00e1tn\u00edho rozpo\u010dtu. V t\u011bchto 17 zem\u00edch EU neexistuje \u017e\u00e1dn\u00e9 p\u0159\u00edm\u00e9 zdan\u011bn\u00ed ob\u010dan\u016f z tohoto titulu. Neexistuje tedy \u017e\u00e1dn\u00e1 rovn\u00e1 da\u0148 jako u n\u00e1s, co\u017e tedy poplatky za televizn\u00ed a rozhlasov\u00e9 vys\u00edl\u00e1n\u00ed jsou. A v t\u011bchto zem\u00edch je, v jejich v\u011bt\u0161in\u011b svoboda slova na vy\u0161\u0161\u00ed \u00farovni ne\u017eli je tomu v \u010cesk\u00e9 republice.<\/p>\n<p style=\"font-weight: 400;\">Koneckonc\u016f to m\u016f\u017eu dok\u00e1zat na vlastn\u00edm p\u0159\u00edpad\u011b. Jako\u00a0 b\u00fdval\u00fd \u010desk\u00fd premi\u00e9r se dost\u00e1v\u00e1m do \u010cT jednou za p\u00e1r let a do \u010cesk\u00e9ho rozhlasu prakticky v\u016fbec ne. Pokud tedy pominu n\u011bjak\u00e9 povinn\u00e9 p\u0159edvolebn\u00ed diskuzn\u00ed po\u0159ady. Naopak,\u00a0 b\u00fdval\u00ed \u010de\u0161t\u00ed premi\u00e9\u0159i, jako t\u0159eba b\u00fdval\u00fd \u0161\u00e9f \u00fa\u0159ednick\u00e9 vl\u00e1dy bez d\u016fv\u011bry\u00a0 sn\u011bmovny J. Rusnok anebo M. Topol\u00e1nek jsou v \u010cesk\u00e9 televizi pe\u010den\u00ed va\u0159en\u00ed. Prost\u011b proto, \u017ee sv\u00fdmi n\u00e1zory vyhovuj\u00ed medi\u00e1ln\u00edmu mainstreamu. A takto si p\u0159edstavuje \u010cesk\u00e1 televize a jej\u00ed redakto\u0159i, kte\u0159\u00ed de facto celou publicitu v \u010cT sami \u0159\u00edd\u00ed, ani\u017e veden\u00ed \u010cT m\u00e1 n\u011bjakou mo\u017enost v\u011bci v\u00fdrazn\u011bji ovliv\u0148ovat, demokracii a svobodu slova v tomto m\u00e9diu. J\u00e1 m\u00e1m ale o svobod\u011b slova jin\u00e9 p\u0159edstavy. Pokud nap\u0159. v hlavn\u00edm diskuzn\u00edm po\u0159adu ji\u017e zm\u00edn\u011bn\u00e9ho V. Moravce se 10 let neobjevil \u0161\u00e9f jedn\u00e9 z parlamentn\u00edch politick\u00fdch stran, dnes p\u0159edseda Poslaneck\u00e9 sn\u011bmovny, to v\u00e1\u017en\u011b nen\u00ed\u00a0 ze strany \u010cesk\u00e9 televize korektn\u00ed. A je to jenom uk\u00e1zka toho, jak \u010cT a jejich redakto\u0159i ka\u0161lou na\u00a0 politickou pluralitu. Jako kdyby se \u010cT c\u00edtila b\u00fdt\u00a0 d\u011bdi\u010dkou p\u0159edlistopadov\u00e9 \u010ceskoslovensk\u00e9 televize neblah\u00e9 pam\u011bti. Jenom s opa\u010dn\u00fdm znam\u00e9nkem ne\u017eli tehdy. Totalitn\u00ed my\u0161len\u00ed v\u0161ak z\u016fst\u00e1v\u00e1.<\/p>\n<p style=\"font-weight: 400;\">Zvl\u00e1\u0161tn\u00ed kapitolou jsou lid\u00e9 jako je Ale\u0161 Cibulka a jeho poda\u0159en\u00fd \u017eivotn\u00ed partner. Moder\u00e1torsk\u00e9, nep\u0159\u00edli\u0161 z\u00e1bavn\u00e9 duo je slo\u017een\u00e9 ze dvou \u0161patn\u00fdch herc\u016f. Vlastn\u011b ani nev\u00edm, jestli kdy \u00fasp\u011b\u0161n\u011b n\u011bjakou divadeln\u00ed roli zvl\u00e1dli. Ale to nen\u00ed rozhoduj\u00edc\u00ed. V\u010dera nav\u0161t\u00edvili ministra kultury, jako jedin\u00ed z cel\u00e9 t\u00e9 zvl\u00e1\u0161tn\u00ed k\u00e1vov\u00e9 sedliny, kter\u00e1 exhibovala na demonstraci proti vl\u00e1d\u011b za\u010d\u00e1tkem tohoto m\u011bs\u00edce. Cibulka mocn\u011b h\u00e1jil na t\u00e9to demonstraci a mocn\u011b pl\u00e9doval za to, aby byla zachov\u00e1na ji\u017e zm\u00edn\u011bn\u00e1 rovn\u00e1 da\u0148 za televizn\u00ed a rozhlasov\u00e9 vys\u00edl\u00e1n\u00ed. Je to\u00a0 opozi\u010dn\u00ed skupinka, je\u017e se spolu s opozi\u010dn\u00edmi stranami ve sn\u011bmovn\u011b do\u017eaduje zachov\u00e1n\u00ed t\u00e9to dan\u011b. Ta je pro v\u011bt\u0161inu obyvatelstva bu\u010f nesmysln\u00e1 anebo finan\u010dn\u011b zat\u011b\u017euj\u00edc\u00ed. Argument k\u00e1vov\u00e9 sedliny, \u017ee to babi\u010dky budou muset zaplatit stejn\u011b ve st\u00e1tn\u00edm rozpo\u010dtu,\u00a0 je trochu my\u0161lenkov\u011b neohraban\u00fd. Nebo\u0165 babi\u010dky vesm\u011bs jako d\u016fchodkyn\u011b u\u017e \u017e\u00e1dn\u00e9 jin\u00e9 dan\u011b\u00a0 neplat\u00ed. Tak\u017ee tuto da\u0148 pro roze\u017eran\u00e1 ve\u0159ejnopr\u00e1vn\u00ed m\u00e9dia\u00a0 budou platit p\u0159es st\u00e1tn\u00ed rozpo\u010det p\u0159edev\u0161\u00edm lid\u00e9 s vy\u0161\u0161\u00edmi p\u0159\u00edjmy. Mezi n\u011b bohu\u017eel pat\u0159\u00edm i j\u00e1\u00a0 ( na\u0161t\u011bst\u00ed s ohledem na sou\u010dasnou drahotu).\u00a0 A zejm\u00e9na to zaplat\u00ed korporace a v\u00fdnos z v\u00fdb\u011bru DPH. DPH je tak\u00e9 sv\u00e9ho druhu rovnou dan\u00ed pro v\u0161echny. Pro ty nejbohat\u0161\u00ed i pro ty nejchud\u0161\u00ed. Doporu\u010duji p\u00e1n\u016fm milionchvilka\u0159\u016fm, aby v podpo\u0159e tohoto protilidov\u00e9ho n\u00e1vrhu zachovat rovnou da\u0148\u00a0 z vys\u00edl\u00e1n\u00ed ve\u0159ejnopr\u00e1vn\u00edch m\u00e9di\u00ed pokra\u010dovali d\u00e1l. Zajist\u00e9 t\u00edm z\u00edskaj\u00ed v\u011bt\u0161\u00ed podporu\u00a0 ve\u0159ejnosti&#8230;<\/p>\n<p><a href=\"https:\/\/vasevec.info\/domaci-politika\/drze-protilidove-pozadavky-na-zachovani-poplatku-za-rozhlas-televizi\">Ji\u0159\u00ed Paroubek<\/a><\/p>\n<p><img decoding=\"async\" loading=\"lazy\" class=\"alignnone size-medium wp-image-2342\" src=\"http:\/\/www.infokuryr.cz\/n\/wp-content\/uploads\/2021\/06\/paroubek-300x208.jpg\" alt=\"\" width=\"300\" height=\"208\" srcset=\"https:\/\/www.infokuryr.cz\/n\/wp-content\/uploads\/2021\/06\/paroubek-300x208.jpg 300w, https:\/\/www.infokuryr.cz\/n\/wp-content\/uploads\/2021\/06\/paroubek.jpg 318w\" sizes=\"(max-width: 300px) 100vw, 300px\" \/><\/p>\n<p>&nbsp;<\/p>\n","protected":false},"excerpt":{"rendered":"<p>A to a\u0165 se na n\u011b d\u00edv\u00e1me \u010di je poslouch\u00e1me anebo ne. \u0158ada \u010desk\u00fdch ob\u010dan\u016f&#8230;<\/p>\n","protected":false},"author":2,"featured_media":72531,"comment_status":"closed","ping_status":"closed","sticky":false,"template":"","format":"standard","meta":[],"categories":[6],"tags":[47,1503,1975,1738],"_links":{"self":[{"href":"https:\/\/www.infokuryr.cz\/n\/wp-json\/wp\/v2\/posts\/99314"}],"collection":[{"href":"https:\/\/www.infokuryr.cz\/n\/wp-json\/wp\/v2\/posts"}],"about":[{"href":"https:\/\/www.infokuryr.cz\/n\/wp-json\/wp\/v2\/types\/post"}],"author":[{"embeddable":true,"href":"https:\/\/www.infokuryr.cz\/n\/wp-json\/wp\/v2\/users\/2"}],"replies":[{"embeddable":true,"href":"https:\/\/www.infokuryr.cz\/n\/wp-json\/wp\/v2\/comments?post=99314"}],"version-history":[{"count":0,"href":"https:\/\/www.infokuryr.cz\/n\/wp-json\/wp\/v2\/posts\/99314\/revisions"}],"wp:featuredmedia":[{"embeddable":true,"href":"https:\/\/www.infokuryr.cz\/n\/wp-json\/wp\/v2\/media\/72531"}],"wp:attachment":[{"href":"https:\/\/www.infokuryr.cz\/n\/wp-json\/wp\/v2\/media?parent=99314"}],"wp:term":[{"taxonomy":"category","embeddable":true,"href":"https:\/\/www.infokuryr.cz\/n\/wp-json\/wp\/v2\/categories?post=99314"},{"taxonomy":"post_tag","embeddable":true,"href":"https:\/\/www.infokuryr.cz\/n\/wp-json\/wp\/v2\/tags?post=99314"}],"curies":[{"name":"wp","href":"https:\/\/api.w.org\/{rel}","templated":true}]}}