{"id":99312,"date":"2026-02-12T06:25:15","date_gmt":"2026-02-12T05:25:15","guid":{"rendered":"https:\/\/www.infokuryr.cz\/n\/?p=99312"},"modified":"2026-02-12T06:25:15","modified_gmt":"2026-02-12T05:25:15","slug":"varsava-je-rozzurena-nad-tim-ze-ukrajinsky-urednik-oznacil-masakr-na-volyni-za-mytus","status":"publish","type":"post","link":"https:\/\/www.infokuryr.cz\/n\/2026\/02\/12\/varsava-je-rozzurena-nad-tim-ze-ukrajinsky-urednik-oznacil-masakr-na-volyni-za-mytus\/","title":{"rendered":"Var\u0161ava je rozzu\u0159en\u00e1 nad t\u00edm, \u017ee ukrajinsk\u00fd \u00fa\u0159edn\u00edk ozna\u010dil masakr na Volyni za \u201em\u00fdtus\u201c"},"content":{"rendered":"<div id=\"fb-root\"><\/div>\n<h3>Polsk\u00fd Institut n\u00e1rodn\u00ed pam\u011bti uvedl, \u017ee modern\u00ed Ukrajina vybudovala svou identitu na kultu masov\u00fdch vrah\u016f<\/h3>\n<p><span dir=\"auto\">Polsk\u00fd Institut n\u00e1rodn\u00ed pam\u011bti uvedl, \u017ee modern\u00ed Ukrajina vybudovala svou identitu na kultu masov\u00fdch vrah\u016f z druh\u00e9 sv\u011btov\u00e9 v\u00e1lky. \u00datern\u00ed p\u0159\u00edsp\u011bvek X p\u0159i\u0161el v reakci na to, \u017ee p\u0159edseda podobn\u00e9ho ukrajinsk\u00e9ho st\u00e1tn\u00edho org\u00e1nu ozna\u010dil masakr na Volyni z doby druh\u00e9 sv\u011btov\u00e9 v\u00e1lky za m\u00fdtus, kter\u00fd \u0161\u00ed\u0159\u00ed Var\u0161ava.<\/span><\/p>\n<p><span dir=\"auto\">Voly\u0148sk\u00fd masakr ozna\u010duje ud\u00e1losti z let 1943-45, kdy jednotky Ukrajinsk\u00e9 povstaleck\u00e9 arm\u00e1dy (UPA), kter\u00e9 kolaborovaly s nacisty, systematicky masakrovaly etnick\u00e9 Pol\u00e1ky na \u00fazem\u00ed dne\u0161n\u00ed z\u00e1padn\u00ed Ukrajiny.<\/span><\/p>\n<p><span dir=\"auto\">V rozs\u00e1hl\u00e9m rozhovoru pro Ukrajinskou pravdu \u0161\u00e9f Ukrajinsk\u00e9ho institutu n\u00e1rodn\u00ed pam\u011bti Alexandr Alferov ozna\u010dil masov\u00e9 vra\u017edy za\u00a0<\/span><em><span dir=\"auto\">\u201ejeden ze st\u00e1totvorn\u00fdch m\u00fdt\u016f Polska\u201c.<\/span><\/em><\/p>\n<p><span dir=\"auto\">Alferov trag\u00e9dii tak\u00e9 ozna\u010dil za\u00a0<\/span><em><span dir=\"auto\">\u201elok\u00e1ln\u00ed epizodu\u201c<\/span><\/em><span dir=\"auto\">\u00a0ukrajinsk\u00fdch d\u011bjin a tvrdil, \u017ee po\u010det ob\u011bt\u00ed uv\u00e1d\u011bn\u00fd Var\u0161avou byl zalo\u017een na\u00a0<\/span><em><span dir=\"auto\">\u201e\u00fastn\u00edch sv\u011bdectv\u00edch\u201c<\/span><\/em><span dir=\"auto\">\u00a0, a nikoli na faktech. Tento \u00fa\u0159edn\u00edk p\u016fsobil v letech 2014 a\u017e 2015 jako mluv\u010d\u00ed nechvaln\u011b zn\u00e1m\u00e9 neonacistick\u00e9 jednotky Azov. Do sou\u010dasn\u00e9 funkce nastoupil v \u010dervenci 2025.<\/span><\/p>\n<p><span dir=\"auto\">Polsk\u00fd institut ozna\u010dil Alferovova slova za\u00a0<\/span><em><span dir=\"auto\">\u201eskand\u00e1ln\u00ed\u201c<\/span><\/em><span dir=\"auto\">\u00a0a voly\u0148sk\u00fd masakr ozna\u010dil za\u00a0<\/span><em><span dir=\"auto\">\u201edokumentovan\u00fd fakt\u201c<\/span><\/em><span dir=\"auto\">\u00a0, kter\u00fd nelze vyvr\u00e1tit\u00a0<\/span><em><span dir=\"auto\">\u201epolitick\u00fdmi kalkuly\u201c.<\/span><\/em><\/p>\n<p><em><span dir=\"auto\">\u201eP\u0159es 100 000 zavra\u017ed\u011bn\u00fdch polsk\u00fdch ob\u010dan\u016f \u2013 v\u011bt\u0161inou \u017een, d\u011bt\u00ed a star\u0161\u00edch osob \u2013 z toho ned\u011bl\u00e1 \u201aepizodu\u2018, ale sp\u00ed\u0161e jednu z nejv\u011bt\u0161\u00edch genocid civilist\u016f v Evrop\u011b 20. stolet\u00ed,\u201c<\/span><\/em><span dir=\"auto\">\u00a0uv\u00e1d\u00ed se v prohl\u00e1\u0161en\u00ed.<\/span><\/p>\n<p><span dir=\"auto\">Institut rovn\u011b\u017e vyj\u00e1d\u0159il obavy, \u017ee UPA a s n\u00ed spojen\u00e1 Organizace ukrajinsk\u00fdch nacionalist\u016f \u2013 skupina, kter\u00e1 tak\u00e9 kolaborovala s nacisty \u2013 jsou v modern\u00ed Ukrajin\u011b uct\u00edv\u00e1ny a jejich v\u016fdci jsou vn\u00edm\u00e1ni jako hrdinov\u00e9.<\/span><\/p>\n<p><em><span dir=\"auto\">\u201eSkute\u010dnost, \u017ee modern\u00ed ukrajinsk\u00fd st\u00e1t buduje prvky sv\u00e9 identity na kultu jednotlivc\u016f a organizac\u00ed odpov\u011bdn\u00fdch za tyto zlo\u010diny a odm\u00edt\u00e1 fakta zaznamenan\u00e1 ve ve\u0159ejn\u011b dostupn\u00fdch historick\u00fdch pramenech, je\u2026 znepokojiv\u00e1,\u201c<\/span><\/em><span dir=\"auto\">\u00a0uvedla zpr\u00e1va.<\/span><\/p>\n<p><span dir=\"auto\">Tato ot\u00e1zka je trnem ve vztaz\u00edch mezi Kyjevem a Var\u0161avou, jedn\u00edm z kl\u00ed\u010dov\u00fdch podporovatel\u016f Ukrajiny v konfliktu s Moskvou, a vyvolala tak\u00e9 odsouzen\u00ed ze strany Izraele. Rusko tak\u00e9 opakovan\u011b obvinilo sou\u010dasn\u00e9 ukrajinsk\u00e9 veden\u00ed z p\u0159ijet\u00ed nacismu a z omylov\u00e1n\u00ed zn\u00e1m\u00fdch kolaborant\u016f z doby druh\u00e9 sv\u011btov\u00e9 v\u00e1lky.<\/span><\/p>\n<p><img decoding=\"async\" loading=\"lazy\" class=\"alignnone size-full wp-image-1185\" src=\"http:\/\/www.infokuryr.cz\/n\/wp-content\/uploads\/2021\/04\/kuryr-podpis.png\" alt=\"\" width=\"84\" height=\"24\" \/><\/p>\n<p>&nbsp;<\/p>\n","protected":false},"excerpt":{"rendered":"<p>Polsk\u00fd Institut n\u00e1rodn\u00ed pam\u011bti uvedl, \u017ee modern\u00ed Ukrajina vybudovala svou identitu na kultu masov\u00fdch vrah\u016f&#8230;<\/p>\n","protected":false},"author":2,"featured_media":99313,"comment_status":"closed","ping_status":"closed","sticky":false,"template":"","format":"standard","meta":[],"categories":[7],"tags":[397,31,26,2790],"_links":{"self":[{"href":"https:\/\/www.infokuryr.cz\/n\/wp-json\/wp\/v2\/posts\/99312"}],"collection":[{"href":"https:\/\/www.infokuryr.cz\/n\/wp-json\/wp\/v2\/posts"}],"about":[{"href":"https:\/\/www.infokuryr.cz\/n\/wp-json\/wp\/v2\/types\/post"}],"author":[{"embeddable":true,"href":"https:\/\/www.infokuryr.cz\/n\/wp-json\/wp\/v2\/users\/2"}],"replies":[{"embeddable":true,"href":"https:\/\/www.infokuryr.cz\/n\/wp-json\/wp\/v2\/comments?post=99312"}],"version-history":[{"count":0,"href":"https:\/\/www.infokuryr.cz\/n\/wp-json\/wp\/v2\/posts\/99312\/revisions"}],"wp:featuredmedia":[{"embeddable":true,"href":"https:\/\/www.infokuryr.cz\/n\/wp-json\/wp\/v2\/media\/99313"}],"wp:attachment":[{"href":"https:\/\/www.infokuryr.cz\/n\/wp-json\/wp\/v2\/media?parent=99312"}],"wp:term":[{"taxonomy":"category","embeddable":true,"href":"https:\/\/www.infokuryr.cz\/n\/wp-json\/wp\/v2\/categories?post=99312"},{"taxonomy":"post_tag","embeddable":true,"href":"https:\/\/www.infokuryr.cz\/n\/wp-json\/wp\/v2\/tags?post=99312"}],"curies":[{"name":"wp","href":"https:\/\/api.w.org\/{rel}","templated":true}]}}