{"id":99307,"date":"2026-02-12T06:20:25","date_gmt":"2026-02-12T05:20:25","guid":{"rendered":"https:\/\/www.infokuryr.cz\/n\/?p=99307"},"modified":"2026-02-12T06:20:25","modified_gmt":"2026-02-12T05:20:25","slug":"miroslav-kavij-volebni-kampan-petra-pavla-s-dvouletym-predstihem","status":"publish","type":"post","link":"https:\/\/www.infokuryr.cz\/n\/2026\/02\/12\/miroslav-kavij-volebni-kampan-petra-pavla-s-dvouletym-predstihem\/","title":{"rendered":"Miroslav Kavij: Volebn\u00ed  kampa\u0148  Petra Pavla  s dvoulet\u00fdm  p\u0159edstihem"},"content":{"rendered":"<div id=\"fb-root\"><\/div>\n<p>Medi\u00e1ln\u00ed\u00a0 v\u00fdkon \u00a0prezidentsk\u00e9ho\u00a0 p\u00e1ru \u00a0Evy a Petra \u00a0Pavlov\u00fdch \u00a0na zimn\u00ed olympi\u00e1d\u011b je p\u0159\u00edmo fantastick\u00fd.\u00a0 D\u016fkazem jsou reakce jejich fanou\u0161k\u016f.<\/p>\n<p>\u201eMn\u011b se chce a\u017e bre\u010det, jak vid\u00edm ten V\u00e1\u0161 lidsk\u00fd p\u0159\u00edstup\u201c. \u201eSuper prezident, skv\u011bl\u00e1 prvn\u00ed d\u00e1ma a kr\u00e1sn\u00e9 fotky!\u201c \u201eM\u016f\u017eete \u00a0n\u00e1m sl\u00edbit, \u017ee by prvn\u00ed prezidentkou mohla b\u00fdt i Va\u0161e \u017eena?\u201c<\/p>\n<p><strong>Petr\u00a0 Pavel\u00a0 se \u00a0zkr\u00e1tka dle medi\u00e1ln\u00edch titulk\u016f i vyj\u00e1d\u0159en\u00ed mnoh\u00fdch\u00a0 sportovc\u016f \u00a0stal\u00a0 hlavn\u00ed hv\u011bzdou olympijsk\u00fdch her. Pod\u011bkov\u00e1n\u00ed v\u00a0tomto sm\u011bru pat\u0159\u00ed\u00a0<\/strong>i den\u00edku Sport, kter\u00fd p\u0159isp\u011bchal \u00a0s \u00a0napomenut\u00edm \u00a0\u00a0t\u011bch \u00a0\u010dten\u00e1\u0159\u016f, kte\u0159\u00ed si dovolili napsat kritick\u00e9 \u00a0koment\u00e1\u0159e\u00a0 na adresu agenta P\u00e1vka.<\/p>\n<p>Lep\u0161\u00ed<strong>\u00a0\u00a0za\u010d\u00e1tek \u00a0<\/strong>volebn\u00ed\u00a0 kampan\u011b\u00a0 s\u00a0dvoulet\u00fdm\u00a0 p\u0159edstihem\u00a0 si demokratick\u00fd\u00a0 prezident\u00a0 zkr\u00e1tka nemohl p\u0159\u00e1t.<\/p>\n<p>Co na tom, \u017ee doma pokra\u010duje \u00fastavn\u00ed krize\u00a0 z\u00a0d\u016fvodu\u00a0 poru\u0161ov\u00e1n\u00ed\u00a0 \u00dastavy \u010cR ze strany sou\u010dasn\u00e9ho prezidenta \u00a0a horn\u00edci\u00a0 ve \u00a0Stonav\u011b\u00a0 prezidenta Pavla p\u0159i jeho d\u011bkovn\u00e9m\u00a0 videoprojevu\u00a0 doslova\u00a0 vyp\u00edskali.<\/p>\n<p>V podstat\u011b mal\u00e1 drobnost, kterou hlavn\u00ed media hrav\u011b p\u0159ekryj\u00ed.<\/p>\n<p><a href=\"https:\/\/www.pokec24.cz\/nezarazene\/volebni-kampan-petra-pavla-s-dvouletym-predstihem\/\">Miroslav Kavij<\/a><\/p>\n<p><a href=\"https:\/\/www.facebook.com\/photo.php?fbid=1331757375646870&amp;set=a.612677784221503&amp;type=3&amp;ref=embed_post\"><img decoding=\"async\" loading=\"lazy\" class=\"wp-image-99308 aligncenter\" src=\"http:\/\/www.infokuryr.cz\/n\/wp-content\/uploads\/2026\/02\/olymp-243x300.jpg\" alt=\"\" width=\"419\" height=\"517\" srcset=\"https:\/\/www.infokuryr.cz\/n\/wp-content\/uploads\/2026\/02\/olymp-243x300.jpg 243w, https:\/\/www.infokuryr.cz\/n\/wp-content\/uploads\/2026\/02\/olymp.jpg 504w\" sizes=\"(max-width: 419px) 100vw, 419px\" \/><\/a><\/p>\n","protected":false},"excerpt":{"rendered":"<p>Medi\u00e1ln\u00ed\u00a0 v\u00fdkon \u00a0prezidentsk\u00e9ho\u00a0 p\u00e1ru \u00a0Evy a Petra \u00a0Pavlov\u00fdch \u00a0na zimn\u00ed olympi\u00e1d\u011b je p\u0159\u00edmo fantastick\u00fd.\u00a0 D\u016fkazem&#8230;<\/p>\n","protected":false},"author":2,"featured_media":99309,"comment_status":"closed","ping_status":"closed","sticky":false,"template":"","format":"standard","meta":[],"categories":[6],"tags":[1503,408,1173,4226],"_links":{"self":[{"href":"https:\/\/www.infokuryr.cz\/n\/wp-json\/wp\/v2\/posts\/99307"}],"collection":[{"href":"https:\/\/www.infokuryr.cz\/n\/wp-json\/wp\/v2\/posts"}],"about":[{"href":"https:\/\/www.infokuryr.cz\/n\/wp-json\/wp\/v2\/types\/post"}],"author":[{"embeddable":true,"href":"https:\/\/www.infokuryr.cz\/n\/wp-json\/wp\/v2\/users\/2"}],"replies":[{"embeddable":true,"href":"https:\/\/www.infokuryr.cz\/n\/wp-json\/wp\/v2\/comments?post=99307"}],"version-history":[{"count":0,"href":"https:\/\/www.infokuryr.cz\/n\/wp-json\/wp\/v2\/posts\/99307\/revisions"}],"wp:featuredmedia":[{"embeddable":true,"href":"https:\/\/www.infokuryr.cz\/n\/wp-json\/wp\/v2\/media\/99309"}],"wp:attachment":[{"href":"https:\/\/www.infokuryr.cz\/n\/wp-json\/wp\/v2\/media?parent=99307"}],"wp:term":[{"taxonomy":"category","embeddable":true,"href":"https:\/\/www.infokuryr.cz\/n\/wp-json\/wp\/v2\/categories?post=99307"},{"taxonomy":"post_tag","embeddable":true,"href":"https:\/\/www.infokuryr.cz\/n\/wp-json\/wp\/v2\/tags?post=99307"}],"curies":[{"name":"wp","href":"https:\/\/api.w.org\/{rel}","templated":true}]}}